{"id":13135,"date":"2025-12-01T13:56:52","date_gmt":"2025-12-01T12:56:52","guid":{"rendered":"https:\/\/www.greenpeace.org\/hungary\/?p=13135"},"modified":"2025-12-01T14:07:25","modified_gmt":"2025-12-01T13:07:25","slug":"cop30-a-klimakaosz-ket-hete","status":"publish","type":"post","link":"https:\/\/www.greenpeace.org\/hungary\/blog\/13135\/cop30-a-klimakaosz-ket-hete\/","title":{"rendered":"COP30: a kl\u00edmak\u00e1osz k\u00e9t hete"},"content":{"rendered":"\n<p>V\u00e9get \u00e9rt a 30. ENSZ kl\u00edmakonferencia, ahol az utols\u00f3 pillanatban siker\u00fclt n\u00e9mi el\u0151rel\u00e9p\u00e9st el\u00e9rni az erd\u0151v\u00e9delem ter\u00e9n, elmaradt azonban a fosszilis t\u00fczel\u0151anyagok kivezet\u00e9s\u00e9re vonatkoz\u00f3 \u00e9rdemi meg\u00e1llapod\u00e1s.<\/p>\n\n<p><strong>A v\u00e9geredm\u00e9ny<\/strong><\/p>\n\n<p>Az idei ENSZ kl\u00edmakonferenci\u00e1t els\u0151 alkalommal tartott\u00e1k az Amazonas es\u0151erd\u0151ben, melyre fordul\u00f3pontk\u00e9nt tekintettek: egy olyan akci\u00f3terv megsz\u00fclet\u00e9s\u00e9t rem\u00e9lt\u00e9k, amely 2030-ra meg\u00e1ll\u00edtja az erd\u0151puszt\u00edt\u00e1st, valamint egy glob\u00e1lis cselekv\u00e9si tervet a 1,5 \u00b0C-os c\u00e9l el\u00e9r\u00e9s\u00e9hez.<\/p>\n\n<p>A kl\u00edmat\u00e1rgyal\u00e1sok els\u0151 hete \u00f3vatos optimizmussal indult a fosszilis t\u00fczel\u0151anyagok kivezet\u00e9s\u00e9re \u00e9s az erd\u0151v\u00e9delemre vonatkoz\u00f3 javasolt tervekkel. A k\u00e9thetes kl\u00edmakonferencia fel\u00e9n\u00e9l a civil t\u00e1rsadalom \u2013 az \u0151slakos n\u00e9pekkel \u00e9s sz\u00f6vets\u00e9geseikkel egy\u00fctt \u2013 Bel\u00e9m utc\u00e1ira vonult, hogy v\u00e1ltoz\u00e1st k\u00f6veteljen, \u00e9s felsz\u00f3l\u00edtsa korm\u00e1nyaikat a nagyobb kl\u00edmaamb\u00edci\u00f3ra a t\u00e1rgyal\u00e1sok utols\u00f3 het\u00e9ben.<\/p>\n\n<figure class=\"wp-block-image size-large  caption-alignment-left\"><img loading=\"lazy\" decoding=\"async\" width=\"1024\" height=\"683\" src=\"https:\/\/www.greenpeace.org\/static\/planet4-hungary-stateless\/2025\/12\/cc1be699-gp0su7gbw-sm-1024x683.jpg\" title=\"A demonstr\u00e1ci\u00f3t a Brazil \u0150slakos N\u00e9pek Mozgalma (Apib) szervezte. A \u201eMi vagyunk a v\u00e1lasz\u201d \u00fczenetet hordozva a rendezv\u00e9ny a \u201eCOP30 \u0150slakos N\u00e9pek Napja\u201d keret\u00e9ben a kl\u00edm\u00e1r\u00f3l sz\u00f3l\u00f3 p\u00e1rbesz\u00e9det, valamint az \u0151slakos jogok \u00e9s ter\u00fcletek v\u00e9delm\u00e9t hangs\u00falyozta.\" alt=\"A demonstr\u00e1ci\u00f3t a Brazil \u0150slakos N\u00e9pek Mozgalma (Apib) szervezte. A \u201eMi vagyunk a v\u00e1lasz\u201d \u00fczenetet hordozva a rendezv\u00e9ny a \u201eCOP30 \u0150slakos N\u00e9pek Napja\u201d keret\u00e9ben a kl\u00edm\u00e1r\u00f3l sz\u00f3l\u00f3 p\u00e1rbesz\u00e9det, valamint az \u0151slakos jogok \u00e9s ter\u00fcletek v\u00e9delm\u00e9t hangs\u00falyozta.\" class=\"wp-image-13134\" srcset=\"https:\/\/www.greenpeace.org\/static\/planet4-hungary-stateless\/2025\/12\/cc1be699-gp0su7gbw-sm-1024x683.jpg 1024w, https:\/\/www.greenpeace.org\/static\/planet4-hungary-stateless\/2025\/12\/cc1be699-gp0su7gbw-sm-300x200.jpg 300w, https:\/\/www.greenpeace.org\/static\/planet4-hungary-stateless\/2025\/12\/cc1be699-gp0su7gbw-sm-768x512.jpg 768w, https:\/\/www.greenpeace.org\/static\/planet4-hungary-stateless\/2025\/12\/cc1be699-gp0su7gbw-sm-1536x1024.jpg 1536w, https:\/\/www.greenpeace.org\/static\/planet4-hungary-stateless\/2025\/12\/cc1be699-gp0su7gbw-sm-510x340.jpg 510w, https:\/\/www.greenpeace.org\/static\/planet4-hungary-stateless\/2025\/12\/cc1be699-gp0su7gbw-sm.jpg 1600w\" sizes=\"auto, (max-width: 1024px) 100vw, 1024px\" \/><figcaption class=\"wp-element-caption\">A demonstr\u00e1ci\u00f3t a Brazil \u0150slakos N\u00e9pek Mozgalma (Apib) szervezte. A \u201eMi vagyunk a v\u00e1lasz\u201d \u00fczenetet hordozva a rendezv\u00e9ny a \u201eCOP30 \u0150slakos N\u00e9pek Napja\u201d keret\u00e9ben a kl\u00edm\u00e1r\u00f3l sz\u00f3l\u00f3 p\u00e1rbesz\u00e9det, valamint az \u0151slakos jogok \u00e9s ter\u00fcletek v\u00e9delm\u00e9t hangs\u00falyozta. <div class=\"credit icon-left\"> \u00a9 Filipe Bispo \/ Greenpeace<\/div><\/figcaption><\/figure>\n\n<p>A konferencia m\u00e1sodik het\u00e9ben azonban elmaradtak a b\u00e1tor d\u00f6nt\u00e9sek. Annak ellen\u00e9re, hogy Kolumbia \u00e9s m\u00e1s latin-amerikai orsz\u00e1gok kifog\u00e1st emeltek a z\u00e1r\u00f3plen\u00e1rison a mitig\u00e1ci\u00f3 ter\u00e9n tapasztalt halad\u00e1s hi\u00e1nya miatt, a v\u00e9gs\u0151 meg\u00e1llapod\u00e1s nem hozott \u00e9rdemi eredm\u00e9nyt. A kl\u00edmafinansz\u00edroz\u00e1sban alig t\u00f6rt\u00e9nt el\u0151rel\u00e9p\u00e9s, \u00e9s a fejlett orsz\u00e1gok sem v\u00e1llaltak \u00faj, hossz\u00fa t\u00e1v\u00fa finansz\u00edroz\u00e1si k\u00f6telezetts\u00e9geket.<\/p>\n\n<figure class=\"wp-block-image size-large  caption-alignment-left\"><img loading=\"lazy\" decoding=\"async\" width=\"1024\" height=\"732\" src=\"https:\/\/www.greenpeace.org\/static\/planet4-hungary-stateless\/2025\/12\/1c749c63-gp0su7ibe-sm-1024x732.jpg\" title=\"A Greenpeace m\u00e1s civil szervezetekkel \u00e9s sz\u00f6vets\u00e9gesekkel k\u00f6z\u00f6sen csendes transzparens-leenged\u00e9ssel h\u00edvta fel a figyelmet a helyzet s\u00falyoss\u00e1g\u00e1ra a K\u00e9k Z\u00f3n\u00e1ban: \u201e1,5 vesz\u00e9lyben, ideje cselekedni!&quot;\" alt=\"A Greenpeace m\u00e1s civil szervezetekkel \u00e9s sz\u00f6vets\u00e9gesekkel k\u00f6z\u00f6sen csendes transzparens-leenged\u00e9ssel h\u00edvta fel a figyelmet a helyzet s\u00falyoss\u00e1g\u00e1ra a K\u00e9k Z\u00f3n\u00e1ban: \u201e1,5 vesz\u00e9lyben, ideje cselekedni!&quot;\" class=\"wp-image-13133\" srcset=\"https:\/\/www.greenpeace.org\/static\/planet4-hungary-stateless\/2025\/12\/1c749c63-gp0su7ibe-sm-1024x732.jpg 1024w, https:\/\/www.greenpeace.org\/static\/planet4-hungary-stateless\/2025\/12\/1c749c63-gp0su7ibe-sm-300x214.jpg 300w, https:\/\/www.greenpeace.org\/static\/planet4-hungary-stateless\/2025\/12\/1c749c63-gp0su7ibe-sm-768x549.jpg 768w, https:\/\/www.greenpeace.org\/static\/planet4-hungary-stateless\/2025\/12\/1c749c63-gp0su7ibe-sm-1536x1097.jpg 1536w, https:\/\/www.greenpeace.org\/static\/planet4-hungary-stateless\/2025\/12\/1c749c63-gp0su7ibe-sm-476x340.jpg 476w, https:\/\/www.greenpeace.org\/static\/planet4-hungary-stateless\/2025\/12\/1c749c63-gp0su7ibe-sm.jpg 1600w\" sizes=\"auto, (max-width: 1024px) 100vw, 1024px\" \/><figcaption class=\"wp-element-caption\">A Greenpeace m\u00e1s civil szervezetekkel \u00e9s sz\u00f6vets\u00e9gesekkel k\u00f6z\u00f6sen csendes transzparens-leenged\u00e9ssel h\u00edvta fel a figyelmet a helyzet s\u00falyoss\u00e1g\u00e1ra a K\u00e9k Z\u00f3n\u00e1ban: \u201e1,5 vesz\u00e9lyben, ideje cselekedni!&#8221;<div class=\"credit icon-left\"> \u00a9 Marie Jacquemin \/ Greenpeace<\/div><\/figcaption><\/figure>\n\n<p>A COP30 rem\u00e9nyekkel \u00e9s \u00edg\u00e9retekkel indult, v\u00e9g\u00fcl azonban cselekv\u00e9si tervek n\u00e9lk\u00fcl z\u00e1rult.\u00a0 Nem sz\u00fcletett konkr\u00e9t \u00fatiterv sem az erd\u0151puszt\u00edt\u00e1s befejez\u00e9s\u00e9re, sem a fosszilis energiahordoz\u00f3k kivon\u00e1s\u00e1ra. A geopolitikai megosztotts\u00e1g \u00e9s a milli\u00e1rdosok, kl\u00edmaszennyez\u0151k, term\u00e9szetpuszt\u00edt\u00f3k \u00e9rdekei ism\u00e9t hangosabbnak bizonyultak, mint a Bel\u00e9m utc\u00e1in cselekv\u00e9st k\u00f6vetel\u0151k ezrei.<\/p>\n\n<figure class=\"wp-block-image size-large  caption-alignment-left\"><img loading=\"lazy\" decoding=\"async\" width=\"1024\" height=\"683\" src=\"https:\/\/www.greenpeace.org\/static\/planet4-hungary-stateless\/2025\/12\/10e8bdf4-gp0su7j91-sm-1024x683.jpg\" alt=\"\" class=\"wp-image-13131\" srcset=\"https:\/\/www.greenpeace.org\/static\/planet4-hungary-stateless\/2025\/12\/10e8bdf4-gp0su7j91-sm-1024x683.jpg 1024w, https:\/\/www.greenpeace.org\/static\/planet4-hungary-stateless\/2025\/12\/10e8bdf4-gp0su7j91-sm-300x200.jpg 300w, https:\/\/www.greenpeace.org\/static\/planet4-hungary-stateless\/2025\/12\/10e8bdf4-gp0su7j91-sm-768x512.jpg 768w, https:\/\/www.greenpeace.org\/static\/planet4-hungary-stateless\/2025\/12\/10e8bdf4-gp0su7j91-sm-1536x1024.jpg 1536w, https:\/\/www.greenpeace.org\/static\/planet4-hungary-stateless\/2025\/12\/10e8bdf4-gp0su7j91-sm-510x340.jpg 510w, https:\/\/www.greenpeace.org\/static\/planet4-hungary-stateless\/2025\/12\/10e8bdf4-gp0su7j91-sm.jpg 1600w\" sizes=\"auto, (max-width: 1024px) 100vw, 1024px\" \/><figcaption class=\"wp-element-caption\">A COP30 v\u00e9g\u00e9n a Greenpeace az esem\u00e9ny helysz\u00edne el\u00e9 vonult, Ellen\u00e1llni \u2013 Felemelkedni \u2013 Meg\u00fajulni felirat\u00fa molin\u00f3val.<div class=\"credit icon-left\"> \u00a9 Marie Jacquemin \/ Greenpeace<\/div><\/figcaption><\/figure>\n\n<p><strong>A COP30 jelent\u0151s\u00e9ge<\/strong><\/p>\n\n<p>A COP30 magasra tette a m\u00e9rc\u00e9t, hogy azt\u00e1n csal\u00f3d\u00e1ssal \u00e9rjen v\u00e9get, a kl\u00edmat\u00e1rgyal\u00e1sok nem hozt\u00e1k meg a fosszilis t\u00fczel\u0151anyagok \u00e9s a glob\u00e1lis erd\u0151irt\u00e1s felsz\u00e1mol\u00e1s\u00e1nak \u00fctemterv\u00e9t. A \u201eCOP a falakon k\u00edv\u00fcl\u201d m\u00e9gis t\u00f6rt\u00e9nelmet \u00edrt, az\u00e1ltal, hogy minden eddigin\u00e9l nagyobb \u0151slakos r\u00e9szv\u00e9tel \u00e9s er\u0151teljes civil tiltakoz\u00e1sok k\u00eds\u00e9rt\u00e9k a kl\u00edmakonfereci\u00e1t.<\/p>\n\n<p>A N\u00e9pi Cs\u00facstal\u00e1lkoz\u00f3, amelyet a Par\u00e1 Sz\u00f6vets\u00e9gi Egyetemen (UFPA) tartottak, emberek ezreit \u00e9s t\u00e1rsadalmi mozgalmak k\u00e9pvisel\u0151it hozta \u00f6ssze. Egy h\u00e9ten kereszt\u00fcl panelesem\u00e9nyeket \u00e9s besz\u00e9lget\u00e9seket rendeztek a kl\u00edmav\u00e1ls\u00e1gr\u00f3l, kiemelve annak fontoss\u00e1g\u00e1t, hogy p\u00e9nz\u00fcgyi t\u00e1mogat\u00e1st kapjanak azok a k\u00f6z\u00f6ss\u00e9gek \u00e9s projektek, amelyek meg\u0151rzik az erd\u0151t, valamint hogy az egyenl\u0151tlens\u00e9g felsz\u00e1mol\u00e1sa kulcs az \u00e9ghajlati v\u00e1ls\u00e1g k\u00f6vetkezm\u00e9nyeinek enyh\u00edt\u00e9s\u00e9hez.<\/p>\n\n<figure class=\"wp-block-image size-large  caption-alignment-left\"><img loading=\"lazy\" decoding=\"async\" width=\"1024\" height=\"683\" src=\"https:\/\/www.greenpeace.org\/static\/planet4-hungary-stateless\/2025\/12\/6f92065c-gp0su7j3o-sm-1024x683.jpg\" title=\"Az ikonikus Greenpeace-haj\u00f3, a Rainbow Warrior III is csatlakozott ehhez a mozgalmi hull\u00e1mhoz. A haj\u00f3 a COP30 k\u00e9t hete alatt a tal\u00e1lkoz\u00f3 k\u00f6zel\u00e9ben horgonyzott. A haj\u00f3 rendezv\u00e9nyeknek \u00e9s tal\u00e1lkoz\u00f3knak adott otthont \u0151slakos vezet\u0151kkel, ifj\u00fas\u00e1gi mozgalmakkal \u00e9s kl\u00edmaaktivist\u00e1kkal; a bel\u00e9mi lakosok sz\u00e1m\u00e1ra pedig megnyitotta kapuit, hogy t\u00f6bbet tudjanak meg a Greenpeace aktivizmus\u00e1r\u00f3l \u00e9s a \u201eRespect the Amazon\u201d (Tiszteld az Amaz\u00f3ni\u00e1t) glob\u00e1lis kamp\u00e1nyr\u00f3l, amely m\u00e1r t\u00f6bb mint f\u00e9lmilli\u00f3 embert mozgatott meg a vil\u00e1gon. A COP30 m\u00e1sodik het\u00e9ben a brazil korm\u00e1ny el\u0151rel\u00e9p\u00e9st jelentett be 20 \u0151slakos ter\u00fclet demark\u00e1ci\u00f3s folyamat\u00e1ban: n\u00e9gyet ratifik\u00e1ltak, t\u00edzet deklar\u00e1ltak \u00e9s hatnak kijel\u00f6lt\u00e9k a hat\u00e1rait, amelyek \u00f6sszess\u00e9g\u00e9ben t\u00f6bb milli\u00f3 hekt\u00e1r v\u00e9delm\u00e9t jelentik. Ez az \u0151slakos n\u00e9pek \u00e9vek \u00f3ta tart\u00f3 mobiliz\u00e1ci\u00f3j\u00e1nak gy\u0151zelme, \u00e9s visszaigazolja az \u0151slakosok COP30-as felvonul\u00e1s\u00e1nak \u00fczenet\u00e9t: \u201eMi vagyunk a v\u00e1lasz \u2013 a ter\u00fcletek demark\u00e1ci\u00f3ja v\u00e9di az erd\u0151ket \u00e9s szembesz\u00e1ll a kl\u00edmav\u00e1ls\u00e1ggal.\u201d\" alt=\"Az ikonikus Greenpeace-haj\u00f3, a Rainbow Warrior III is csatlakozott ehhez a mozgalmi hull\u00e1mhoz. A haj\u00f3 a COP30 k\u00e9t hete alatt a tal\u00e1lkoz\u00f3 k\u00f6zel\u00e9ben horgonyzott. A haj\u00f3 rendezv\u00e9nyeknek \u00e9s tal\u00e1lkoz\u00f3knak adott otthont \u0151slakos vezet\u0151kkel, ifj\u00fas\u00e1gi mozgalmakkal \u00e9s kl\u00edmaaktivist\u00e1kkal; a bel\u00e9mi lakosok sz\u00e1m\u00e1ra pedig megnyitotta kapuit, hogy t\u00f6bbet tudjanak meg a Greenpeace aktivizmus\u00e1r\u00f3l \u00e9s a \u201eRespect the Amazon\u201d (Tiszteld az Amaz\u00f3ni\u00e1t) glob\u00e1lis kamp\u00e1nyr\u00f3l, amely m\u00e1r t\u00f6bb mint f\u00e9lmilli\u00f3 embert mozgatott meg a vil\u00e1gon. A COP30 m\u00e1sodik het\u00e9ben a brazil korm\u00e1ny el\u0151rel\u00e9p\u00e9st jelentett be 20 \u0151slakos ter\u00fclet demark\u00e1ci\u00f3s folyamat\u00e1ban: n\u00e9gyet ratifik\u00e1ltak, t\u00edzet deklar\u00e1ltak \u00e9s hatnak kijel\u00f6lt\u00e9k a hat\u00e1rait, amelyek \u00f6sszess\u00e9g\u00e9ben t\u00f6bb milli\u00f3 hekt\u00e1r v\u00e9delm\u00e9t jelentik. Ez az \u0151slakos n\u00e9pek \u00e9vek \u00f3ta tart\u00f3 mobiliz\u00e1ci\u00f3j\u00e1nak gy\u0151zelme, \u00e9s visszaigazolja az \u0151slakosok COP30-as felvonul\u00e1s\u00e1nak \u00fczenet\u00e9t: \u201eMi vagyunk a v\u00e1lasz \u2013 a ter\u00fcletek demark\u00e1ci\u00f3ja v\u00e9di az erd\u0151ket \u00e9s szembesz\u00e1ll a kl\u00edmav\u00e1ls\u00e1ggal.\u201d\" class=\"wp-image-13132\" srcset=\"https:\/\/www.greenpeace.org\/static\/planet4-hungary-stateless\/2025\/12\/6f92065c-gp0su7j3o-sm-1024x683.jpg 1024w, https:\/\/www.greenpeace.org\/static\/planet4-hungary-stateless\/2025\/12\/6f92065c-gp0su7j3o-sm-300x200.jpg 300w, https:\/\/www.greenpeace.org\/static\/planet4-hungary-stateless\/2025\/12\/6f92065c-gp0su7j3o-sm-768x512.jpg 768w, https:\/\/www.greenpeace.org\/static\/planet4-hungary-stateless\/2025\/12\/6f92065c-gp0su7j3o-sm-1536x1024.jpg 1536w, https:\/\/www.greenpeace.org\/static\/planet4-hungary-stateless\/2025\/12\/6f92065c-gp0su7j3o-sm-510x340.jpg 510w, https:\/\/www.greenpeace.org\/static\/planet4-hungary-stateless\/2025\/12\/6f92065c-gp0su7j3o-sm.jpg 1600w\" sizes=\"auto, (max-width: 1024px) 100vw, 1024px\" \/><figcaption class=\"wp-element-caption\">Az ikonikus Greenpeace-haj\u00f3, a Rainbow Warrior III is csatlakozott ehhez a mozgalmi hull\u00e1mhoz. A haj\u00f3 a COP30 k\u00e9t hete alatt a tal\u00e1lkoz\u00f3 k\u00f6zel\u00e9ben horgonyzott. A haj\u00f3 rendezv\u00e9nyeknek \u00e9s tal\u00e1lkoz\u00f3knak adott otthont \u0151slakos vezet\u0151kkel, ifj\u00fas\u00e1gi mozgalmakkal \u00e9s kl\u00edmaaktivist\u00e1kkal; a bel\u00e9mi lakosok sz\u00e1m\u00e1ra pedig megnyitotta kapuit, hogy t\u00f6bbet tudjanak meg a Greenpeace aktivizmus\u00e1r\u00f3l \u00e9s a \u201eRespect the Amazon\u201d (Tiszteld az Amaz\u00f3ni\u00e1t) glob\u00e1lis kamp\u00e1nyr\u00f3l, amely m\u00e1r t\u00f6bb mint f\u00e9lmilli\u00f3 embert mozgatott meg a vil\u00e1gon.\nA COP30 m\u00e1sodik het\u00e9ben a brazil korm\u00e1ny el\u0151rel\u00e9p\u00e9st jelentett be 20 \u0151slakos ter\u00fclet demark\u00e1ci\u00f3s folyamat\u00e1ban: n\u00e9gyet ratifik\u00e1ltak, t\u00edzet deklar\u00e1ltak \u00e9s hatnak kijel\u00f6lt\u00e9k a hat\u00e1rait, amelyek \u00f6sszess\u00e9g\u00e9ben t\u00f6bb milli\u00f3 hekt\u00e1r v\u00e9delm\u00e9t jelentik. Ez az \u0151slakos n\u00e9pek \u00e9vek \u00f3ta tart\u00f3 mobiliz\u00e1ci\u00f3j\u00e1nak gy\u0151zelme, \u00e9s visszaigazolja az \u0151slakosok COP30-as felvonul\u00e1s\u00e1nak \u00fczenet\u00e9t: \u201eMi vagyunk a v\u00e1lasz \u2013 a ter\u00fcletek demark\u00e1ci\u00f3ja v\u00e9di az erd\u0151ket \u00e9s szembesz\u00e1ll a kl\u00edmav\u00e1ls\u00e1ggal.\u201d<\/figcaption><figcaption><div class=\"credit icon-left\"> \u00a9 Tuane Fernandes \/ Greenpeace<\/div><\/figcaption><\/figure>\n\n<p><strong>Mi j\u00f6n ezut\u00e1n kl\u00edma\u00fcgyben?<\/strong><\/p>\n\n<p>Hossz\u00fa huzavona ut\u00e1n eld\u0151lt, hogy a j\u00f6v\u0151 \u00e9vi COP31-et T\u00f6r\u00f6korsz\u00e1gban, Antalya tengerparti v\u00e1ros\u00e1ban tartj\u00e1k, Ausztr\u00e1li\u00e1val k\u00f6z\u00f6s eln\u00f6ks\u00e9gben.<\/p>\n\n<p>Az emberek \u00e9s a bolyg\u00f3 v\u00e9delm\u00e9\u00e9rt k\u00f6vetelt cselekv\u00e9s pedig tov\u00e1bb fog folytat\u00f3dni mindaddig, am\u00edg a kl\u00edmaigazs\u00e1goss\u00e1g meg nem val\u00f3sul.<\/p>\n","protected":false},"excerpt":{"rendered":"<p>V\u00e9get \u00e9rt a 30. ENSZ kl\u00edmakonferencia, ahol az utols\u00f3 pillanatban siker\u00fclt n\u00e9mi el\u0151rel\u00e9p\u00e9st el\u00e9rni az erd\u0151v\u00e9delem ter\u00e9n, elmaradt azonban a fosszilis t\u00fczel\u0151anyagok kivezet\u00e9s\u00e9re vonatkoz\u00f3 \u00e9rdemi meg\u00e1llapod\u00e1s.<\/p>\n","protected":false},"author":25,"featured_media":13134,"comment_status":"closed","ping_status":"closed","sticky":false,"template":"","format":"standard","meta":{"ep_exclude_from_search":false,"p4_og_title":"","p4_og_description":"","p4_og_image":"","p4_og_image_id":"","p4_seo_canonical_url":"","p4_campaign_name":"","p4_local_project":"","p4_basket_name":"","p4_department":"","footnotes":""},"categories":[4,3],"tags":[6],"p4-page-type":[40],"class_list":["post-13135","post","type-post","status-publish","format-standard","has-post-thumbnail","hentry","category-ember-tarsadalom","category-termeszet-kornyezet","tag-klimavedelem","p4-page-type-blog"],"_links":{"self":[{"href":"https:\/\/www.greenpeace.org\/hungary\/wp-json\/wp\/v2\/posts\/13135","targetHints":{"allow":["GET"]}}],"collection":[{"href":"https:\/\/www.greenpeace.org\/hungary\/wp-json\/wp\/v2\/posts"}],"about":[{"href":"https:\/\/www.greenpeace.org\/hungary\/wp-json\/wp\/v2\/types\/post"}],"author":[{"embeddable":true,"href":"https:\/\/www.greenpeace.org\/hungary\/wp-json\/wp\/v2\/users\/25"}],"replies":[{"embeddable":true,"href":"https:\/\/www.greenpeace.org\/hungary\/wp-json\/wp\/v2\/comments?post=13135"}],"version-history":[{"count":5,"href":"https:\/\/www.greenpeace.org\/hungary\/wp-json\/wp\/v2\/posts\/13135\/revisions"}],"predecessor-version":[{"id":13141,"href":"https:\/\/www.greenpeace.org\/hungary\/wp-json\/wp\/v2\/posts\/13135\/revisions\/13141"}],"wp:featuredmedia":[{"embeddable":true,"href":"https:\/\/www.greenpeace.org\/hungary\/wp-json\/wp\/v2\/media\/13134"}],"wp:attachment":[{"href":"https:\/\/www.greenpeace.org\/hungary\/wp-json\/wp\/v2\/media?parent=13135"}],"wp:term":[{"taxonomy":"category","embeddable":true,"href":"https:\/\/www.greenpeace.org\/hungary\/wp-json\/wp\/v2\/categories?post=13135"},{"taxonomy":"post_tag","embeddable":true,"href":"https:\/\/www.greenpeace.org\/hungary\/wp-json\/wp\/v2\/tags?post=13135"},{"taxonomy":"p4-page-type","embeddable":true,"href":"https:\/\/www.greenpeace.org\/hungary\/wp-json\/wp\/v2\/p4-page-type?post=13135"}],"curies":[{"name":"wp","href":"https:\/\/api.w.org\/{rel}","templated":true}]}}