{"id":13419,"date":"2026-02-27T12:23:41","date_gmt":"2026-02-27T11:23:41","guid":{"rendered":"https:\/\/www.greenpeace.org\/hungary\/?p=13419"},"modified":"2026-02-27T16:22:38","modified_gmt":"2026-02-27T15:22:38","slug":"erdovedelem-magyarorszagon-ures-cimke-a-vedettseg","status":"publish","type":"post","link":"https:\/\/www.greenpeace.org\/hungary\/blog\/13419\/erdovedelem-magyarorszagon-ures-cimke-a-vedettseg\/","title":{"rendered":"Erd\u0151v\u00e9delem Magyarorsz\u00e1gon: \u00fcres c\u00edmke a v\u00e9detts\u00e9g?"},"content":{"rendered":"\n<p>S\u00falyos rendszerszint\u0171 probl\u00e9m\u00e1k vannak haz\u00e1nkban az erd\u0151k kezel\u00e9s\u00e9vel kapcsolatban a term\u00e9szetv\u00e9delmi ter\u00fcleteken. A <a href=\"https:\/\/forestdefenders.org\/logging-in-natura-2000-protected-areas\/\" target=\"_blank\" rel=\"noreferrer noopener nofollow\">m\u0171holdas adatok<\/a> azt mutatj\u00e1k, hogy Magyarorsz\u00e1gon n\u00f6vekszik a fakitermel\u00e9s azokban az erd\u0151kben, amelyeket elvileg az Eur\u00f3pai Uni\u00f3 legfontosabb term\u00e9szetv\u00e9delmi h\u00e1l\u00f3zata \u2013 a <a href=\"https:\/\/natura2000.eea.europa.eu\/\" target=\"_blank\" rel=\"noreferrer noopener nofollow\">Natura 2000 ter\u00fcletek <\/a>\u2013\u00a0 kellene, hogy oltalmazzon a j\u00f6v\u0151 gener\u00e1ci\u00f3i sz\u00e1m\u00e1ra. A probl\u00e9m\u00e1kra m\u00e1r a nagy k\u00f6z\u00f6ns\u00e9g is felfigyelt \u00e9s fokoz\u00f3dik a vita a k\u00fcl\u00f6nb\u00f6z\u0151 m\u00e9dia fel\u00fcleteken arr\u00f3l hogyan is kellene az erdei \u00e9l\u0151helyek meg\u0151rz\u00e9s\u00e9r\u0151l gondoskodni. \u00dagy gondoljuk, hogy fontos n\u00e9h\u00e1ny ponton bemutatni a Greenpeace \u00e1ll\u00e1spontj\u00e1t a jelenlegi hazai helyzettel kapcsolatban.<br><\/p>\n\n<figure class=\"wp-block-image size-large  caption-alignment-right\"><img loading=\"lazy\" decoding=\"async\" width=\"1024\" height=\"683\" src=\"https:\/\/www.greenpeace.org\/static\/planet4-hungary-stateless\/2026\/02\/1a06832e-mg_6926-1600x1067-1-1024x683.jpg\" title=\"Erd\u0151v\u00e9delem Magyarorsz\u00e1gon: \u00fcres c\u00edmke a v\u00e9detts\u00e9g?\" alt=\"Erd\u0151v\u00e9delem Magyarorsz\u00e1gon: \u00fcres c\u00edmke a v\u00e9detts\u00e9g?\" class=\"wp-image-13420\" srcset=\"https:\/\/www.greenpeace.org\/static\/planet4-hungary-stateless\/2026\/02\/1a06832e-mg_6926-1600x1067-1-1024x683.jpg 1024w, https:\/\/www.greenpeace.org\/static\/planet4-hungary-stateless\/2026\/02\/1a06832e-mg_6926-1600x1067-1-300x200.jpg 300w, https:\/\/www.greenpeace.org\/static\/planet4-hungary-stateless\/2026\/02\/1a06832e-mg_6926-1600x1067-1-768x512.jpg 768w, https:\/\/www.greenpeace.org\/static\/planet4-hungary-stateless\/2026\/02\/1a06832e-mg_6926-1600x1067-1-1536x1024.jpg 1536w, https:\/\/www.greenpeace.org\/static\/planet4-hungary-stateless\/2026\/02\/1a06832e-mg_6926-1600x1067-1-510x340.jpg 510w, https:\/\/www.greenpeace.org\/static\/planet4-hungary-stateless\/2026\/02\/1a06832e-mg_6926-1600x1067-1.jpg 1600w\" sizes=\"auto, (max-width: 1024px) 100vw, 1024px\" \/><figcaption><div class=\"credit icon-left\"> \u00a9 Greenpeace \/ D\u00f6rg\u0151 Zsuzsi<\/div><\/figcaption><\/figure>\n\n<ol class=\"wp-block-list\">\n<li><strong>Nincs l\u00e9nyegi k\u00fcl\u00f6nbs\u00e9g a v\u00e9dett \u00e9s a nem v\u00e9dett \u00e1llami erd\u0151k kezel\u00e9s\u00e9ben.<\/strong><\/li>\n<\/ol>\n\n<p>Magyarorsz\u00e1g erd\u0151ter\u00fclet\u00e9nek k\u00f6r\u00fclbel\u00fcl 20%-a \u00e1ll term\u00e9szetv\u00e9delmi oltalom alatt, de m\u00e9g v\u00e9dett ter\u00fcleteken, nemzeti parkokban, s\u0151t, fokozottan v\u00e9dett ter\u00fcleten is zajlik gazdas\u00e1gi c\u00e9l\u00fa fakitermel\u00e9s \u2013 m\u00e9g ott is, ahov\u00e1 egy turista be sem l\u00e9phet, hogy ne zavarja az \u00e9l\u0151vil\u00e1got. Ez a fakitermel\u00e9si gyakorlat b\u00e1r jelenleg leg\u00e1lis, de \u00f6kol\u00f3giai szempontb\u00f3l helytelen. Teh\u00e1t&nbsp; a szab\u00e1lyok rosszak.<\/p>\n\n<p>Persze vannak bizonyos korl\u00e1toz\u00e1sok v\u00e9dett erd\u0151kben a fakitermel\u00e9sre vonatkoz\u00f3an, de az alapm\u0171k\u00f6d\u00e9s azonos: gazdas\u00e1gi okok miatt termelnek le erd\u0151r\u00e9szeket, kiterjedt v\u00e1g\u00e1ster\u00fcletek, f\u00e1tlann\u00e1 v\u00e1l\u00f3, de erd\u0151k\u00e9nt nyilv\u00e1ntartott ter\u00fcletek alakulnak ki, a kitermelt faanyagot pedig eladj\u00e1k. A term\u00e9szetv\u00e9delmi c\u00e9llal ez nincs \u00f6sszhangban: folyamatos erd\u0151bor\u00edt\u00e1sra, a soksz\u00edn\u0171 (v\u00e1ltozatos szerkezet\u0171 \u00e9s faj\u00f6sszet\u00e9tel\u0171) erd\u0151k meg\u0151rz\u00e9se, gy\u00f3gyul\u00e1suk seg\u00edt\u00e9se, term\u00e9szetess\u00e9g\u00fck n\u00f6vel\u00e9se kellene, hogy el\u0151t\u00e9rben legyen.<\/p>\n\n<ol start=\"2\" class=\"wp-block-list\">\n<li><strong>A kiv\u00e1gott magyar erd\u0151k hely\u00e9n \u00fajra erd\u0151 lesz \u2013 de csak \u00e9vtizedek, vagy ak\u00e1r sz\u00e1z \u00e9v m\u00falva.<\/strong><\/li>\n<\/ol>\n\n<p>Gyakran hangzik el az az \u00e9rv a hazai erd\u0151gazd\u00e1lkod\u00e1st \u00e9r\u0151 kritik\u00e1kra v\u00e1laszul, hogy Magyarorsz\u00e1gon nincs erd\u0151irt\u00e1s, s\u0151t az erd\u0151ter\u00fclet statisztikailag haz\u00e1nkban n\u00f6vekszik. A kiv\u00e1gott erd\u0151k hely\u00e9n \u00fajra erd\u0151 lesz (nem sz\u00e1nt\u00f3f\u00f6ld p\u00e9ld\u00e1ul, mint az amazonasi es\u0151erd\u0151k irt\u00e1sakor). Ez igaz, de ett\u0151l m\u00e9g \u00e9vtizedekre, s\u0151t, ak\u00e1r \u00e9vsz\u00e1zados t\u00e1vlatban is megsz\u0171nik az erdei \u00e9l\u0151hely sz\u00e1mos \u00e9l\u0151l\u00e9ny sz\u00e1m\u00e1ra.<\/p>\n\n<ol start=\"3\" class=\"wp-block-list\">\n<li><strong>N\u0151tt ugyan az erd\u0151ter\u00fclet Magyarorsz\u00e1gon, a n\u00f6vekm\u00e9ny d\u00f6nt\u0151 r\u00e9sze azonban nem val\u00f3di erd\u0151, hanem puszta fa\u00e1llom\u00e1ny.<\/strong><\/li>\n<\/ol>\n\n<p>Az egyik legbesz\u00e9desebb adat az, hogy a mai hazai erd\u0151ter\u00fclet <a href=\"https:\/\/foldalap.am.gov.hu\/Magyarorszag_erdeivel_kapcsolatos_adatok_news_513\" target=\"_blank\" rel=\"noreferrer noopener nofollow\">k\u00f6r\u00fclbel\u00fcl negyed\u00e9t<\/a> egy Amerik\u00e1b\u00f3l sz\u00e1rmaz\u00f3, idegenhonos (s\u0151t, inv\u00e1zi\u00f3s) faj \u00fcltetv\u00e9nyei teszik: ak\u00e1cosokr\u00f3l van sz\u00f3. Az ak\u00e1cos \u00e9s az \u00fcltetv\u00e9nyek \u00e1ltal\u00e1ban a faanyagtermel\u00e9s szempontj\u00e1b\u00f3l el\u0151ny\u00f6sek, \u00e9s terhet vesznek le term\u00e9szetv\u00e9delmi szempontb\u00f3l \u00e9rt\u00e9kesebb erdeinkr\u0151l, de nem val\u00f3di erd\u0151k. Ezek val\u00f3j\u00e1ban f\u00e1ssz\u00e1r\u00fa n\u00f6v\u00e9nyek \u00fcltetv\u00e9nyei.<\/p>\n\n<p>Az erd\u0151ter\u00fclet n\u00f6veked\u00e9se teh\u00e1t nem jelenti azt, hogy az erdei \u00e9l\u0151helyek ter\u00fclete n\u00f6vekszik. A statisztik\u00e1ban erd\u0151ter\u00fcletk\u00e9nt nyilv\u00e1ntartott ter\u00fcletek egy r\u00e9sz\u00e9n \u00e9pp nincs erd\u0151, vagy nagyon fiatal, vagy idegenhonos fajok \u00e1llnak. Mindezek mellett pedig az is kulcsk\u00e9rd\u00e9s, hogy a m\u00e9g megl\u00e9v\u0151 id\u0151s, v\u00e1ltozatos, k\u00fcl\u00f6n\u00f6sen \u00e9rt\u00e9kes erdeinket megv\u00e9dj\u00fck \u2013 \u0151ket nem p\u00f3tolhatja az \u00faj f\u00e1k \u00fcltet\u00e9se, az erd\u0151telep\u00edt\u00e9s.<\/p>\n\n<ol start=\"4\" class=\"wp-block-list\">\n<li><strong>Nem minden tarv\u00e1g\u00e1s, ami annak l\u00e1tszik \u2013 de ez majdnem mindegy.<\/strong><\/li>\n<\/ol>\n\n<p>A tarv\u00e1g\u00e1st \u00e9s a v\u00e9gv\u00e1g\u00e1st (amely a fokozatos fel\u00faj\u00edt\u00f3v\u00e1g\u00e1s elnevez\u00e9s\u0171 m\u00f3dszer utols\u00f3 l\u00e9p\u00e9se) megk\u00fcl\u00f6nb\u00f6zteti az erd\u00e9szeti szaknyelv. Ez\u00e9rt halljuk annyit, hogy v\u00e9dett erd\u0151kben\/hegyvid\u00e9ki erdeinkben nincs tarv\u00e1g\u00e1s.<\/p>\n\n<p>A kir\u00e1ndul\u00f3, a k\u00e9k galamb vagy a foltos szalamandra viszont nem l\u00e1t \u00e9rdemi k\u00fcl\u00f6nbs\u00e9get: az erd\u0151r\u00e9sz, az \u00e9l\u0151hely az erd\u0151gazd\u00e1lkod\u00e1s ut\u00e1n volt, nincs. Ak\u00e1rminek nevezz\u00fck is a m\u00f3dszert, az eredm\u00e9ny az, hogy kiterjedt v\u00e1g\u00e1ster\u00fclet j\u00f6n l\u00e9tre: nagy, gyakorlatilag f\u00e1tlan lyukak keletkeznek erd\u0151s t\u00e1jainkban.&nbsp;<\/p>\n\n<ol start=\"5\" class=\"wp-block-list\">\n<li><strong>L\u00e9teznek alternat\u00edv\u00e1k az erd\u0151kezel\u00e9sben, de egyel\u0151re t\u00fal ritk\u00e1k.<\/strong><\/li>\n<\/ol>\n\n<p>Az \u00fagynevezett <a href=\"https:\/\/prosilva.hu\" target=\"_blank\" rel=\"noreferrer noopener nofollow\">\u00f6r\u00f6kerd\u0151 \u00fczemm\u00f3dot<\/a> a hazai erd\u0151ter\u00fclet kevesebb, mint 2%-\u00e1ban gyakorolj\u00e1k, ami rendk\u00edv\u00fcl alacsony sz\u00e1m. Ez az erd\u0151gazd\u00e1lkod\u00e1si gyakorlat folyamatos erd\u0151bor\u00edt\u00e1st biztos\u00edt, a term\u00e9szetes erdei folyamatok ut\u00e1nz\u00e1s\u00e1n alapul, \u00e9s a tar- \u00e9s v\u00e9gv\u00e1g\u00e1sokkal j\u00e1r\u00f3 klasszikus v\u00e1g\u00e1sos gazd\u00e1lkod\u00e1sn\u00e1l term\u00e9szetk\u00edm\u00e9l\u0151bb m\u00f3dszer a fakitermel\u00e9sre. Gazdas\u00e1gi c\u00e9l\u00fa erdeink sz\u00e9lesebb k\u00f6r\u00e9ben kellene alkalmazni, \u00e9s meghat\u00e1roz\u00f3 szerepe lehetne a t\u00e1rsadalom faanyagig\u00e9ny\u00e9nek biztos\u00edt\u00e1s\u00e1ban.<\/p>\n\n<p>Az \u00f6kol\u00f3giai szempontokat legink\u00e1bb a term\u00e9szetv\u00e9delmi c\u00e9l\u00fa erd\u0151kezel\u00e9s szolg\u00e1lja \u2013 an\u00e9lk\u00fcl, hogy a faanyag kitermel\u00e9s\u00e9t, elad\u00e1sa c\u00e9l lenne. Mivel haz\u00e1nk erdeinek \u00f6kol\u00f3giai \u00e1llapota sok helyen kedvez\u0151tlen, akt\u00edv helyre\u00e1ll\u00edt\u00e1ssal, c\u00e9lzott beavatkoz\u00e1sokkal \u00e9rdemes seg\u00edteni az erd\u0151k term\u00e9szetk\u00f6zelibb\u00e9 alakul\u00e1s\u00e1t. Ilyen \u00fczemm\u00f3d jelenleg nem is l\u00e9tezik Magyarorsz\u00e1gon. (A pontoss\u00e1g kedv\u00e9\u00e9rt: l\u00e9tezik faanyagtermel\u00e9st nem szolg\u00e1l\u00f3 \u00fczemm\u00f3d, de ennek nem r\u00e9sze az akt\u00edv helyre\u00e1ll\u00edt\u00e1s).<\/p>\n\n<ol start=\"6\" class=\"wp-block-list\">\n<li><strong>A v\u00e9dett erd\u0151kb\u0151l sz\u00e1rmaz\u00f3 faanyag nagy r\u00e9sz\u00e9t feleslegesen \u00e9getik el.<\/strong><\/li>\n<\/ol>\n\n<p>Egy r\u00e9sze biomassza er\u0151m\u0171vekben \u00e9g el nagyon rossz hat\u00e1sfokkal; egy m\u00e1s r\u00e9sze az utc\u00e1t f\u0171ti az el\u00e9gtelen \u00e9p\u00fcletszigetel\u00e9sek miatt, \u00e9s csak kisebb r\u00e9sze az, ami val\u00f3ban embereket, otthonokat meleg\u00edt. A korm\u00e1ny az \u00e9p\u00fcletszigetel\u00e9sek sz\u00e9lesk\u00f6r\u0171, hat\u00e1sos t\u00e1mogat\u00e1s\u00e1val, valamint a biomassza er\u0151m\u0171vek szigor\u00fa szab\u00e1lyoz\u00e1s\u00e1val \u00e9s k\u00f6lts\u00e9gvet\u00e9si t\u00e1mogat\u00e1suk le\u00e1ll\u00edt\u00e1s\u00e1val rengeteg f\u00e1t \u00e9s erd\u0151t menthetne meg a felesleges kiv\u00e1g\u00e1st\u00f3l.<\/p>\n\n<p>Nem vitatjuk, hogy a gazdas\u00e1gnak faanyagra sz\u00fcks\u00e9ge van, de a jelenlegi 60% feletti t\u0171zifa kitermel\u00e9s a rossz gazd\u00e1lkod\u00e1sra utal. Az viszont nem mindegy, hogy mennyi f\u00e1t, erd\u0151t, hol \u00e9s hogyan v\u00e1gnak ki. A nagy \u00e9rt\u00e9k\u0171 faanyag haszn\u00e1latra kell koncentr\u00e1lni.<\/p>\n\n<ol start=\"7\" class=\"wp-block-list\">\n<li><strong>A v\u00e9dett erd\u0151kben a term\u00e9szet v\u00e9delm\u00e9nek kell el\u0151t\u00e9rbe ker\u00fclnie.<\/strong><\/li>\n<\/ol>\n\n<p>A v\u00e9dett ter\u00fcleteknek mened\u00e9ket kellene jelenteni az \u00e9l\u0151vil\u00e1g sz\u00e1m\u00e1ra egy olyan vil\u00e1gban, ahol t\u00e1jaink nagy r\u00e9sz\u00e9t az emberi tev\u00e9kenys\u00e9g uralja. <a href=\"https:\/\/sites.greenpeace.hu\/peticio\/vedjuk-meg-a-vedett-erdeinket\/\" target=\"_blank\" rel=\"noreferrer noopener nofollow\">Olyan helyeknek kellene lenni\u00fck<\/a>, ahol az \u00e9l\u0151vil\u00e1g \u00e9rdekei, a term\u00e9szetv\u00e9delem szempontjai \u00e9rv\u00e9nyes\u00fclnek. Jelenleg fokozottan v\u00e9dett erdeink kevesebb mint 4%-\u00e1t foglalj\u00e1k el erdeinknek, ezen jelent\u0151sen n\u00f6velni kellene. Erre a korm\u00e1ny \u00edg\u00e9retet is tett a 2030-ig tart\u00f3 id\u0151szakra, az EU Biodiverzit\u00e1s Strat\u00e9gia elfogad\u00e1s\u00e1val.<\/p>\n\n<p>\u00d6kol\u00f3giailag leg\u00e9rt\u00e9kesebb erdeink ter\u00fcleteinek a nemzeti park igazgat\u00f3s\u00e1gok kezel\u00e9s\u00e9be kellene ker\u00fclnie, a sz\u00fcks\u00e9ges szakemberg\u00e1rd\u00e1val \u00e9s forr\u00e1sokkal egy\u00fctt.<\/p>\n\n<ol start=\"8\" class=\"wp-block-list\">\n<li><strong>Az erd\u0151 t\u00f6bb, mint faanyag. Az \u00e1llami erd\u0151k k\u00f6zkincsek.<\/strong><\/li>\n<\/ol>\n\n<p>Az erd\u0151 nemcsak faanyag, hanem \u00e9l\u0151hely is \u2013 emellett f\u00e9kezi a kl\u00edmav\u00e1ls\u00e1got, m\u00e9rs\u00e9kli az \u00e1rvizeket \u00e9s a talajer\u00f3zi\u00f3t. Mindezek mellett pedig kikapcsol\u00f3d\u00e1st, megnyugv\u00e1st, eg\u00e9szs\u00e9get is jelent. Az \u00e1llami tulajdon\u00fa erd\u0151k r\u00e1ad\u00e1sul k\u00f6zkincsek: mindannyiunk erdei. \u00c9s persze legf\u0151k\u00e9pp az erdei \u00e9l\u0151vil\u00e1g\u00e9.<\/p>\n\t\t\t<section\n\t\t\tclass=\"boxout  \"\n\t\t\t\n\t\t>\n\t\t\t<a\n\t\t\t\tdata-ga-category=\"Take Action Boxout\"\n\t\t\t\tdata-ga-action=\"Image\"\n\t\t\t\tdata-ga-label=\"n\/a\"\n\t\t\t\tclass=\"cover-card-overlay\"\n\t\t\t\thref=\"https:\/\/sites.greenpeace.hu\/peticio\/vedjuk-meg-a-vedett-erdeinket\/\" \n\t\t\t><\/a>\n\t\t\t\t\t\t\t<img\n\t\t\t\t\t\tsrc=\"https:\/\/www.greenpeace.org\/static\/planet4-hungary-stateless\/2026\/02\/1a06832e-mg_6926-1600x1067-1-1024x683.jpg\"\n\t\t\t\t\t\tsrcset=\"https:\/\/www.greenpeace.org\/static\/planet4-hungary-stateless\/2026\/02\/1a06832e-mg_6926-1600x1067-1-300x200.jpg 300w, https:\/\/www.greenpeace.org\/static\/planet4-hungary-stateless\/2026\/02\/1a06832e-mg_6926-1600x1067-1-1024x683.jpg 1024w, https:\/\/www.greenpeace.org\/static\/planet4-hungary-stateless\/2026\/02\/1a06832e-mg_6926-1600x1067-1-768x512.jpg 768w, https:\/\/www.greenpeace.org\/static\/planet4-hungary-stateless\/2026\/02\/1a06832e-mg_6926-1600x1067-1-1536x1024.jpg 1536w, https:\/\/www.greenpeace.org\/static\/planet4-hungary-stateless\/2026\/02\/1a06832e-mg_6926-1600x1067-1-510x340.jpg 510w, https:\/\/www.greenpeace.org\/static\/planet4-hungary-stateless\/2026\/02\/1a06832e-mg_6926-1600x1067-1.jpg 1600w\"\n\t\t\t\t\t\tsizes=\"(min-width: 1000px) 358px, (min-width: 780px) 313px, 88px\"\n\t\t\t\t\t\talt=\"Erd\u0151v\u00e9delem Magyarorsz\u00e1gon: \u00fcres c\u00edmke a v\u00e9detts\u00e9g?\" title=\"Erd\u0151v\u00e9delem Magyarorsz\u00e1gon: \u00fcres c\u00edmke a v\u00e9detts\u00e9g?\"\n\t\t\t\t\/>\n            \t\t\t<div class=\"boxout-content\">\n\t\t\t\t\t\t\t\t\t<a\n\t\t\t\t\t\tclass=\"boxout-heading medium\"\n\t\t\t\t\t\tdata-ga-category=\"Take Action Boxout\"\n\t\t\t\t\t\tdata-ga-action=\"Title\"\n\t\t\t\t\t\tdata-ga-label=\"n\/a\"\n\t\t\t\t\t\thref=\"https:\/\/sites.greenpeace.hu\/peticio\/vedjuk-meg-a-vedett-erdeinket\/\"\n\t\t\t\t\t\t\n\t\t\t\t\t>\n\t\t\t\t\t\tV\u00e9dj\u00fck meg a v\u00e9dett erd\u0151ket\n\t\t\t\t\t<\/a>\n\t\t\t\t\t\t\t\t\t\t\t\t\t<p class=\"boxout-excerpt\">\u00cdrd al\u00e1 a pet\u00edci\u00f3t!<\/p>\n\t\t\t\t                                    <a\n                        class=\"btn btn-primary\"\n                        data-ga-category=\"Take Action Boxout\"\n                        data-ga-action=\"Call to Action\"\n                        data-ga-label=\"n\/a\"\n                        href=\"https:\/\/sites.greenpeace.hu\/peticio\/vedjuk-meg-a-vedett-erdeinket\/\"\n                        \n                    >\n                        Al\u00e1\u00edrom\n                    <\/a>\n                \t\t\t<\/div>\n\t\t\t\t\t<\/section>\n\t","protected":false},"excerpt":{"rendered":"<p>S\u00falyos rendszerszint\u0171 probl\u00e9m\u00e1k vannak haz\u00e1nkba az erd\u0151k kezel\u00e9s\u00e9vel kapcsolatban a term\u00e9szetv\u00e9delmi ter\u00fcleteken. A m\u0171holdas adatok azt mutatj\u00e1k, hogy Magyarorsz\u00e1gon n\u00f6vekszik a fakitermel\u00e9s azokban az erd\u0151kben, amelyeket elvileg az Eur\u00f3pai Uni\u00f3&hellip;<\/p>\n","protected":false},"author":25,"featured_media":13420,"comment_status":"closed","ping_status":"closed","sticky":false,"template":"","format":"standard","meta":{"ep_exclude_from_search":false,"p4_og_title":"","p4_og_description":"","p4_og_image":"","p4_og_image_id":"","p4_seo_canonical_url":"","p4_campaign_name":"","p4_local_project":"","p4_basket_name":"","p4_department":"","footnotes":""},"categories":[3],"tags":[20,29],"p4-page-type":[40],"class_list":["post-13419","post","type-post","status-publish","format-standard","has-post-thumbnail","hentry","category-termeszet-kornyezet","tag-elovilag","tag-erdo","p4-page-type-blog"],"_links":{"self":[{"href":"https:\/\/www.greenpeace.org\/hungary\/wp-json\/wp\/v2\/posts\/13419","targetHints":{"allow":["GET"]}}],"collection":[{"href":"https:\/\/www.greenpeace.org\/hungary\/wp-json\/wp\/v2\/posts"}],"about":[{"href":"https:\/\/www.greenpeace.org\/hungary\/wp-json\/wp\/v2\/types\/post"}],"author":[{"embeddable":true,"href":"https:\/\/www.greenpeace.org\/hungary\/wp-json\/wp\/v2\/users\/25"}],"replies":[{"embeddable":true,"href":"https:\/\/www.greenpeace.org\/hungary\/wp-json\/wp\/v2\/comments?post=13419"}],"version-history":[{"count":2,"href":"https:\/\/www.greenpeace.org\/hungary\/wp-json\/wp\/v2\/posts\/13419\/revisions"}],"predecessor-version":[{"id":13422,"href":"https:\/\/www.greenpeace.org\/hungary\/wp-json\/wp\/v2\/posts\/13419\/revisions\/13422"}],"wp:featuredmedia":[{"embeddable":true,"href":"https:\/\/www.greenpeace.org\/hungary\/wp-json\/wp\/v2\/media\/13420"}],"wp:attachment":[{"href":"https:\/\/www.greenpeace.org\/hungary\/wp-json\/wp\/v2\/media?parent=13419"}],"wp:term":[{"taxonomy":"category","embeddable":true,"href":"https:\/\/www.greenpeace.org\/hungary\/wp-json\/wp\/v2\/categories?post=13419"},{"taxonomy":"post_tag","embeddable":true,"href":"https:\/\/www.greenpeace.org\/hungary\/wp-json\/wp\/v2\/tags?post=13419"},{"taxonomy":"p4-page-type","embeddable":true,"href":"https:\/\/www.greenpeace.org\/hungary\/wp-json\/wp\/v2\/p4-page-type?post=13419"}],"curies":[{"name":"wp","href":"https:\/\/api.w.org\/{rel}","templated":true}]}}