{"id":13622,"date":"2026-04-28T10:48:38","date_gmt":"2026-04-28T08:48:38","guid":{"rendered":"https:\/\/www.greenpeace.org\/hungary\/?p=13622"},"modified":"2026-04-28T11:42:13","modified_gmt":"2026-04-28T09:42:13","slug":"a-melytenger-kulonleges-vilaga-evmilliokon-at-fennmaradt-de-lehet-hogy-trumpot-nem-eli-tul","status":"publish","type":"post","link":"https:\/\/www.greenpeace.org\/hungary\/blog\/13622\/a-melytenger-kulonleges-vilaga-evmilliokon-at-fennmaradt-de-lehet-hogy-trumpot-nem-eli-tul\/","title":{"rendered":"A m\u00e9lytenger k\u00fcl\u00f6nleges vil\u00e1ga \u00e9vmilli\u00f3kon \u00e1t fennmaradt \u2013 de lehet, hogy Trumpot nem \u00e9li t\u00fal"},"content":{"rendered":"\n<p>Janu\u00e1r 17-\u00e9n j\u00f3 h\u00edr \u00e9rkezett a vil\u00e1g \u00f3ce\u00e1njai sz\u00e1m\u00e1ra: t\u00f6bb mint hatvan orsz\u00e1g ratifik\u00e1lta az ENSZ \u00d3ce\u00e1nv\u00e9delmi Egyezm\u00e9ny\u00e9t, amely v\u00e9gre hat\u00e1lyba is l\u00e9pett. A t\u00f6rt\u00e9nelemben el\u0151sz\u00f6r a korm\u00e1nyok tengeri v\u00e9dett ter\u00fcleteket hozhatnak l\u00e9tre a nemzetk\u00f6zi vizeken \u2013 olyan helyeket, amelyeket teljes m\u00e9rt\u00e9kben le kell z\u00e1rni a m\u00e9lytengeri b\u00e1ny\u00e1szat, a t\u00falhal\u00e1sz\u00e1s \u00e9s m\u00e1s puszt\u00edt\u00f3 ipari tev\u00e9kenys\u00e9gek el\u0151l.<\/p>\n\n<p>A rossz h\u00edr viszont az, hogy nem mindenki akar v\u00e9delmet. Az Egyes\u00fclt \u00c1llamokban a Donald Trump vezette korm\u00e1nyzat le\u00e9p\u00edti a tengeri v\u00e9delmi int\u00e9zked\u00e9seket, mik\u00f6zben a vil\u00e1g sz\u00e1mos pontj\u00e1n nagy b\u00e1nyav\u00e1llalatok k\u00e9rnek enged\u00e9lyeket arra, hogy \u00e1sv\u00e1nykincsek rem\u00e9ny\u00e9ben felt\u00e9pj\u00e9k a tengerfeneket. Abban b\u00edznak, hogy a \u201elel\u0151helyekre\u201d m\u00e9g azel\u0151tt oda\u00e9rnek, hogy b\u00e1rki meg tudn\u00e1 \u00e1ll\u00edtani \u0151ket.<\/p>\n\n<p>Az \u00f3ce\u00e1nfen\u00e9k ad otthont a F\u00f6ld leg\u0151sibb \u00e9letform\u00e1inak. Olyan \u00f6kosziszt\u00e9m\u00e1k l\u00e9teznek ott, amelyek \u00e9vmilli\u00f3k alatt alakultak ki, \u00e9s amelyek fajait az emberis\u00e9g csak most kezdi meg\u00e9rteni. Vannak Dumb\u00f3-polipok, amelyek 4000 m\u00e9teres m\u00e9lys\u00e9gben \u00fasznak a s\u00f6t\u00e9ts\u00e9gben, \u00e9s szivacsok, amelyek hozz\u00e1j\u00e1rultak a r\u00e1kellenes gy\u00f3gyszerek, valamint a herpesz \u00e9s a HIV elleni els\u0151 v\u00edrusellenes szerek kifejleszt\u00e9s\u00e9hez. Olyan fajok is l\u00e9teznek, amelyeknek m\u00e9g nevet sem volt id\u0151nk adni.<\/p>\n\n<figure class=\"wp-block-image size-large  caption-alignment-right\"><img loading=\"lazy\" decoding=\"async\" width=\"1024\" height=\"705\" src=\"https:\/\/www.greenpeace.org\/static\/planet4-hungary-stateless\/2026\/04\/73dd4ea0-gp0su3sim-1600x1101-1-1024x705.jpg\" title=\"Egy azonos\u00edtatlan halfaj k\u00e9pvisel\u0151je sz\u00ednes h\u00e1t\u00fasz\u00f3it villogtatva, feketevizes mer\u00fcl\u00e9s sor\u00e1n Hawaii sziget\u00e9n, Kona partjain\u00e1l.\" alt=\"Blenny, azonos\u00edtatlan faj, l\u00e1rva, sz\u00ednes h\u00e1t\u00fasz\u00f3it villogtatva, a Kona-parti feketev\u00edz-mer\u00fcl\u00e9s sor\u00e1n f\u00e9nyk\u00e9pezve, Hawaii-sziget, USA, Csendes-\u00f3ce\u00e1n.\" class=\"wp-image-13623\" srcset=\"https:\/\/www.greenpeace.org\/static\/planet4-hungary-stateless\/2026\/04\/73dd4ea0-gp0su3sim-1600x1101-1-1024x705.jpg 1024w, https:\/\/www.greenpeace.org\/static\/planet4-hungary-stateless\/2026\/04\/73dd4ea0-gp0su3sim-1600x1101-1-300x206.jpg 300w, https:\/\/www.greenpeace.org\/static\/planet4-hungary-stateless\/2026\/04\/73dd4ea0-gp0su3sim-1600x1101-1-768x528.jpg 768w, https:\/\/www.greenpeace.org\/static\/planet4-hungary-stateless\/2026\/04\/73dd4ea0-gp0su3sim-1600x1101-1-1536x1057.jpg 1536w, https:\/\/www.greenpeace.org\/static\/planet4-hungary-stateless\/2026\/04\/73dd4ea0-gp0su3sim-1600x1101-1-494x340.jpg 494w, https:\/\/www.greenpeace.org\/static\/planet4-hungary-stateless\/2026\/04\/73dd4ea0-gp0su3sim-1600x1101-1.jpg 1600w\" sizes=\"auto, (max-width: 1024px) 100vw, 1024px\" \/><figcaption><div class=\"credit icon-left\"> \u00a9 Blue Planet Archive \/ Steven Kovacs<\/div><\/figcaption><\/figure>\n\n<p>A m\u00e9lytengeri b\u00e1ny\u00e1szat visszaford\u00edthatatlan k\u00e1rokat okoz. A m\u00e9lytengeri b\u00e1ny\u00e1szatot folytat\u00f3 v\u00e1llalatok tudj\u00e1k ezt. Abban b\u00edznak, hogy a legt\u00f6bb ember nem. Ez\u00e9rt gondoskodunk r\u00f3la, hogy az emberek vil\u00e1gszerte megismerj\u00e9k a m\u00e9lytenger \u00e9l\u0151vil\u00e1g\u00e1t \u00e9s a b\u00e1ny\u00e1szat \u00e1ltal jelentett vesz\u00e9lyeket.&nbsp;<\/p>\n\n<p>M\u00e1jusban a Greenpeace haj\u00f3ja az \u00e9szaki-sarki vizek fel\u00e9 veszi az ir\u00e1nyt egy kutat\u00f3exped\u00edci\u00f3ra. Tud\u00f3saink \u00e9s v\u00edz alatti robotjaink lef\u00e9nyk\u00e9pezik \u00e9s dokument\u00e1lj\u00e1k a tengerfen\u00e9k \u00e9l\u0151vil\u00e1g\u00e1t.&nbsp;<\/p>\n\n<p>Az \u00c9szaki-sarkvid\u00e9k a vil\u00e1g egyik legkev\u00e9sb\u00e9 v\u00e9dett tengeri t\u00e9rs\u00e9ge, mik\u00f6zben az \u00e9ghajlatv\u00e1ltoz\u00e1s a leger\u0151teljesebben ezt a ter\u00fcletet s\u00fajtja. Az emberis\u00e9g t\u00f6bbet tud a Hold felsz\u00edn\u00e9r\u0151l, mint az \u00c9szaki-sark tengerfenek\u00e9r\u0151l. Az \u00c9szaki-sarki-\u00f3ce\u00e1n m\u00e9ly\u00e9n fedezt\u00e9k fel p\u00e9ld\u00e1ul a tud\u00f3sok nemr\u00e9g azt, amir\u0151l \u00fagy v\u00e9lik, hogy <a href=\"https:\/\/www.mareano.no\/en\/news\/news-2025\/the-neverending-bamboo-coral-story\" target=\"_blank\" rel=\"noreferrer noopener\">a vil\u00e1g els\u0151 bambusz koralz\u00e1tonya<\/a>.<\/p>\n\n<p>Fontos, hogy meg\u00e1ll\u00edtsuk a m\u00e9lytengeri b\u00e1ny\u00e1szatot, hogy a v\u00e1llalatok \u00e9s a m\u00e9lytengeri b\u00e1ny\u00e1szatot t\u00e1mogat\u00f3 korm\u00e1nyok ne pusz\u00edthass\u00e1k el azt, amit m\u00e9g igaz\u00e1n felfedezni sem volt lehet\u0151s\u00e9g\u00fcnk. \u00cdrd al\u00e1 a nemzetk\u00f6zi pet\u00edci\u00f3t a m\u00e9lytengeri b\u00e1ny\u00e1szat ellen.<\/p>\n\n<p>Fontos, hogy meg\u00e1ll\u00edtsuk a m\u00e9lytengeri b\u00e1ny\u00e1szatot, hogy a v\u00e1llalatok \u00e9s a m\u00e9lytengeri b\u00e1ny\u00e1szatot t\u00e1mogat\u00f3 korm\u00e1nyok ne pusz\u00edthass\u00e1k el azt, amit m\u00e9g igaz\u00e1n felfedezni sem volt lehet\u0151s\u00e9g\u00fcnk. <\/p>\n\t\t\t<section\n\t\t\tclass=\"boxout  \"\n\t\t\t\n\t\t>\n\t\t\t<a\n\t\t\t\tdata-ga-category=\"Take Action Boxout\"\n\t\t\t\tdata-ga-action=\"Image\"\n\t\t\t\tdata-ga-label=\"n\/a\"\n\t\t\t\tclass=\"cover-card-overlay\"\n\t\t\t\thref=\"https:\/\/sites.greenpeace.hu\/peticio\/ne-engedjuk-hogy-elkezdodjon-a-melytengeri-banyaszat\/\" \n\t\t\t><\/a>\n\t\t\t\t\t\t\t<img\n\t\t\t\t\t\tsrc=\"https:\/\/www.greenpeace.org\/static\/planet4-hungary-stateless\/2025\/11\/502e8b73-gp0styi00-sm-1024x684.jpg\"\n\t\t\t\t\t\tsrcset=\"https:\/\/www.greenpeace.org\/static\/planet4-hungary-stateless\/2025\/11\/502e8b73-gp0styi00-sm-300x200.jpg 300w, https:\/\/www.greenpeace.org\/static\/planet4-hungary-stateless\/2025\/11\/502e8b73-gp0styi00-sm-1024x684.jpg 1024w, https:\/\/www.greenpeace.org\/static\/planet4-hungary-stateless\/2025\/11\/502e8b73-gp0styi00-sm-768x513.jpg 768w, https:\/\/www.greenpeace.org\/static\/planet4-hungary-stateless\/2025\/11\/502e8b73-gp0styi00-sm-1536x1025.jpg 1536w, https:\/\/www.greenpeace.org\/static\/planet4-hungary-stateless\/2025\/11\/502e8b73-gp0styi00-sm-510x340.jpg 510w, https:\/\/www.greenpeace.org\/static\/planet4-hungary-stateless\/2025\/11\/502e8b73-gp0styi00-sm.jpg 1600w\"\n\t\t\t\t\t\tsizes=\"(min-width: 1000px) 358px, (min-width: 780px) 313px, 88px\"\n\t\t\t\t\t\talt=\"A Greenpeace International aktivist\u00e1i vil\u00e1gszerte eveztek \u00e9s tiltakoztak az MV COCO k\u00f6r\u00fcl, egy speci\u00e1lis tengeri f\u00far\u00f3haj\u00f3 k\u00f6r\u00fcl, amely jelenleg adatokat gy\u0171jt a m\u00e9lytengeri b\u00e1ny\u00e1szat \u00e9llovasa, a The Metals Company sz\u00e1m\u00e1ra, utols\u00f3 exped\u00edci\u00f3j\u00e1n, miel\u0151tt a vil\u00e1g els\u0151 tengeri f\u00far\u00e1si enged\u00e9lyk\u00e9relm\u00e9t beny\u00fajtan\u00e1 a Csendes-\u00f3ce\u00e1nban.\" title=\"A Greenpeace International aktivist\u00e1i vil\u00e1gszerte eveztek \u00e9s tiltakoztak az MV COCO k\u00f6r\u00fcl, egy speci\u00e1lis tengeri f\u00far\u00f3haj\u00f3 k\u00f6r\u00fcl, amely jelenleg adatokat gy\u0171jt a m\u00e9lytengeri b\u00e1ny\u00e1szat \u00e9llovasa, a The Metals Company sz\u00e1m\u00e1ra, utols\u00f3 exped\u00edci\u00f3j\u00e1n, miel\u0151tt a vil\u00e1g els\u0151 tengeri f\u00far\u00e1si enged\u00e9lyk\u00e9relm\u00e9t beny\u00fajtan\u00e1 a Csendes-\u00f3ce\u00e1nban.\"\n\t\t\t\t\/>\n            \t\t\t<div class=\"boxout-content\">\n\t\t\t\t\t\t\t\t\t<a\n\t\t\t\t\t\tclass=\"boxout-heading medium\"\n\t\t\t\t\t\tdata-ga-category=\"Take Action Boxout\"\n\t\t\t\t\t\tdata-ga-action=\"Title\"\n\t\t\t\t\t\tdata-ga-label=\"n\/a\"\n\t\t\t\t\t\thref=\"https:\/\/sites.greenpeace.hu\/peticio\/ne-engedjuk-hogy-elkezdodjon-a-melytengeri-banyaszat\/\"\n\t\t\t\t\t\t\n\t\t\t\t\t>\n\t\t\t\t\t\t\u00cdrd al\u00e1 a nemzetk\u00f6zi pet\u00edci\u00f3t a m\u00e9lytengeri b\u00e1ny\u00e1szat ellen.\u00a0\n\t\t\t\t\t<\/a>\n\t\t\t\t\t\t\t\t                                    <a\n                        class=\"btn btn-primary\"\n                        data-ga-category=\"Take Action Boxout\"\n                        data-ga-action=\"Call to Action\"\n                        data-ga-label=\"n\/a\"\n                        href=\"https:\/\/sites.greenpeace.hu\/peticio\/ne-engedjuk-hogy-elkezdodjon-a-melytengeri-banyaszat\/\"\n                        \n                    >\n                        Al\u00e1\u00edrom\n                    <\/a>\n                \t\t\t<\/div>\n\t\t\t\t\t<\/section>\n\t\n<hr class=\"wp-block-separator has-text-color has-green-500-color has-alpha-channel-opacity has-green-500-background-color has-background\"\/>\n\n<p>V\u00e9dd Te is vel\u00fcnk a tengeri \u00f6kosziszt\u00e9m\u00e1kat! Fogadj szimbolikusan \u00f6r\u00f6kbe egy tengeri \u00e9l\u0151l\u00e9nyt \u00e9s t\u00e9gy ezzel Te is az \u00f3ce\u00e1nok v\u00e9delm\u00e9\u00e9rt.<\/p>\n\t\t\t<section\n\t\t\tclass=\"boxout  \"\n\t\t\t\n\t\t>\n\t\t\t<a\n\t\t\t\tdata-ga-category=\"Take Action Boxout\"\n\t\t\t\tdata-ga-action=\"Image\"\n\t\t\t\tdata-ga-label=\"n\/a\"\n\t\t\t\tclass=\"cover-card-overlay\"\n\t\t\t\thref=\"https:\/\/sites.greenpeace.hu\/asa\/\" \n\t\t\t><\/a>\n\t\t\t\t\t\t\t<img\n\t\t\t\t\t\tsrc=\"https:\/\/www.greenpeace.org\/static\/planet4-hungary-stateless\/2026\/04\/2fa39a1c-oktavia-az-oceanok-vedelmere-szolit-fel-varsoban.jpg\"\n\t\t\t\t\t\tsrcset=\"https:\/\/www.greenpeace.org\/static\/planet4-hungary-stateless\/2026\/04\/2fa39a1c-oktavia-az-oceanok-vedelmere-szolit-fel-varsoban-300x200.jpg 300w, https:\/\/www.greenpeace.org\/static\/planet4-hungary-stateless\/2026\/04\/2fa39a1c-oktavia-az-oceanok-vedelmere-szolit-fel-varsoban-768x512.jpg 768w, https:\/\/www.greenpeace.org\/static\/planet4-hungary-stateless\/2026\/04\/2fa39a1c-oktavia-az-oceanok-vedelmere-szolit-fel-varsoban-510x340.jpg 510w, https:\/\/www.greenpeace.org\/static\/planet4-hungary-stateless\/2026\/04\/2fa39a1c-oktavia-az-oceanok-vedelmere-szolit-fel-varsoban.jpg 1024w\"\n\t\t\t\t\t\tsizes=\"(min-width: 1000px) 358px, (min-width: 780px) 313px, 88px\"\n\t\t\t\t\t\talt=\"Okt\u00e1via az \u00f3ce\u00e1nok v\u00e9delm\u00e9re sz\u00f3l\u00edt fel Vars\u00f3ban\" title=\"Okt\u00e1via az \u00f3ce\u00e1nok v\u00e9delm\u00e9re sz\u00f3l\u00edt fel Vars\u00f3ban\"\n\t\t\t\t\/>\n            \t\t\t<div class=\"boxout-content\">\n\t\t\t\t\t\t\t\t\t<a\n\t\t\t\t\t\tclass=\"boxout-heading medium\"\n\t\t\t\t\t\tdata-ga-category=\"Take Action Boxout\"\n\t\t\t\t\t\tdata-ga-action=\"Title\"\n\t\t\t\t\t\tdata-ga-label=\"n\/a\"\n\t\t\t\t\t\thref=\"https:\/\/sites.greenpeace.hu\/asa\/\"\n\t\t\t\t\t\t\n\t\t\t\t\t>\n\t\t\t\t\t\tT\u00e1mogat\u00e1sodat oklev\u00e9llel \n\t\t\t\t\t<\/a>\n\t\t\t\t\t\t\t\t\t\t\t\t\t<p class=\"boxout-excerpt\">\u00e9s k\u00fcl\u00f6nleges k\u00f6rnyezetbar\u00e1t, visszaszedhet\u0151 dekormatric\u00e1val h\u00e1l\u00e1ljuk meg.<\/p>\n\t\t\t\t                                    <a\n                        class=\"btn btn-primary\"\n                        data-ga-category=\"Take Action Boxout\"\n                        data-ga-action=\"Call to Action\"\n                        data-ga-label=\"n\/a\"\n                        href=\"https:\/\/sites.greenpeace.hu\/asa\/\"\n                        \n                    >\n                        T\u00e1mogatom\n                    <\/a>\n                \t\t\t<\/div>\n\t\t\t\t\t<\/section>\n\t","protected":false},"excerpt":{"rendered":"<p>Janu\u00e1r 17-\u00e9n j\u00f3 h\u00edr \u00e9rkezett a vil\u00e1g \u00f3ce\u00e1njai sz\u00e1m\u00e1ra: t\u00f6bb mint hatvan orsz\u00e1g ratifik\u00e1lta az ENSZ \u00d3ce\u00e1nv\u00e9delmi Egyezm\u00e9ny\u00e9t, amely v\u00e9gre hat\u00e1lyba is l\u00e9pett. A t\u00f6rt\u00e9nelemben el\u0151sz\u00f6r a korm\u00e1nyok tengeri v\u00e9dett&hellip;<\/p>\n","protected":false},"author":25,"featured_media":13623,"comment_status":"closed","ping_status":"closed","sticky":false,"template":"","format":"standard","meta":{"ep_exclude_from_search":false,"p4_og_title":"","p4_og_description":"","p4_og_image":"","p4_og_image_id":"","p4_seo_canonical_url":"","p4_campaign_name":"","p4_local_project":"","p4_basket_name":"","p4_department":"","footnotes":""},"categories":[3],"tags":[20],"p4-page-type":[40],"class_list":["post-13622","post","type-post","status-publish","format-standard","has-post-thumbnail","hentry","category-termeszet-kornyezet","tag-elovilag","p4-page-type-blog"],"_links":{"self":[{"href":"https:\/\/www.greenpeace.org\/hungary\/wp-json\/wp\/v2\/posts\/13622","targetHints":{"allow":["GET"]}}],"collection":[{"href":"https:\/\/www.greenpeace.org\/hungary\/wp-json\/wp\/v2\/posts"}],"about":[{"href":"https:\/\/www.greenpeace.org\/hungary\/wp-json\/wp\/v2\/types\/post"}],"author":[{"embeddable":true,"href":"https:\/\/www.greenpeace.org\/hungary\/wp-json\/wp\/v2\/users\/25"}],"replies":[{"embeddable":true,"href":"https:\/\/www.greenpeace.org\/hungary\/wp-json\/wp\/v2\/comments?post=13622"}],"version-history":[{"count":3,"href":"https:\/\/www.greenpeace.org\/hungary\/wp-json\/wp\/v2\/posts\/13622\/revisions"}],"predecessor-version":[{"id":13629,"href":"https:\/\/www.greenpeace.org\/hungary\/wp-json\/wp\/v2\/posts\/13622\/revisions\/13629"}],"wp:featuredmedia":[{"embeddable":true,"href":"https:\/\/www.greenpeace.org\/hungary\/wp-json\/wp\/v2\/media\/13623"}],"wp:attachment":[{"href":"https:\/\/www.greenpeace.org\/hungary\/wp-json\/wp\/v2\/media?parent=13622"}],"wp:term":[{"taxonomy":"category","embeddable":true,"href":"https:\/\/www.greenpeace.org\/hungary\/wp-json\/wp\/v2\/categories?post=13622"},{"taxonomy":"post_tag","embeddable":true,"href":"https:\/\/www.greenpeace.org\/hungary\/wp-json\/wp\/v2\/tags?post=13622"},{"taxonomy":"p4-page-type","embeddable":true,"href":"https:\/\/www.greenpeace.org\/hungary\/wp-json\/wp\/v2\/p4-page-type?post=13622"}],"curies":[{"name":"wp","href":"https:\/\/api.w.org\/{rel}","templated":true}]}}