{"id":1366,"date":"2014-06-17T00:00:00","date_gmt":"2014-06-16T22:00:00","guid":{"rendered":"https:\/\/www.greenpeace.org\/hungary\/uncategorized\/1366\/tiltott-anyaggal-tiltott-modszerrel-irtjak-a-ragcsalokat-itthon\/"},"modified":"2019-11-06T09:41:33","modified_gmt":"2019-11-06T08:41:33","slug":"tiltott-anyaggal-tiltott-modszerrel-irtjak-a-ragcsalokat-itthon","status":"publish","type":"post","link":"https:\/\/www.greenpeace.org\/hungary\/sajtokozlemeny\/1366\/tiltott-anyaggal-tiltott-modszerrel-irtjak-a-ragcsalokat-itthon\/","title":{"rendered":"Tiltott anyaggal, tiltott m\u00f3dszerrel irtj\u00e1k a r\u00e1gcs\u00e1l\u00f3kat itthon"},"content":{"rendered":"<div class=\"leader\">\n\tBudapest, 2014. j\u00fanius 17. \u2013 A magyarorsz\u00e1gi pocokinv\u00e1zi\u00f3 miatt egy jelent\u0151s kock\u00e1zattal j\u00e1r\u00f3 vegyszer, a Redentin l\u00e9gi \u00e9s f\u00f6ldi kezel\u00e9s\u00e9re adott enged\u00e9lyt a Nemzeti \u00c9lelmiszerl\u00e1nc-biztons\u00e1gi Hivatal (N\u00c9BIH). [1] Sem a vegyszer, sem a l\u00e9gi kijuttat\u00e1sos m\u00f3dszer nem enged\u00e9lyezett az Eur\u00f3pai Uni\u00f3ban. A hivatal minden \u00e9vben \u201ev\u00e9szhelyzeti enged\u00e9lyt\u201d ad ki a rendszeresen visszat\u00e9r\u0151 probl\u00e9ma kapcs\u00e1n.<\/p>\n<\/div>\n<div>\n<p>A Magyar Mad\u00e1rtani \u00e9s Term\u00e9szetv\u00e9delmi Egyes\u00fclet (MME) \u00e9s a Greenpeace a jelent\u0151s pocok\u00e1llom\u00e1ny k\u00e1rt\u00e9tel\u00e9nek s\u00falyoss\u00e1g\u00e1t, valamint az el\u0151rejelz\u0151 rendszer megsz\u0171n\u00e9s\u00e9nek hat\u00e1sait ugyan nem tudja meg\u00edt\u00e9lni, \u00e1m felh\u00edvja a figyelmet arra, hogy a pocok\u00e1llom\u00e1ny tov\u00e1bbi k\u00e1rokoz\u00e1s\u00e1t a hat\u00f3s\u00e1g olyan k\u00e9sz\u00edtm\u00e9nyt enged\u00e9lyez\u00e9s\u00e9vel k\u00edv\u00e1nja megakad\u00e1lyozni, melynek haszn\u00e1lata nem v\u00e9letlen\u00fcl tiltott az EU-ban. Az \u00e9vek \u00f3ta\u00a0 \u201eszok\u00e1sos\u201d v\u00e9szhelyzeti enged\u00e9lyt id\u00e9n a B\u00f3ly Zrt. [2], valamint a m\u00e9rget gy\u00e1rt\u00f3 Reanal Zrt. k\u00e9rte \u00e9s kapta meg a N\u00c9BIH k\u00f6zl\u00e9se szerint. [3]<\/p>\n<h3><strong>Mi\u00e9rt kock\u00e1zatos?<\/strong><\/h3>\n<p>\u201eA Redentin nev\u0171 r\u00e1gcs\u00e1l\u00f3irt\u00f3 szer hat\u00f3anyaga t\u00f6bbnapos szenved\u00e9s ut\u00e1n puszt\u00edtja el a megm\u00e9rgezett eml\u0151s\u00e1llatokat, valamint madarakat \u00e9s halakat. Az emberre is m\u00e9rgez\u0151, v\u00e9ralvad\u00e1sg\u00e1tl\u00f3 hat\u00e1s\u00fa anyag az eur\u00f3pai szinten tiltott, de hazai derog\u00e1ci\u00f3t kapott l\u00e9gi kijuttat\u00e1sa eset\u00e9n elker\u00fclhetetlen, hogy m\u00e1s \u00e9l\u0151l\u00e9nyek, \u00edgy p\u00e9ld\u00e1ul v\u00e9dett ragadoz\u00f3 madarak, mezei nyulak, \u0151zek is \u00e1ldozatul essenek. A csak hetek alatt leboml\u00f3 anyag benne marad a szenved\u0151 \u00e9s elpusztult \u00e1llatokban, melyek \u00edgy ragadoz\u00f3k \u2013 ak\u00e1r kuty\u00e1k, macsk\u00e1k \u2013 \u00e9s d\u00f6gev\u0151 \u00e1llatok\u00a0 m\u00e9rgez\u00e9s\u00e9t is okozhatj\u00e1k [4]\u201d \u2013 mondta Simon Gergely, a Greenpeace region\u00e1lis vegyianyag-szak\u00e9rt\u0151je.<\/p>\n<p>\u201eA Redentin felhaszn\u00e1l\u00e1sa term\u00e9szetv\u00e9delmi \u00e9s vadv\u00e9delmi szempontb\u00f3l is agg\u00e1lyos. Egyr\u00e9szt a m\u00e9rget nem csak a megc\u00e9lzott mezei pockok, hanem m\u00e1s v\u00e9dett vagy vad\u00e1szhat\u00f3 fajok is felvehetik, amelynek k\u00fcl\u00f6n\u00f6sen nagy a kock\u00e1zata, ha felsz\u00edni v\u00edzterekbe ker\u00fcl a szer. \u00cdgy p\u00e9ld\u00e1ul 2002-ben 200 pajzsos cank\u00f3 \u00e9s egy daru esett redentinm\u00e9rgez\u00e9s \u00e1ldozat\u00e1ul. M\u00e1sodlagosan a m\u00e9rgezett pockok elfogyaszt\u00e1s\u00e1val v\u00e9dett ragadoz\u00f3k is m\u00e9rgez\u00e9st szenvedhetnek, ahogy ez t\u00f6rt\u00e9nt 2006-ban egy r\u00e9tisassal. Emellett rendk\u00edv\u00fcl jelent\u0151s lehet a mezei nyulak \u00e9s h\u00f6rcs\u00f6g\u00f6k pusztul\u00e1sa is, ami p\u00e9ld\u00e1ul az ezeket fogyaszt\u00f3 vil\u00e1gszerte vesz\u00e9lyeztetett parlagi sasok B\u00e9k\u00e9s megyei \u00e1llom\u00e1ny\u00e1ban komoly probl\u00e9m\u00e1t jelenthet a fi\u00f3k\u00e1k felnevel\u00e9s\u00e9ben. Ezek a vesz\u00e9lyek a sokszoros\u00e1ra n\u0151nek a szer most enged\u00e9lyezett l\u00e9gi kijutattat\u00e1s\u00e1val\u201d \u2013 mondta Dr. Horv\u00e1th M\u00e1rton, az MME fajv\u00e9delmi csoporvezet\u0151je, aki egy LIFE projekt keret\u00e9ben a ragadoz\u00f3mad\u00e1r-m\u00e9rgez\u00e9sek visszaszor\u00edt\u00e1s\u00e1\u00e9rt k\u00fczd.<\/p>\n<h3>Mi\u00e9rt haszn\u00e1lhat\u00f3?<\/h3>\n<p>A Redentin \u00e9vek \u00f3ta visszat\u00e9r\u0151 \u00fcgye r\u00e1vil\u00e1g\u00edt egy jogh\u00e9zagra, [5] amelynek megsz\u00fcntet\u00e9se minden eur\u00f3pai eg\u00e9szs\u00e9g\u00fcgyi \u00e9s k\u00f6rnyezeti \u00e9rdeke. A Greenpeace kifejezetten agg\u00e1lyosnak tartja, hogy a tag\u00e1llamok nem megfelel\u0151en \u00e9rtelmezik az Eur\u00f3pai Parlament \u00e9s a Tan\u00e1cs 1107\/2009\/EK rendelet\u00e9nek 53. cikkely\u00e9t. A cikkely kimondja, hogy \u201ek\u00fcl\u00f6nleges k\u00f6r\u00fclm\u00e9nyek fenn\u00e1ll\u00e1sa eset\u00e9n a tag\u00e1llamok legfeljebb 120 napra enged\u00e9lyezhetik n\u00f6v\u00e9nyv\u00e9d\u0151 szerek korl\u00e1tozott \u00e9s ellen\u0151rz\u00f6tt felhaszn\u00e1l\u00e1st szol\u00adg\u00e1l\u00f3 forgalomba hozatal\u00e1t, ha ez az int\u00e9zked\u00e9s olyan vesz\u00e9ly miatt sz\u00fcks\u00e9ges, amely m\u00e1s \u00e9sszer\u0171 eszk\u00f6zzel nem h\u00e1r\u00edthat\u00f3 el.\u201d [6] M\u00e1rpedig Magyarorsz\u00e1gon a Redentin \u00e9vek \u00f3ta \u00fagy kap \u2013 sz\u00e1mos m\u00e1s, nem v\u00e9letlen\u00fcl betiltott vesz\u00e9lyes m\u00e9reghez hasonl\u00f3an [3] \u2013 minden \u00e9vben eseti, v\u00e9szhelyzeti enged\u00e9lyt, hogy \u201ehaz\u00e1nkban jelenleg h\u00e1rom r\u00e1gcs\u00e1l\u00f3irt\u00f3 k\u00e9sz\u00edtm\u00e9ny rendelkezik \u00e1lland\u00f3 enged\u00e9llyel a mezei pockok elleni v\u00e9dekez\u00e9sre.\u201d [1]<\/p>\n<p>\u201eL\u00e1that\u00f3, hogy a nagy\u00fczemi mez\u0151gazdas\u00e1g m\u00e9g a betiltott, vesz\u00e9lyes szerek haszn\u00e1lat\u00e1t\u00f3l is k\u00e9ptelen szabadulni, melyek haszn\u00e1lata k\u00f6zvetve vagy k\u00f6zvetlen\u00fcl hozz\u00e1j\u00e1rul a r\u00e1gcs\u00e1l\u00f3k term\u00e9szetes ellenfeleinek elt\u0171n\u00e9s\u00e9hez, vagyis a vegyszer az adott hely \u00e9l\u0151vil\u00e1g\u00e1t, \u00e9s v\u00e9gs\u0151 soron saj\u00e1t term\u00e9szetes alternat\u00edv\u00e1j\u00e1t egyszerre sz\u00e1molhatja fel. Ez a p\u00e9lda is megmutatja, hogy a monokult\u00far\u00e1s, nagy\u00fczemi mez\u0151gazdas\u00e1g jelen form\u00e1j\u00e1ban az\u00e9rt sem tarthat\u00f3 fenn tov\u00e1bb, mert a r\u00e1gcs\u00e1l\u00f3k \u00e9s k\u00e1rtev\u0151k term\u00e9szetes ellenfeleinek \u00e9l\u0151hely\u00e9t \u2013 az erd\u0151s\u00e1vokat, a maradv\u00e1ny- vagy \u201ebe\u00fcl\u0151\u201d f\u00e1kat, a vir\u00e1gos t\u00e1blaszeg\u00e9lyeket \u2013 is elt\u00fcnteti. M\u00e1rpedig ezek hi\u00e1ny\u00e1ban sokszor csak nagyon probl\u00e9m\u00e1s vegyszerekkel tudnak v\u00e9dekezni ellen\u00fck a gazd\u00e1k\u201d \u2013 tette hozz\u00e1 Simon Gergely, a Greenpeace region\u00e1lis vegyianyag-szak\u00e9rt\u0151je.<\/p>\n<p><strong>Jegyzetek:<\/strong><br \/>[1] <a href=\"https:\/\/www.nebih.gov.hu\/aktualitasok\/hirek\/06_03_mezei_pocok.html\">https:\/\/www.nebih.gov.hu\/aktualitasok\/hirek\/06_03_mezei_pocok.html <\/a><br \/>[2] B\u00f3ly Zrt.: <a href=\"http:\/\/www.bonafarmcsoport.hu\/bonafarm-csoport\/boly-zrt\/\">http:\/\/www.bonafarmcsoport.hu\/bonafarm-csoport\/boly-zrt\/<\/a><br \/>[3] <a href=\"https:\/\/www.nebih.gov.hu\/szakteruletek\/szakteruletek\/noveny_talajvedelmi_ig\/kozerdeku_adatok\/eseti_eng\/eseti_eng_2014\">https:\/\/www.nebih.gov.hu\/szakteruletek\/szakteruletek\/noveny_talajvedelmi_ig\/kozerdeku_adatok\/eseti_eng\/eseti_eng_2014 <\/a><br \/>[4] L\u00e1sd p\u00e9ld\u00e1ul: Beregi, A. (2011): Vadeg\u00e9szs\u00e9gtan. Jegyzet vadgazda m\u00e9rn\u00f6ki szakos hallgat\u00f3k r\u00e9sz\u00e9re. Szent Istv\u00e1n Egyetem, Vadgazda M\u00e9rn\u00f6ki Szak, G\u00f6d\u00f6ll\u0151. 119 p. <a href=\"https:\/\/www.greenpeace.org\/static\/planet4-hungary-stateless\/2018\/10\/2970b318-2970b318-vadeszsegtan_jegyzet.pdf\">https:\/\/www.greenpeace.org\/static\/planet4-hungary-stateless\/2018\/10\/2970b318-2970b318-vadeszsegtan_jegyzet.pdf<\/a><br \/>[5] Az eur\u00f3pai k\u00f6rnyezetv\u00e9d\u0151k \u00e1ltal t\u00f6bbsz\u00f6r kritiz\u00e1lt, r\u00f6viden \u201e120 napos derog\u00e1ci\u00f3nak\u201d nevezett jogi lehet\u0151s\u00e9g nem azt a c\u00e9lt szolg\u00e1lja, hogy az eg\u00e9szs\u00e9g\u00fcgyi \u00e9s k\u00f6rnyezeti kock\u00e1zataik miatt betiltott vegyszereket egy-egy tagorsz\u00e1g a tilalmat k\u00f6vet\u0151en is folyamatosan forgalomban tartsa. Neh\u00e9z elk\u00e9pzelni, hogy 2009 \u00f3ta minden \u00e9vben t\u00f6bb h\u00f3napon \u00e1t el\u0151re nem meg j\u00f3solhat\u00f3 esem\u00e9nyek, k\u00fcl\u00f6nleges k\u00f6r\u00fclm\u00e9nyek (p\u00e9ld\u00e1ul a r\u00e1gcs\u00e1l\u00f3k okozta k\u00e1rt\u00e9tel) \u00e1lltak volna fenn a magyar mez\u0151gazdas\u00e1gban, hiszen az\u00f3ta \u00e9vente ak\u00e1r t\u00f6bb alkalommal is kapott enged\u00e9lyt az igen kock\u00e1zatos hat\u00f3anyag\u00fa k\u00e9sz\u00edtm\u00e9ny.<br \/><a href=\"https:\/\/www.greenpeace.org\/static\/planet4-hungary-stateless\/2018\/10\/2970b318-2970b318-vadeszsegtan_jegyzet.pdf\">https:\/\/www.greenpeace.org\/static\/planet4-hungary-stateless\/2018\/10\/2970b318-2970b318-vadeszsegtan_jegyzet.pdf <\/a><br \/>[6] <a href=\"https:\/\/www.greenpeace.org\/static\/planet4-hungary-stateless\/2018\/10\/2970b318-2970b318-vadeszsegtan_jegyzet.pdf\">https:\/\/www.greenpeace.org\/static\/planet4-hungary-stateless\/2018\/10\/2970b318-2970b318-vadeszsegtan_jegyzet.pdf <\/a><\/p>\n<p><strong>Kapcsolat:<\/strong><br \/>Dr. Horv\u00e1th M\u00e1rton<br \/>MME, fajv\u00e9delmi csoportvezet\u0151<br \/><script type=\"text\/javascript\"><!--\ndocument.write(dc('Eoi_1', '50_25_38_7E_35_3D_3D_10_3E_3F_24_22_31_3D_7E_38_24_31_26_22_3F_38'));\/\/--><\/script><\/p>\n<p>Simon Gergely<br \/>Greenpeace, region\u00e1lis vegyianyag-szak\u00e9rt\u0151<br \/><script type=\"text\/javascript\"><!--\ndocument.write(dc('Eoi_2', 'E7_80_95_88_C9_82_84_86_82_97_89_82_82_95_80_A7_89_88_8A_8E_94_C9_9E_8B_82_80_95_82_80'));\/\/--><\/script><\/p>\n<\/div>\n","protected":false},"excerpt":{"rendered":"<div>\n\tBudapest, 2014. j\u00fanius 17. \u2013 A magyarorsz\u00e1gi pocokinv\u00e1zi\u00f3 miatt egy jelent\u0151s kock\u00e1zattal j\u00e1r\u00f3 vegyszer, a Redentin l\u00e9gi \u00e9s f\u00f6ldi kezel\u00e9s\u00e9re adott enged\u00e9lyt a Nemzeti \u00c9lelmiszerl\u00e1nc-biztons\u00e1gi Hivatal (N\u00c9BIH). [1] Sem a vegyszer, sem a l\u00e9gi kijuttat\u00e1sos m\u00f3dszer nem enged\u00e9lyezett az Eur\u00f3pai Uni\u00f3ban. A hivatal minden \u00e9vben \u201ev\u00e9szhelyzeti enged\u00e9lyt\u201d ad ki a rendszeresen visszat\u00e9r\u0151 probl\u00e9ma kapcs\u00e1n.<\/p>\n<\/div>\n","protected":false},"author":25,"featured_media":0,"comment_status":"closed","ping_status":"open","sticky":false,"template":"","format":"standard","meta":{"ep_exclude_from_search":false,"p4_og_title":"","p4_og_description":"","p4_og_image":"","p4_og_image_id":"","p4_seo_canonical_url":"","p4_campaign_name":"","p4_local_project":"","p4_basket_name":"","p4_department":"","footnotes":""},"categories":[3],"tags":[20,24,19],"p4-page-type":[37],"class_list":["post-1366","post","type-post","status-publish","format-standard","hentry","category-termeszet-kornyezet","tag-elovilag","tag-szennyezes","tag-egeszseg","p4-page-type-sajtokozlemeny"],"_links":{"self":[{"href":"https:\/\/www.greenpeace.org\/hungary\/wp-json\/wp\/v2\/posts\/1366","targetHints":{"allow":["GET"]}}],"collection":[{"href":"https:\/\/www.greenpeace.org\/hungary\/wp-json\/wp\/v2\/posts"}],"about":[{"href":"https:\/\/www.greenpeace.org\/hungary\/wp-json\/wp\/v2\/types\/post"}],"author":[{"embeddable":true,"href":"https:\/\/www.greenpeace.org\/hungary\/wp-json\/wp\/v2\/users\/25"}],"replies":[{"embeddable":true,"href":"https:\/\/www.greenpeace.org\/hungary\/wp-json\/wp\/v2\/comments?post=1366"}],"version-history":[{"count":1,"href":"https:\/\/www.greenpeace.org\/hungary\/wp-json\/wp\/v2\/posts\/1366\/revisions"}],"predecessor-version":[{"id":1371,"href":"https:\/\/www.greenpeace.org\/hungary\/wp-json\/wp\/v2\/posts\/1366\/revisions\/1371"}],"wp:attachment":[{"href":"https:\/\/www.greenpeace.org\/hungary\/wp-json\/wp\/v2\/media?parent=1366"}],"wp:term":[{"taxonomy":"category","embeddable":true,"href":"https:\/\/www.greenpeace.org\/hungary\/wp-json\/wp\/v2\/categories?post=1366"},{"taxonomy":"post_tag","embeddable":true,"href":"https:\/\/www.greenpeace.org\/hungary\/wp-json\/wp\/v2\/tags?post=1366"},{"taxonomy":"p4-page-type","embeddable":true,"href":"https:\/\/www.greenpeace.org\/hungary\/wp-json\/wp\/v2\/p4-page-type?post=1366"}],"curies":[{"name":"wp","href":"https:\/\/api.w.org\/{rel}","templated":true}]}}