{"id":1383,"date":"2013-07-16T00:00:00","date_gmt":"2013-07-15T22:00:00","guid":{"rendered":"https:\/\/www.greenpeace.org\/hungary\/uncategorized\/1383\/ujabb-mehgyilkos-mezogazdasagi-vegyszer-hasznalatat-korlatozza-az-eu\/"},"modified":"2019-11-06T09:41:54","modified_gmt":"2019-11-06T08:41:54","slug":"ujabb-mehgyilkos-mezogazdasagi-vegyszer-hasznalatat-korlatozza-az-eu","status":"publish","type":"post","link":"https:\/\/www.greenpeace.org\/hungary\/sajtokozlemeny\/1383\/ujabb-mehgyilkos-mezogazdasagi-vegyszer-hasznalatat-korlatozza-az-eu\/","title":{"rendered":"\u00dajabb m\u00e9hgyilkos mez\u0151gazdas\u00e1gi vegyszer haszn\u00e1lat\u00e1t korl\u00e1tozza az EU"},"content":{"rendered":"<h2>Hossz\u00fat\u00e1v\u00fa tilalom \u00e9s \u00f6kol\u00f3giai gazd\u00e1lkod\u00e1s n\u00f6vel\u00e9se mentheti meg a beporz\u00f3kat<\/h2>\n<\/p>\n<div class=\"leader\">\n\tBr\u00fcsszel &#8211; Budapest, 2013. j\u00falius 16.- Az Eur\u00f3pai Uni\u00f3 \u00c9lelmiszerl\u00e1nc- \u00e9s \u00c1llat-eg\u00e9szs\u00e9g\u00fcgyi \u00c1lland\u00f3 Bizotts\u00e1g\u00e1nak \u00fcl\u00e9s\u00e9n a tag\u00e1llamok d\u00f6nt\u0151 t\u00f6bbs\u00e9ge t\u00e1mogatta az Eur\u00f3pai Bizotts\u00e1g javaslat\u00e1t, mely az uni\u00f3s \u00c9lelmiszerbiztons\u00e1gi Hivatal (EFSA) szerint sz\u00e1mottev\u0151 m\u00e9heg\u00e9szs\u00e9g\u00fcgyi kock\u00e1zatot jelent\u0151, fipronil nev\u0171 rovar\u00f6l\u0151szer haszn\u00e1lat\u00e1nak korl\u00e1toz\u00e1s\u00e1r\u00f3l sz\u00f3lt. A Greenpeace \u00e1ltal m\u00e9hgyilkosnak nevezett vegyszer korl\u00e1toz\u00e1sa k\u00e9t \u00e9vre sz\u00f3l \u00e9s id\u00e9n december 31-t\u0151l l\u00e9p \u00e9letbe, a fipronillal kezelt vet\u0151magok 2014. febru\u00e1r v\u00e9g\u00e9ig haszn\u00e1lhat\u00f3ak fel. Az Eur\u00f3pai Bizotts\u00e1g javaslat\u00e1t 23 tag\u00e1llam t\u00e1mogatta, 2 ellenezte \u00e9s 3 tag\u00e1llam tart\u00f3zkodott.<\/p>\n<\/div>\n<div>\n\t<span>T\u00f6m\u00f6ri Bal\u00e1zs, a Greenpeace kamp\u00e1nyfelel\u0151se szerint: \u201cHaz\u00e1nkban a fipronil t\u00f6bbsz\u00f6r okozott jelent\u0151s m\u00e9hpusztul\u00e1st. Az egyik, Paks k\u00f6rny\u00e9k\u00e9n nyilv\u00e1noss\u00e1gra ker\u00fclt esetet \u00e9ppen a k\u00f6zelm\u00faltban<\/span><a href=\"http:\/\/www.youtube.com\/watch?v=n-aoS9nt51s\"><span> <\/span><span>mutattuk be.<\/span><\/a><span> A tag\u00e1llamok d\u00f6nt\u00e9se j\u00f3 ir\u00e1nyba tett, de igen kis l\u00e9p\u00e9s. A beporz\u00f3k \u00e9rdek\u00e9ben azonnal korl\u00e1tozni kell a m\u00e9hekre legvesz\u00e9lyesebb<\/span><a href=\"https:\/\/www.greenpeace.org\/hungary\/hu\/publikaciok\/Mehpusztulas\/\"><span> <\/span><span>h\u00e9t mez\u0151gazdas\u00e1gi vegyszer<\/span><\/a><span> haszn\u00e1lat\u00e1t, \u00e9s a nagy\u00fczemi mez\u0151gazdas\u00e1g helyett a modern \u00f6kol\u00f3giai gazd\u00e1lkod\u00e1st kell t\u00e1mogatni, hiszen am\u00edg ezek a szerek k\u00f6nnyen hozz\u00e1f\u00e9rhet\u0151ek, tov\u00e1bbi jelent\u0151s m\u00e9hm\u00e9rgez\u00e9sek fognak el\u0151fordulni.\u201d <\/span><\/p>\n<p><span><span><br \/><\/span><\/span><\/p>\n<p>Az Orsz\u00e1gos Magyar M\u00e9h\u00e9szeti Egyes\u00fclet szerint tavaly \u00f3ta az orsz\u00e1gos m\u00e9h\u00e1llom\u00e1ny 20-30%-kal cs\u00f6kkent, \u00e9s a megmaradt \u00e1llom\u00e1ny termel\u0151k\u00e9pess\u00e9ge is 50%-al visszaesett. A m\u00e9hpusztul\u00e1snak t\u00f6bb oka is van, de ezek k\u00f6z\u00fcl a m\u00e9rgez\u0151 vegyszerek haszn\u00e1lata ellen lehet a leggyorsabban \u00e9s leghat\u00e9konyabban \u00a0fell\u00e9pni. Minden harmadik falat \u00e9tel\u00fcnk rovarbeporz\u00e1snak k\u00f6sz\u00f6nhet\u0151. <br class=\"kix-line-break\"><br class=\"kix-line-break\">Ennek tudat\u00e1ban a Greenpeace \u00fcdv\u00f6zli a n\u00e9gy m\u00e9hgyilkos rovar\u00f6l\u0151 vegyszer idei, uni\u00f3s korl\u00e1toz\u00e1s\u00e1t, \u00e9s folytatja kamp\u00e1ny\u00e1t a m\u00e9hek megment\u00e9se \u00e9rdek\u00e9ben. Csatlakoz\u00e1s, tov\u00e1bbi inform\u00e1ci\u00f3: <a title=\"http:\/\/mehpusztulas.hu\/\" href=\"http:\/\/mehpusztulas.hu\/\">www.mehpusztulas.hu<\/a><br \/>\n\u00a0\n<\/div><\/p>\n","protected":false},"excerpt":{"rendered":"<div>\n\tBr\u00fcsszel &#8211; Budapest, 2013. j\u00falius 16.- Az Eur\u00f3pai Uni\u00f3 \u00c9lelmiszerl\u00e1nc- \u00e9s \u00c1llat-eg\u00e9szs\u00e9g\u00fcgyi \u00c1lland\u00f3 Bizotts\u00e1g\u00e1nak \u00fcl\u00e9s\u00e9n a tag\u00e1llamok d\u00f6nt\u0151 t\u00f6bbs\u00e9ge t\u00e1mogatta az Eur\u00f3pai Bizotts\u00e1g javaslat\u00e1t, mely az uni\u00f3s \u00c9lelmiszerbiztons\u00e1gi Hivatal (EFSA) szerint sz\u00e1mottev\u0151 m\u00e9heg\u00e9szs\u00e9g\u00fcgyi kock\u00e1zatot jelent\u0151, fipronil nev\u0171 rovar\u00f6l\u0151szer haszn\u00e1lat\u00e1nak korl\u00e1toz\u00e1s\u00e1r\u00f3l sz\u00f3lt. A Greenpeace \u00e1ltal m\u00e9hgyilkosnak nevezett vegyszer korl\u00e1toz\u00e1sa k\u00e9t \u00e9vre sz\u00f3l \u00e9s id\u00e9n december 31-t\u0151l l\u00e9p \u00e9letbe, a fipronillal kezelt vet\u0151magok 2014. febru\u00e1r v\u00e9g\u00e9ig haszn\u00e1lhat\u00f3ak fel. Az Eur\u00f3pai Bizotts\u00e1g javaslat\u00e1t 23 tag\u00e1llam t\u00e1mogatta, 2 ellenezte \u00e9s 3 tag\u00e1llam tart\u00f3zkodott.<\/p>\n<\/div>\n","protected":false},"author":25,"featured_media":0,"comment_status":"closed","ping_status":"open","sticky":false,"template":"","format":"standard","meta":{"ep_exclude_from_search":false,"p4_og_title":"","p4_og_description":"","p4_og_image":"","p4_og_image_id":"","p4_seo_canonical_url":"","p4_campaign_name":"","p4_local_project":"","p4_basket_name":"","p4_department":"","footnotes":""},"categories":[3],"tags":[32,24,20],"p4-page-type":[37],"class_list":["post-1383","post","type-post","status-publish","format-standard","hentry","category-termeszet-kornyezet","tag-mehek","tag-szennyezes","tag-elovilag","p4-page-type-sajtokozlemeny"],"_links":{"self":[{"href":"https:\/\/www.greenpeace.org\/hungary\/wp-json\/wp\/v2\/posts\/1383","targetHints":{"allow":["GET"]}}],"collection":[{"href":"https:\/\/www.greenpeace.org\/hungary\/wp-json\/wp\/v2\/posts"}],"about":[{"href":"https:\/\/www.greenpeace.org\/hungary\/wp-json\/wp\/v2\/types\/post"}],"author":[{"embeddable":true,"href":"https:\/\/www.greenpeace.org\/hungary\/wp-json\/wp\/v2\/users\/25"}],"replies":[{"embeddable":true,"href":"https:\/\/www.greenpeace.org\/hungary\/wp-json\/wp\/v2\/comments?post=1383"}],"version-history":[{"count":1,"href":"https:\/\/www.greenpeace.org\/hungary\/wp-json\/wp\/v2\/posts\/1383\/revisions"}],"predecessor-version":[{"id":1384,"href":"https:\/\/www.greenpeace.org\/hungary\/wp-json\/wp\/v2\/posts\/1383\/revisions\/1384"}],"wp:attachment":[{"href":"https:\/\/www.greenpeace.org\/hungary\/wp-json\/wp\/v2\/media?parent=1383"}],"wp:term":[{"taxonomy":"category","embeddable":true,"href":"https:\/\/www.greenpeace.org\/hungary\/wp-json\/wp\/v2\/categories?post=1383"},{"taxonomy":"post_tag","embeddable":true,"href":"https:\/\/www.greenpeace.org\/hungary\/wp-json\/wp\/v2\/tags?post=1383"},{"taxonomy":"p4-page-type","embeddable":true,"href":"https:\/\/www.greenpeace.org\/hungary\/wp-json\/wp\/v2\/p4-page-type?post=1383"}],"curies":[{"name":"wp","href":"https:\/\/api.w.org\/{rel}","templated":true}]}}