{"id":1385,"date":"2013-10-31T00:00:00","date_gmt":"2013-10-30T22:00:00","guid":{"rendered":"https:\/\/www.greenpeace.org\/hungary\/uncategorized\/1385\/uj-gm-noveny-termeszteset-engedelyezne-az-europai-bizottsag-a-biztonsagra-vonatkozo-vizsgalatok-sulyos-hianyossagai-ellenere\/"},"modified":"2019-11-06T09:41:50","modified_gmt":"2019-11-06T08:41:50","slug":"uj-gm-noveny-termeszteset-engedelyezne-az-europai-bizottsag-a-biztonsagra-vonatkozo-vizsgalatok-sulyos-hianyossagai-ellenere","status":"publish","type":"post","link":"https:\/\/www.greenpeace.org\/hungary\/sajtokozlemeny\/1385\/uj-gm-noveny-termeszteset-engedelyezne-az-europai-bizottsag-a-biztonsagra-vonatkozo-vizsgalatok-sulyos-hianyossagai-ellenere\/","title":{"rendered":"\u00daj GM-n\u00f6v\u00e9ny termeszt\u00e9s\u00e9t enged\u00e9lyezn\u00e9 az Eur\u00f3pai Bizotts\u00e1g \u2013 a biztons\u00e1gra vonatkoz\u00f3 vizsg\u00e1latok s\u00falyos hi\u00e1nyoss\u00e1gai ellen\u00e9re"},"content":{"rendered":"<div class=\"leader\">\n\tBr\u00fcsszel\u2013Budapest, 2013. okt\u00f3ber 31. \u2013 Sajt\u00f3h\u00edrek szerint egy \u00faj g\u00e9nm\u00f3dos\u00edtott n\u00f6v\u00e9ny kaphat k\u00f6ztermeszt\u00e9si enged\u00e9lyt az Eur\u00f3pai Bizotts\u00e1gt\u00f3l annak ellen\u00e9re, hogy eur\u00f3pai kutat\u00f3k szerint kock\u00e1zatot jelent egyes beporz\u00f3kra, tov\u00e1bb\u00e1 a biztons\u00e1gra vonatkoz\u00f3 vizsg\u00e1latok is nagym\u00e9rt\u00e9kben hi\u00e1nyosak. [1] Az EU-biztosok azt rem\u00e9lik, hogy m\u00e1r a november 6-i tal\u00e1lkoz\u00f3n siker\u00fcl z\u00f6ld utat adni a Pioneer \u00e1ltal kifejlesztett, 1507 n\u00e9ven ismert GM-kukoric\u00e1nak (tov\u00e1bbiakban: 1507). Ha siker\u00fcl enged\u00e9lyezni, akkor h\u00e1rom \u00e9v ut\u00e1n ez lesz az els\u0151 k\u00f6ztermeszt\u00e9sre enged\u00e9lyezett g\u00e9nm\u00f3dos\u00edtott n\u00f6v\u00e9ny Eur\u00f3p\u00e1ban. A Greenpeace az enged\u00e9lyk\u00e9relem elutas\u00edt\u00e1s\u00e1ra k\u00e9ri a d\u00f6nt\u00e9shoz\u00f3kat.\n<\/div>\n<div>\n<p>\u201eNemcsak az\u00e9rt nem szabad az \u00faj g\u00e9nm\u00f3dos\u00edtott kukoric\u00e1nak termeszt\u00e9si enged\u00e9lyt kapnia, mert az eur\u00f3pai fogyaszt\u00f3k \u00e9s a gazd\u00e1k elutas\u00edtj\u00e1k az ilyen n\u00f6v\u00e9nyeket, hanem az\u00e9rt sem, mert az uni\u00f3s enged\u00e9lyez\u00e9si elj\u00e1r\u00e1ssal s\u00falyos gondok vannak, melyeket az Eur\u00f3pai Bizotts\u00e1gnak orvosolnia kell, miel\u0151tt b\u00e1rmely GM-n\u00f6v\u00e9ny enged\u00e9lyk\u00e9relm\u00e9r\u0151l d\u00f6nt\u201d \u2013 mondta T\u00f6m\u00f6ri Bal\u00e1zs, a Greenpeace agr\u00e1rkamp\u00e1ny-felel\u0151se.<\/p>\n<p><strong>Az 1507 nev\u0171 GM-kukorica a Bt toxin n\u00e9ven ismert rovar\u00f6l\u0151 szert k\u00e9pes termelni, \u00e9s a glufozin\u00e1t gyomirt\u00f3 szerrel szemben is ellen\u00e1ll\u00f3.<\/strong> Az Eur\u00f3pai \u00c9lelmiszer-biztons\u00e1gi Hat\u00f3s\u00e1g (EFSA) 2011-ben meg\u00e1llap\u00edtotta, hogy a Bt toxin rovar\u00f6l\u0151 szer k\u00e1ros egyes lepkefajokra [2], \u00e9s tov\u00e1bbi beporz\u00f3kra is hat\u00e1ssal van, p\u00e9ld\u00e1ul a m\u00e9hekre. Az EFSA nem az EU k\u00f6vetelm\u00e9nyeinek megfelel\u0151en vizsg\u00e1lta az 1507 glufozin\u00e1ttal szembeni ellen\u00e1ll\u00f3 k\u00e9pess\u00e9g\u00e9nek kock\u00e1zat\u00e1t, monitoringvizsg\u00e1lat\u00e1t csup\u00e1n k\u00f6rnyezetbe bocs\u00e1t\u00e1sa ut\u00e1n javasolja.<\/p>\n<p>A g\u00e9nm\u00f3dos\u00edtott n\u00f6v\u00e9nyekre vonatkoz\u00f3 EU-s jogszab\u00e1lyok szerint az EFSA-nak ellen\u0151riznie kell, hogy a glufozin\u00e1tnak ellen\u00e1ll\u00f3 GM-n\u00f6v\u00e9ny enged\u00e9lyez\u00e9se k\u00f6vetkezt\u00e9ben elterjed\u0151, megv\u00e1ltozott mez\u0151gazdas\u00e1gi m\u00f3dszerek milyen hat\u00e1ssal vannak a biol\u00f3giai sokf\u00e9les\u00e9gre. Vizsg\u00e1lni kell a nem c\u00e9lzott \u00e9l\u0151l\u00e9nyekre gyakorolt hat\u00e1sokat, valamint a k\u00fcl\u00f6nb\u00f6z\u0151 gyomirt\u00f3 szerek megn\u00f6vekedett haszn\u00e1lat\u00e1nak k\u00f6vetkezm\u00e9nyeit is. [3]<\/p>\n<p>Marco Contiero, a Greenpeace EU mez\u0151gazdas\u00e1gi kamp\u00e1nyosa szerint: \u201eMeggondolatlan d\u00f6nt\u00e9s lenne a Bizotts\u00e1g r\u00e9sz\u00e9r\u0151l vakon enged\u00e9lyezni ezt a GM-kukoric\u00e1t, mellyel a biotechv\u00e1llalatok \u00e9rdekeit a k\u00f6zbiztons\u00e1g el\u00e9 helyezn\u00e9. Az EFSA nem vizsg\u00e1lta megfelel\u0151en a GM-kukorica glufozin\u00e1ttal szembeni ellen\u00e1ll\u00f3 k\u00e9pess\u00e9g\u00e9nek hat\u00e1sait. A lehets\u00e9ges k\u00e1rok \u00e9s a vizsg\u00e1latok jelent\u0151s hi\u00e1nyoss\u00e1gai miatt az EU biztosainak vissza kell utas\u00edtaniuk az enged\u00e9lyk\u00e9relmet. A g\u00e9nm\u00f3dos\u00edtott n\u00f6v\u00e9nyek kereskedelmi kudarca Eur\u00f3p\u00e1ban j\u00f3l mutatja, hogy a fogyaszt\u00f3knak \u00e9s a gazd\u00e1knak nincs r\u00e1juk sz\u00fcks\u00e9g\u00fck.\u201d<\/p>\n<p>2013. szeptember 26-\u00e1n az Eur\u00f3pai Uni\u00f3 B\u00edr\u00f3s\u00e1ga, k\u00f6vetve a Pioneer panasz\u00e1t, b\u00edr\u00e1lta a Bizotts\u00e1got az 1507 enged\u00e9lyez\u00e9si vagy elutas\u00edt\u00e1si d\u00f6nt\u00e9s\u00e9nek k\u00e9s\u00e9se miatt. A b\u00edr\u00f3s\u00e1gi rendelet nem akad\u00e1lyozza meg a Bizotts\u00e1got abban, hogy \u00fajra fontol\u00f3ra vegye \u00e1ll\u00e1spontj\u00e1t \u00e9s \u00fagy d\u00f6nts\u00f6n, hogy nem javasolja a GM-kukorica enged\u00e9lyez\u00e9s\u00e9t. Ez a bizotts\u00e1gi javaslat ezut\u00e1n az EU tag\u00e1llamainak korm\u00e1nyai el\u00e9 ker\u00fcl, akik meghozz\u00e1k majd a v\u00e9gs\u0151 d\u00f6nt\u00e9st.<\/p>\n<p>Utolj\u00e1ra 2010-ben enged\u00e9lyeztek az EU-ban egy Amflora nev\u0171, <em>antibiotikumoknak<\/em> ellen\u00e1ll\u00f3 k\u00e9pess\u00e9get hordoz\u00f3 jelz\u0151g\u00e9nt tartalmaz\u00f3, g\u00e9nm\u00f3dos\u00edtott burgony\u00e1t. A n\u00f6v\u00e9ny forgalmaz\u00e1sa kereskedelmi kudarcba fulladt, \u00e9s az enged\u00e9ly birtokosa, a BASF v\u00e9g\u00fcl \u00fagy d\u00f6nt\u00f6tt, hogy kivonja GM-burgony\u00e1j\u00e1t az eur\u00f3pai piacr\u00f3l. Az\u00f3ta a BASF \u00e9s a Monsanto az \u00f6sszes GM-n\u00f6v\u00e9nyre vonatkoz\u00f3 k\u00f6ztermeszt\u00e9si enged\u00e9lyez\u00e9si ig\u00e9ny\u00e9t visszavonta. Egyetlen kiv\u00e9tel a Monsanto MON810 kukoric\u00e1ja, mely az egyetlen k\u00f6ztermeszt\u00e9sben l\u00e9v\u0151 GM-n\u00f6v\u00e9ny az EU-ban; \u00e1m szinte kiz\u00e1r\u00f3lag csak Spanyolorsz\u00e1gban \u00e9s Portug\u00e1li\u00e1ban termesztik.<\/p>\n<p>[1] <a href=\"http:\/\/www.lemonde.fr\/planete\/article\/2013\/10\/31\/la-culture-d-un-nouveau-mais-ogm-pourrait-bientot-etre-autorisee-en-europe_3505895_3244.html\">http:\/\/www.lemonde.fr\/planete\/article\/2013\/10\/31\/la-culture-d-un-nouveau-mais-ogm-pourrait-bientot-etre-autorisee-en-europe_3505895_3244.html<\/a><\/p>\n<p>[2] <a href=\"http:\/\/www.efsa.europa.eu\/en\/efsajournal\/pub\/2429.htm\">http:\/\/www.efsa.europa.eu\/en\/efsajournal\/pub\/2429.htm<\/a><\/p>\n<p>[3] Az Eur\u00f3pai Bizotts\u00e1g dokumentuma a gyomirt\u00f3kkal szemben ellen\u00e1ll\u00f3 n\u00f6v\u00e9nyek k\u00f6rnyezeti hat\u00e1svizsg\u00e1lat\u00e1r\u00f3l: <a href=\"https:\/\/www.greenpeace.org\/archive-eu-unit\/en\/Publications\/2013\/Environmental-risk-assessment-of-herbicide-tolerant-plants\/\">www.greenpeace.org\/eu-unit\/en\/Publications\/2013\/Environmental-risk-assessment-of-herbicide-tolerant-plants\/<\/a><\/p>\n<p>[4] Dow AgroSciences (2007): TC1507, Insect-Protected Maize (Corn), Technical Bulletin.<a href=\"http:\/\/msdssearch.dow.com\/PublishedLiteratureDAS\/dh_00a4\/0901b803800a4d0c.pdf?filepath=herculex\/pdfs\/noreg\/010-16438.pdf&amp;fromPage=GetDoc\"> http:\/\/msdssearch.dow.com\/PublishedLiteratureDAS\/dh_00a4\/0901b803800a4d0c.pdf?filepath=herculex\/pdfs\/noreg\/010-16438.pdf&amp;fromPage=GetDoc<\/a><\/p>\n<p>[5]<a href=\"http:\/\/curia.europa.eu\/juris\/document\/document_print.jsf?doclang=EN&amp;text=&amp;pageIndex=0&amp;part=1&amp;mode=lst&amp;docid=142241&amp;occ=first&amp;dir=&amp;cid=127901\"> http:\/\/curia.europa.eu\/juris\/document\/document_print.jsf?doclang=EN&amp;text=&amp;pageIndex=0&amp;part=1&amp;mode=lst&amp;docid=142241&amp;occ=first&amp;dir=&amp;cid=127901<\/a><\/p>\n<p><strong>Tov\u00e1bbi inform\u00e1ci\u00f3:<\/strong><br \/>T\u00f6m\u00f6ri Bal\u00e1zs<br \/>agr\u00e1rkamp\u00e1ny-felel\u0151s<br \/><script type=\"text\/javascript\"><!--\ndocument.write(dc('Eoi_1', '60_15_08_4E_05_03_01_05_10_0E_05_05_12_07_20_09_12_0F_0D_0F_14_4E_13_1A_01_0C_01_02'));\/\/--><\/script><br \/>+36 20 469 6909<\/p>\n<\/div>\n","protected":false},"excerpt":{"rendered":"<div>\n\tBr\u00fcsszel\u2013Budapest, 2013. okt\u00f3ber 31. \u2013 Sajt\u00f3h\u00edrek szerint egy \u00faj g\u00e9nm\u00f3dos\u00edtott n\u00f6v\u00e9ny kaphat k\u00f6ztermeszt\u00e9si enged\u00e9lyt az Eur\u00f3pai Bizotts\u00e1gt\u00f3l annak ellen\u00e9re, hogy eur\u00f3pai kutat\u00f3k szerint kock\u00e1zatot jelent egyes beporz\u00f3kra, tov\u00e1bb\u00e1 a biztons\u00e1gra vonatkoz\u00f3 vizsg\u00e1latok is nagym\u00e9rt\u00e9kben hi\u00e1nyosak. [1] Az EU-biztosok azt rem\u00e9lik, hogy m\u00e1r a november 6-i tal\u00e1lkoz\u00f3n siker\u00fcl z\u00f6ld utat adni a Pioneer \u00e1ltal kifejlesztett, 1507 n\u00e9ven ismert GM-kukoric\u00e1nak (tov\u00e1bbiakban: 1507). Ha siker\u00fcl enged\u00e9lyezni, akkor h\u00e1rom \u00e9v ut\u00e1n ez lesz az els\u0151 k\u00f6ztermeszt\u00e9sre enged\u00e9lyezett g\u00e9nm\u00f3dos\u00edtott n\u00f6v\u00e9ny Eur\u00f3p\u00e1ban. A Greenpeace az enged\u00e9lyk\u00e9relem elutas\u00edt\u00e1s\u00e1ra k\u00e9ri a d\u00f6nt\u00e9shoz\u00f3kat.\n<\/div>\n","protected":false},"author":25,"featured_media":0,"comment_status":"closed","ping_status":"open","sticky":false,"template":"","format":"standard","meta":{"ep_exclude_from_search":false,"p4_og_title":"","p4_og_description":"","p4_og_image":"","p4_og_image_id":"","p4_seo_canonical_url":"","p4_campaign_name":"","p4_local_project":"","p4_basket_name":"","p4_department":"","footnotes":""},"categories":[3],"tags":[19,35],"p4-page-type":[37],"class_list":["post-1385","post","type-post","status-publish","format-standard","hentry","category-termeszet-kornyezet","tag-egeszseg","tag-okogazdalkodas","p4-page-type-sajtokozlemeny"],"_links":{"self":[{"href":"https:\/\/www.greenpeace.org\/hungary\/wp-json\/wp\/v2\/posts\/1385","targetHints":{"allow":["GET"]}}],"collection":[{"href":"https:\/\/www.greenpeace.org\/hungary\/wp-json\/wp\/v2\/posts"}],"about":[{"href":"https:\/\/www.greenpeace.org\/hungary\/wp-json\/wp\/v2\/types\/post"}],"author":[{"embeddable":true,"href":"https:\/\/www.greenpeace.org\/hungary\/wp-json\/wp\/v2\/users\/25"}],"replies":[{"embeddable":true,"href":"https:\/\/www.greenpeace.org\/hungary\/wp-json\/wp\/v2\/comments?post=1385"}],"version-history":[{"count":1,"href":"https:\/\/www.greenpeace.org\/hungary\/wp-json\/wp\/v2\/posts\/1385\/revisions"}],"predecessor-version":[{"id":1386,"href":"https:\/\/www.greenpeace.org\/hungary\/wp-json\/wp\/v2\/posts\/1385\/revisions\/1386"}],"wp:attachment":[{"href":"https:\/\/www.greenpeace.org\/hungary\/wp-json\/wp\/v2\/media?parent=1385"}],"wp:term":[{"taxonomy":"category","embeddable":true,"href":"https:\/\/www.greenpeace.org\/hungary\/wp-json\/wp\/v2\/categories?post=1385"},{"taxonomy":"post_tag","embeddable":true,"href":"https:\/\/www.greenpeace.org\/hungary\/wp-json\/wp\/v2\/tags?post=1385"},{"taxonomy":"p4-page-type","embeddable":true,"href":"https:\/\/www.greenpeace.org\/hungary\/wp-json\/wp\/v2\/p4-page-type?post=1385"}],"curies":[{"name":"wp","href":"https:\/\/api.w.org\/{rel}","templated":true}]}}