{"id":1395,"date":"2016-10-18T00:00:00","date_gmt":"2016-10-17T22:00:00","guid":{"rendered":"https:\/\/www.greenpeace.org\/hungary\/uncategorized\/1395\/paks-ii-kornyezetvedelmi-engedelye-jogszabalyserto-es-megalapozatlan\/"},"modified":"2019-11-06T09:41:01","modified_gmt":"2019-11-06T08:41:01","slug":"paks-ii-kornyezetvedelmi-engedelye-jogszabalyserto-es-megalapozatlan","status":"publish","type":"post","link":"https:\/\/www.greenpeace.org\/hungary\/sajtokozlemeny\/1395\/paks-ii-kornyezetvedelmi-engedelye-jogszabalyserto-es-megalapozatlan\/","title":{"rendered":"Paks II k\u00f6rnyezetv\u00e9delmi enged\u00e9lye jogszab\u00e1lys\u00e9rt\u0151 \u00e9s megalapozatlan"},"content":{"rendered":"<div class=\"leader\">\n\tBudapest, 2016. okt\u00f3ber 18. \u2013 A Greenpeace Magyarorsz\u00e1g \u00e9s az Energiaklub fellebbez\u00e9st ny\u00fajtott be Paks II k\u00f6rnyezetv\u00e9delmi enged\u00e9lye ellen. A kiadott enged\u00e9ly alapj\u00e1ul szolg\u00e1l\u00f3 k\u00f6rnyezeti hat\u00e1stanulm\u00e1ny (KHT) ugyanis t\u00f6bb ponton hi\u00e1nyos. Nem ad v\u00e1laszt arra, mi t\u00f6rt\u00e9nne s\u00falyos baleset eset\u00e9n; hol t\u00e1roln\u00e1k v\u00e9glegesen a ki\u00e9gett f\u0171t\u0151elemeket; vagy hogyan hatna az er\u0151m\u0171 h\u0151terhel\u00e9se a Duna \u00e9l\u0151vil\u00e1g\u00e1ra. A szervezetek \u00e1ll\u00e1spontja szerint felel\u0151tlens\u00e9g egy ennyire megalapozatlan k\u00f6rnyezeti hat\u00e1svizsg\u00e1lat alapj\u00e1n kiadni a k\u00f6rnyezetv\u00e9delmi enged\u00e9lyt az atomer\u0151m\u0171re. Paks II helyett a tiszta \u00e9s helyi er\u0151forr\u00e1sokon alapul\u00f3 meg\u00fajul\u00f3energia-rendszerek fejleszt\u00e9se \u00e9s elterjeszt\u00e9se szolg\u00e1ln\u00e1 az orsz\u00e1g \u00e9rdekeit.<\/p>\n<\/div>\n<div>\n\t<span>A Greenpeace \u00e9s az Energiaklub okt\u00f3ber 17-\u00e9n beny\u00fajtotta fellebbez\u00e9s\u00e9t az Orsz\u00e1gos K\u00f6rnyezetv\u00e9delmi \u00e9s Term\u00e9szetv\u00e9delmi F\u0151fel\u00fcgyel\u0151s\u00e9ghez Paks II k\u00f6rnyezetv\u00e9delmi enged\u00e9lye ellen. A k\u00e9t szervezet kir\u00edv\u00f3an jogs\u00e9rt\u0151 r\u00e9szeket \u00e9s hi\u00e1nyoss\u00e1gokat tal\u00e1lt az enged\u00e9lyben \u00e9s az enged\u00e9ly alapj\u00e1ul szolg\u00e1l\u00f3 k\u00f6rnyezeti hat\u00e1svizsg\u00e1lati anyagban. [1] <\/span><\/p>\n<p>A hat\u00f3s\u00e1gok \u00e1ltal megfogalmazott k\u00f6vetelm\u00e9nyek sok esetben nem sz\u00e1monk\u00e9rhet\u0151ek. Kir\u00edv\u00f3 hi\u00e1nyoss\u00e1ga az enged\u00e9lynek, hogy Paks II leszerel\u00e9s\u00e9re, le\u00e1ll\u00edt\u00e1s\u00e1ra, felhagy\u00e1s\u00e1ra vonatkoz\u00f3an nincsenek egy\u00e9rtelm\u0171 el\u0151\u00edr\u00e1sok. Tov\u00e1bb\u00e1 nem tiszt\u00e1zottak a k\u00e9relmez\u0151 feladatai a radioakt\u00edv kibocs\u00e1t\u00e1sra vonatkoz\u00f3an se. [2] A k\u00f6zigazgat\u00e1si joggyakorlat szerint pedig nem megengedett a hat\u00e1rozatokban az ilyen bizonytalan megfogalmaz\u00e1s.<\/p>\n<p>\u201e<em>Elfogadhatatlan, hogy a hat\u00e1svizsg\u00e1latb\u00f3l teljes m\u00e9rt\u00e9kben hi\u00e1nyzik egy olyan elemz\u00e9s, amellyel megel\u0151zhet\u0151ek lenn\u00e9nek az emberi hib\u00e1ra \u00e9s a sz\u00e1nd\u00e9kos k\u00e1rokoz\u00e1sra \u2013 p\u00e9ld\u00e1ul a terrorizmusra, szabot\u00e1zsra, h\u00e1bor\u00fas cselekm\u00e9nyekre \u2013 visszavezethet\u0151 s\u00falyos balesetek. Fukusima \u00e9s Csernobil trag\u00e9di\u00e1ja pedig m\u00e1r bebizony\u00edtotta: s\u00falyos, el\u0151re nem l\u00e1that\u00f3 balesetek igenis t\u00f6rt\u00e9nhetnek<\/em>\u201d \u2013 mondta Bozs\u00f3 Brigitta, a Greenpeace Magyarorsz\u00e1g energiakamp\u00e1ny-felel\u0151se.<\/p>\n<p>T\u00e9ves tov\u00e1bb\u00e1 a hat\u00e1stanulm\u00e1nyban szerepl\u0151 Natura 2000-hat\u00e1sbecsl\u00e9s. [3] A Duna eg\u00e9sz szakasza Natura 2000-ter\u00fclet, amivel a kib\u0151v\u00edtett er\u0151m\u0171 k\u00f6zvetlen kapcsolatban lenne. A KHT semmilyen biztos\u00edt\u00e9kot nem ad arra, hogy Paks II kibocs\u00e1tott h\u0171t\u0151vize nem fogja a megengedett korl\u00e1t f\u00f6l\u00e9 meleg\u00edteni a Dun\u00e1t. Ha ez megt\u00f6rt\u00e9nne, az visszaford\u00edthatatlan \u00f6kol\u00f3giai v\u00e1ltoz\u00e1sokat okozna az orsz\u00e1g \u00edv\u00f3- \u00e9s \u00f6nt\u00f6z\u0151v\u00edzk\u00e9szlet\u00e9t ad\u00f3, v\u00e9dett foly\u00f3 \u00e9let\u00e9ben. A Duna h\u0151terhel\u00e9se emellett s\u00e9rti a V\u00edz Keretir\u00e1nyelvben \u00e9s a v\u00edzgy\u0171jt\u0151 gazd\u00e1lkod\u00e1si tervekben el\u0151\u00edrt k\u00f6telezetts\u00e9get is.<\/p>\n<p>\u201e<em>Az atomer\u0151m\u0171b\u0151l sz\u00e1rmaz\u00f3 radioakt\u00edv \u00e9s nukle\u00e1ris hullad\u00e9k v\u00e9gleges kezel\u00e9se k\u00f6rnyezeti szempontb\u00f3l kulcsfontoss\u00e1g\u00fa. Paks II m\u00e9gis \u00fagy kapta meg a k\u00f6rnyezeti enged\u00e9lyt, hogy nem tudni, mi lesz az er\u0151sen sug\u00e1rz\u00f3 ki\u00e9gett f\u0171t\u0151elemek sorsa. <\/em>[4] [5]<em> Erre m\u00e9g mindig nincs kidolgozott koncepci\u00f3, annak ellen\u00e9re, hogy ut\u00f3bbit nemzetk\u00f6zi k\u00f6telezetts\u00e9g is el\u0151\u00edrja <\/em>[6]&#8221; \u2013 mondta Korit\u00e1r Zsuzsanna, az Energiaklub energiapolitikai szak\u00e9rt\u0151je.<\/p>\n<p>A Greenpeace \u00e9s az Energiaklub \u00fagy l\u00e1tja, Paks II k\u00f6rnyezetv\u00e9delmi enged\u00e9ly\u00e9t felel\u0151tlens\u00e9g volt kiadnia a hat\u00f3s\u00e1goknak. Az atomer\u0151m\u0171 b\u0151v\u00edt\u00e9se teljesen feleslegess\u00e9 v\u00e1lna, ha a korm\u00e1ny elkezden\u00e9 fejleszteni a biztons\u00e1gos, tiszta \u00e9s versenyk\u00e9pes meg\u00fajul\u00f3 energiaforr\u00e1sok h\u00e1l\u00f3zat\u00e1t, mely Magyarorsz\u00e1g orosz energiaf\u00fcgg\u0151s\u00e9g\u00e9t is cs\u00f6kkenteni tudn\u00e1.<\/p>\n<p><span><span>\u00a0<\/span><\/span><\/p>\n<p><strong>Jegyzetek:<\/strong><br \/>\n<span>[1] Paks II k\u00f6rnyezeti hat\u00e1stanulm\u00e1nya:<\/span><br \/>\n<a href=\"http:\/\/oracle.barko.hu\/kofo\/755.zip\"><span>http:\/\/oracle.barko.hu\/kofo\/755.zip<\/span><\/a><\/p>\n<p>A k\u00f6rnyezeti hat\u00e1svizsg\u00e1lati elj\u00e1r\u00e1s, a k\u00f6rnyezetv\u00e9delmi enged\u00e9ly \u00e9s a kapcsol\u00f3d\u00f3 dokumentumok: <a href=\"http:\/\/www.kormanyhivatal.hu\/hu\/baranya\/hirdetmenyek\/kornyezetvedelmi-es-termeszetvedelmi-foosztaly-hatosagi-kozlemenyei\/a-mvm-paks-ii-atomeromu-fejleszto-zrt-altal-a-paksi-atomeromu-paks-8803-15-hrsz-u-telephelyen-tervezett-uj-atomeromuvi-blokkok-letesitesevel-kapcsolatos-kornyezeti-hatasvizsgalati-eljaras\">http:\/\/www.kormanyhivatal.hu\/hu\/baranya\/hirdetmenyek\/kornyezetvedelmi-es-termeszetvedelmi-foosztaly-hatosagi-kozlemenyei\/a-mvm-paks-ii-atomeromu-fejleszto-zrt-altal-a-paksi-atomeromu-paks-8803-15-hrsz-u-telephelyen-tervezett-uj-atomeromuvi-blokkok-letesitesevel-kapcsolatos-kornyezeti-hatasvizsgalati-eljaras<\/a><\/p>\n<p>[2] \u201eIndokolatlan, nem v\u00e1rt vagy nem ellen\u0151rz\u00f6tt radioakt\u00edv kibocs\u00e1t\u00e1sokat megfelel\u0151 m\u0171szaki \u00e9s szervez\u00e9si int\u00e9zked\u00e9sekkel meg kell el\u0151zni.\u201d L\u00e1sd K\u00f6rnyezetv\u00e9delmi enged\u00e9ly 12. o. 1.2.31.: <a href=\"https:\/\/www.greenpeace.org\/static\/planet4-hungary-stateless\/2018\/10\/paks-78-140_201609290815.pdf\">https:\/\/www.greenpeace.org\/static\/planet4-hungary-stateless\/2018\/10\/paks-78-140_201609290815.pdf<\/a><\/p>\n<p>[3] \u201eAz \u00faj blokkok l\u00e9tes\u00edt\u00e9s\u00e9nek ter\u00fclete k\u00f6zvetlen\u00fcl nem \u00e9rint Natura 2000 ter\u00fcletet.\u201d L\u00e1sd K\u00f6rnyezetv\u00e9delmi enged\u00e9ly 68. o.: <a href=\"https:\/\/www.greenpeace.org\/static\/planet4-hungary-stateless\/2018\/10\/paks-78-140_201609290815.pdf\">https:\/\/www.greenpeace.org\/static\/planet4-hungary-stateless\/2018\/10\/paks-78-140_201609290815.pdf<\/a><\/p>\n<p>[4] \u201eGondoskodni kell a tev\u00e9kenys\u00e9g v\u00e9gz\u00e9se sor\u00e1n keletkez\u0151 ki\u00e9gett f\u0171t\u0151elemek kezel\u00e9s\u00e9r\u0151l, k\u00f6rnyezetszennyez\u00e9st kiz\u00e1r\u00f3 m\u00f3don t\u00f6rt\u00e9n\u0151 biztons\u00e1gos t\u00e1rol\u00e1s\u00e1r\u00f3l (pihentet\u00e9s, \u00e1tmeneti t\u00e1rol\u00e1s) \u00e9s v\u00e9gleges elhelyez\u00e9s\u00e9r\u0151l (\u00e1rtalmatlan\u00edt\u00e1s\u00e1r\u00f3l)\u201d \u2013 l\u00e1sd K\u00f6rnyezetv\u00e9delmi enged\u00e9ly 11. o. 1.2.25.: \u00a0<a href=\"https:\/\/www.greenpeace.org\/static\/planet4-hungary-stateless\/2018\/10\/paks-78-140_201609290815.pdf\">https:\/\/www.greenpeace.org\/static\/planet4-hungary-stateless\/2018\/10\/paks-78-140_201609290815.pdf<\/a><\/p>\n<p>[5] \u201eAmennyiben a ki\u00e9gett f\u0171t\u0151elemek tov\u00e1bbi kezel\u00e9se tervezett (pl. reprocessz\u00e1l\u00e1s), \u00fagy az abb\u00f3l sz\u00e1rmaz\u00f3 radioakt\u00edv hullad\u00e9kok k\u00f6rnyezetszennyez\u00e9st kiz\u00e1r\u00f3 m\u00f3don t\u00f6rt\u00e9n\u0151 biztons\u00e1gos t\u00e1rol\u00e1s\u00e1r\u00f3l \u00e9s v\u00e9gleges elhelyez\u00e9s\u00e9r\u0151l gondoskodni kell.\u201d L\u00e1sd K\u00f6rnyezetv\u00e9delmi eneged\u00e9ly 11. o. 1.2.27.: <a href=\"https:\/\/www.greenpeace.org\/static\/planet4-hungary-stateless\/2018\/10\/paks-78-140_201609290815.pdf\">https:\/\/www.greenpeace.org\/static\/planet4-hungary-stateless\/2018\/10\/paks-78-140_201609290815.pdf<\/a><\/p>\n<p>[6] Az Eur\u00f3pai Uni\u00f3 Tan\u00e1cs\u00e1nak 2011\/70\/Euratom-ir\u00e1nyelve <a href=\"http:\/\/eur-lex.europa.eu\/legal-content\/HU\/TXT\/PDF\/?uri=CELEX:32011L0070&amp;from=HU\">http:\/\/eur-lex.europa.eu\/legal-content\/HU\/TXT\/PDF\/?uri=CELEX:32011L0070&amp;from=HU<\/a><\/p>\n<p><span><span>\u00a0<\/span><\/span><\/p>\n<p><strong>Kor\u00e1bbi sajt\u00f3k\u00f6zlem\u00e9nyeink a t\u00e9m\u00e1ban:<\/strong><\/p>\n<ul>\n<li dir=\"ltr\">\n<span>Paks II k\u00f6rnyezetv\u00e9delmi enged\u00e9lyez\u00e9s\u00e9nek felf\u00fcggeszt\u00e9s\u00e9t k\u00e9ri a Greenpeace<\/span><span><br class=\"kix-line-break\"><\/span><a href=\"https:\/\/www.greenpeace.org\/hungary\/hu\/sajtokozpont\/Paks-II-kornyezetvedelmi-engedelyezesenek-felfuggeszteset-keri-a-Greenpeace\/\"><span>http:\/\/www.greenpeace.org\/hungary\/hu\/sajtokozpont\/Paks-II-kornyezetvedelmi-engedelyezesenek-felfuggeszteset-keri-a-Greenpeace\/<\/span><\/a>\n<\/li>\n<li dir=\"ltr\">\n<span>A Greenpeace \u00e9rt\u00e9kel\u00e9se Paks II k\u00f6rnyezeti hat\u00e1stanulm\u00e1ny\u00e1r\u00f3l<\/span><span><br class=\"kix-line-break\"><\/span><a href=\"https:\/\/www.greenpeace.org\/hungary\/hu\/hirek\/publikaciok\/A-Greenpeace-ertekelese-Paks-II-kornyezeti-hatastanulmanyarol\/\"><span>http:\/\/www.greenpeace.org\/hungary\/hu\/hirek\/publikaciok\/A-Greenpeace-ertekelese-Paks-II-kornyezeti-hatastanulmanyarol\/<\/span><\/a>\n<\/li>\n<li dir=\"ltr\">\n<span>A Greenpeace r\u00e9szv\u00e9tele a paksi k\u00f6zmeghallgat\u00e1sr\u00f3l<\/span><span><br class=\"kix-line-break\"><\/span><a href=\"https:\/\/www.greenpeace.org\/hungary\/hu\/sajtokozpont\/Kozelhallgatas-Pakson\/\"><span>http:\/\/www.greenpeace.org\/hungary\/hu\/sajtokozpont\/Kozelhallgatas-Pakson\/<\/span><\/a>\n<\/li>\n<\/ul>\n<\/div>\n","protected":false},"excerpt":{"rendered":"<div>\n\tBudapest, 2016. okt\u00f3ber 18. \u2013 A Greenpeace Magyarorsz\u00e1g \u00e9s az Energiaklub fellebbez\u00e9st ny\u00fajtott be Paks II k\u00f6rnyezetv\u00e9delmi enged\u00e9lye ellen. A kiadott enged\u00e9ly alapj\u00e1ul szolg\u00e1l\u00f3 k\u00f6rnyezeti hat\u00e1stanulm\u00e1ny (KHT) ugyanis t\u00f6bb ponton hi\u00e1nyos. Nem ad v\u00e1laszt arra, mi t\u00f6rt\u00e9nne s\u00falyos baleset eset\u00e9n; hol t\u00e1roln\u00e1k v\u00e9glegesen a ki\u00e9gett f\u0171t\u0151elemeket; vagy hogyan hatna az er\u0151m\u0171 h\u0151terhel\u00e9se a Duna \u00e9l\u0151vil\u00e1g\u00e1ra. A szervezetek \u00e1ll\u00e1spontja szerint felel\u0151tlens\u00e9g egy ennyire megalapozatlan k\u00f6rnyezeti hat\u00e1svizsg\u00e1lat alapj\u00e1n kiadni a k\u00f6rnyezetv\u00e9delmi enged\u00e9lyt az atomer\u0151m\u0171re. Paks II helyett a tiszta \u00e9s helyi er\u0151forr\u00e1sokon alapul\u00f3 meg\u00fajul\u00f3energia-rendszerek fejleszt\u00e9se \u00e9s elterjeszt\u00e9se szolg\u00e1ln\u00e1 az orsz\u00e1g \u00e9rdekeit.<\/p>\n<\/div>\n","protected":false},"author":25,"featured_media":0,"comment_status":"closed","ping_status":"open","sticky":false,"template":"","format":"standard","meta":{"ep_exclude_from_search":false,"p4_og_title":"","p4_og_description":"","p4_og_image":"","p4_og_image_id":"","p4_seo_canonical_url":"","p4_campaign_name":"","p4_local_project":"","p4_basket_name":"","p4_department":"","footnotes":""},"categories":[1],"tags":[],"p4-page-type":[37],"class_list":["post-1395","post","type-post","status-publish","format-standard","hentry","category-uncategorized","p4-page-type-sajtokozlemeny"],"_links":{"self":[{"href":"https:\/\/www.greenpeace.org\/hungary\/wp-json\/wp\/v2\/posts\/1395","targetHints":{"allow":["GET"]}}],"collection":[{"href":"https:\/\/www.greenpeace.org\/hungary\/wp-json\/wp\/v2\/posts"}],"about":[{"href":"https:\/\/www.greenpeace.org\/hungary\/wp-json\/wp\/v2\/types\/post"}],"author":[{"embeddable":true,"href":"https:\/\/www.greenpeace.org\/hungary\/wp-json\/wp\/v2\/users\/25"}],"replies":[{"embeddable":true,"href":"https:\/\/www.greenpeace.org\/hungary\/wp-json\/wp\/v2\/comments?post=1395"}],"version-history":[{"count":1,"href":"https:\/\/www.greenpeace.org\/hungary\/wp-json\/wp\/v2\/posts\/1395\/revisions"}],"predecessor-version":[{"id":1397,"href":"https:\/\/www.greenpeace.org\/hungary\/wp-json\/wp\/v2\/posts\/1395\/revisions\/1397"}],"wp:attachment":[{"href":"https:\/\/www.greenpeace.org\/hungary\/wp-json\/wp\/v2\/media?parent=1395"}],"wp:term":[{"taxonomy":"category","embeddable":true,"href":"https:\/\/www.greenpeace.org\/hungary\/wp-json\/wp\/v2\/categories?post=1395"},{"taxonomy":"post_tag","embeddable":true,"href":"https:\/\/www.greenpeace.org\/hungary\/wp-json\/wp\/v2\/tags?post=1395"},{"taxonomy":"p4-page-type","embeddable":true,"href":"https:\/\/www.greenpeace.org\/hungary\/wp-json\/wp\/v2\/p4-page-type?post=1395"}],"curies":[{"name":"wp","href":"https:\/\/api.w.org\/{rel}","templated":true}]}}