{"id":14656,"date":"2026-07-23T18:20:34","date_gmt":"2026-07-23T16:20:34","guid":{"rendered":"https:\/\/www.greenpeace.org\/hungary\/?p=14656"},"modified":"2026-08-05T14:44:19","modified_gmt":"2026-08-05T12:44:19","slug":"bar-a-kormanyinfon-elhangzottak-szerint-jelenleg-nincs-hatarertek-feletti-azbesztszennyezes-az-orszagban-az-utolso-kozzetett-adatok-koszegen-es-se-kozsegben-is-jelentos-hatarertek-feletti-szennyezest","status":"publish","type":"post","link":"https:\/\/www.greenpeace.org\/hungary\/sajtokozlemeny\/14656\/bar-a-kormanyinfon-elhangzottak-szerint-jelenleg-nincs-hatarertek-feletti-azbesztszennyezes-az-orszagban-az-utolso-kozzetett-adatok-koszegen-es-se-kozsegben-is-jelentos-hatarertek-feletti-szennyezest\/","title":{"rendered":"B\u00e1r a Korm\u00e1nyinf\u00f3n elhangzottak szerint jelenleg nincs hat\u00e1r\u00e9rt\u00e9k feletti azbesztszennyez\u00e9s az orsz\u00e1gban, az utols\u00f3 k\u00f6zz\u00e9tett adatok K\u0151szegen \u00e9s S\u00e9 k\u00f6zs\u00e9gben is jelent\u0151s hat\u00e1r\u00e9rt\u00e9k feletti szennyez\u00e9st mutattak"},"content":{"rendered":"\n<p class=\"wp-block-paragraph\"><strong>A Greenpeace szerint a nyugat-magyarorsz\u00e1gi azbesztszennyez\u00e9s \u00fcgy\u00e9ben tov\u00e1bbra sem k\u00f6rvonalaz\u00f3dik a helyzet megnyugtat\u00f3 megold\u00e1sa. B\u00e1r&nbsp;<\/strong><a href=\"https:\/\/edmxc.r.sp1-brevo.net\/mk\/cl\/f\/sh\/SMK1E8tHeFuBoopE5t47NYGG9uyO\/57Y7H4aI7TYp\" target=\"_blank\" rel=\"noreferrer noopener\"><strong>kor\u00e1bban<\/strong><\/a><strong>&nbsp;a korm\u00e1ny a szombathelyi Oladi Plat\u00f3 teljes k\u00e1rmentes\u00edt\u00e9s\u00e9t \u00edg\u00e9rte a r\u00e1kkelt\u0151 azbesztet tartalmaz\u00f3 k\u0151z\u00fazal\u00e9kt\u00f3l, \u00e1m a mai&nbsp;<\/strong><a href=\"https:\/\/edmxc.r.sp1-brevo.net\/mk\/cl\/f\/sh\/SMK1E8tHeG13GxeBH3DbTNZ08DYe\/QLoKtFRqoKSD\" target=\"_blank\" rel=\"noreferrer noopener\"><strong>Korm\u00e1nyinf\u00f3n elhangzottak<\/strong><\/a><strong>&nbsp;szerint ez m\u00e9gsem t\u00f6rt\u00e9nik meg. A Greenpeace nem \u00e9rt egyet a kor\u00e1bban bejelentett tervek fel\u00fclb\u00edr\u00e1l\u00e1s\u00e1val, emellett eml\u00e9kezteti a korm\u00e1nyt, hogy az eg\u00e9szs\u00e9g\u00fcgyi kock\u00e1zat nem korl\u00e1toz\u00f3dik Szombathelyre. A szervezet egy \u00e1tfog\u00f3, a teljes r\u00e9gi\u00f3ra kiterjed\u0151 \u00e9s a vesz\u00e9lyes anyag v\u00e9gleges elt\u00e1vol\u00edt\u00e1s\u00e1t priorit\u00e1sk\u00e9nt kezel\u0151 terv l\u00e9trehoz\u00e1s\u00e1t s\u00fcrgeti.<\/strong><\/p>\n\n<figure class=\"wp-block-image size-large  caption-alignment-right\"><img loading=\"lazy\" decoding=\"async\" width=\"1024\" height=\"576\" title=\"Burgenlandban m\u00e1r j\u00faliusban \u00fajranyithatj\u00e1k az osztr\u00e1k azbesztes b\u00e1ny\u00e1kat\" src=\"https:\/\/www.greenpeace.org\/static\/planet4-hungary-stateless\/2026\/06\/6d77101c-osztrak-azbesztes-banya-1024x576.jpg\" alt=\"Burgenlandban m\u00e1r j\u00faliusban \u00fajranyithatj\u00e1k az osztr\u00e1k azbesztes b\u00e1ny\u00e1kat\" class=\"wp-image-14028\" srcset=\"https:\/\/www.greenpeace.org\/static\/planet4-hungary-stateless\/2026\/06\/6d77101c-osztrak-azbesztes-banya-1024x576.jpg 1024w, https:\/\/www.greenpeace.org\/static\/planet4-hungary-stateless\/2026\/06\/6d77101c-osztrak-azbesztes-banya-300x169.jpg 300w, https:\/\/www.greenpeace.org\/static\/planet4-hungary-stateless\/2026\/06\/6d77101c-osztrak-azbesztes-banya-768x432.jpg 768w, https:\/\/www.greenpeace.org\/static\/planet4-hungary-stateless\/2026\/06\/6d77101c-osztrak-azbesztes-banya-1536x864.jpg 1536w, https:\/\/www.greenpeace.org\/static\/planet4-hungary-stateless\/2026\/06\/6d77101c-osztrak-azbesztes-banya-510x287.jpg 510w, https:\/\/www.greenpeace.org\/static\/planet4-hungary-stateless\/2026\/06\/6d77101c-osztrak-azbesztes-banya.jpg 1600w\" sizes=\"auto, (max-width: 1024px) 100vw, 1024px\" \/><figcaption><div class=\"credit icon-left\"> \u00a9 Greenpeace<\/div><\/figcaption><\/figure>\n\n<p class=\"wp-block-paragraph\">A mai Korm\u00e1nyinf\u00f3 egyik t\u00e9m\u00e1ja volt a nyugat-magyarorsz\u00e1gi azbesztszennyez\u00e9s \u00fcgye. Az itt elhangzottak szerint az orsz\u00e1gosan elv\u00e9gzett 667 m\u00e9r\u00e9sb\u0151l kor\u00e1bban mind\u00f6ssze hat helyen m\u00e9rtek hat\u00e1r\u00e9rt\u00e9k feletti azbesztkoncentr\u00e1ci\u00f3t, &nbsp;\u00e9s jelenleg nincs sehol hat\u00e1r\u00e9rt\u00e9k feletti azbesztszennyez\u00e9s. Ezt az \u00e1ll\u00edt\u00e1st egyel\u0151re semmilyen publikus, szakmailag ellen\u0151rizhet\u0151 adattal nem t\u00e1masztott\u00e1k al\u00e1. S\u0151t, a&nbsp;<a href=\"https:\/\/edmxc.r.sp1-brevo.net\/mk\/cl\/f\/sh\/SMK1E8tHeG7uj6T8SDN5ZCrk6W8u\/0g0B1ZK6KGj1\" target=\"_blank\" rel=\"noreferrer noopener\">publikusan el\u00e9rhet\u0151 m\u00e9r\u00e9si eredm\u00e9nyek szerint<\/a>&nbsp;h\u00e1rom helysz\u00ednb\u0151l k\u00e9t helyen, K\u0151szegen \u00e9s S\u00e9 k\u00f6zs\u00e9gben jelent\u0151s hat\u00e1r\u00e9rt\u00e9k t\u00fall\u00e9p\u00e9s volt j\u00falius elej\u00e9n. K\u0151szegen a m\u00e9r\u00e9si napon, a hat\u00e1r\u00e9rt\u00e9ket k\u00f6r\u00fclbel\u00fcl 10-szeresen meghalad\u00f3 volt az azbesztrostok mennyis\u00e9ge a leveg\u0151ben, S\u00e9 k\u00f6zs\u00e9gben pedig a hat\u00e1r\u00e9rt\u00e9k k\u00f6r\u00fclbel\u00fcl k\u00e9tszeres\u00e9t m\u00e9rt\u00e9k. A harmadik helysz\u00ednen az&nbsp;<a href=\"https:\/\/edmxc.r.sp1-brevo.net\/mk\/cl\/f\/sh\/SMK1E8tHeGEmBFI5dNWZf2AU4ojA\/CrImLquFIEk_\" target=\"_blank\" rel=\"noreferrer noopener\">Oladi Plat\u00f3n val\u00f3ban csak hat\u00e1r\u00e9rt\u00e9k<\/a>&nbsp;k\u00f6zeli \u00e9rt\u00e9ket m\u00e9rtek, \u00e1m&nbsp;<a href=\"https:\/\/edmxc.r.sp1-brevo.net\/mk\/cl\/f\/sh\/SMK1E8tHeGLddO72oXg3krTE37JQ\/vJYZ1BLnOmnx\" target=\"_blank\" rel=\"noreferrer noopener\">egy es\u0151s id\u0151szak ut\u00e1n t\u00f6rt\u00e9nt a m\u00e9r\u00e9s<\/a>, \u00fagy, hogy a teherg\u00e9pj\u00e1rm\u0171 forgalom ki volt \u00e9ppen tiltva a ter\u00fcletr\u0151l.A Greenpeace ez\u00e9rt<strong>&nbsp;nyomat\u00e9kosan s\u00fcrgeti a m\u00e9r\u00e9sek teljes dokument\u00e1ci\u00f3j\u00e1nak \u00e9s a m\u00e9r\u00e9si pontoknak a miel\u0151bbi nyilv\u00e1noss\u00e1gra hozatal\u00e1t,<\/strong>&nbsp;mivel ahogy a szervezet&nbsp;<a href=\"https:\/\/edmxc.r.sp1-brevo.net\/mk\/cl\/f\/sh\/SMK1E8tHeGSV5WvzzhpXqgly1Ptg\/EP0leRtxWsjk\" target=\"_blank\" rel=\"noreferrer noopener\">\u00e1ltal k\u00e9sz\u00edtett t\u00e9rk\u00e9pen is l\u00e1that\u00f3<\/a>, a probl\u00e9ma az eg\u00e9sz nyugat-magyarorsz\u00e1gi r\u00e9gi\u00f3t \u00e9rinti.<\/p>\n\n<p class=\"wp-block-paragraph\">A korm\u00e1ny m\u00falt heti&nbsp;<a href=\"https:\/\/edmxc.r.sp1-brevo.net\/mk\/cl\/f\/sh\/SMK1E8tHeGZMXfkxArz1wW4hziTw\/MmEOhB7YnAbO\" target=\"_blank\" rel=\"noreferrer noopener\">sajt\u00f3t\u00e1j\u00e9koztat\u00f3j\u00e1n<\/a>&nbsp;m\u00e9g a szombathelyi Oladi Plat\u00f3 teljes k\u00e1rmentes\u00edt\u00e9s\u00e9t \u00edg\u00e9rte, \u00e1m ehelyett a ma bejelentett tervek szerint a szennyezett \u00fatszakaszok leaszfaltoz\u00e1sa jelenten\u00e9 a gyors megold\u00e1st. A Greenpeace kor\u00e1bban \u00fcdv\u00f6z\u00f6lte a korm\u00e1ny d\u00f6nt\u00e9s\u00e9t, amely szerint az Oladi Plat\u00f3n felszedt\u00e9k volna az azbeszttel szennyezett k\u0151zetet, \u00e9s a szervezet \u00fajfent hangs\u00falyozza: b\u00e1r teljesen \u00e9rthet\u0151 \u00e9s kiemelten fontos szempont, hogy az \u00e9rintett lakoss\u00e1g eg\u00e9szs\u00e9g\u00e9t azonnal \u00f3vni kell a sz\u00e1ll\u00f3 port\u00f3l,&nbsp;<strong>az azbesztes k\u0151z\u00fazal\u00e9k leaszfaltoz\u00e1sa szakmailag nem elfogadhat\u00f3 elj\u00e1r\u00e1s.<\/strong>&nbsp;<\/p>\n\n<p class=\"wp-block-paragraph\">Ez a l\u00e9p\u00e9s a Greenpeace szerint a probl\u00e9m\u00e1t csup\u00e1n elod\u00e1zza \u00e9s eltemeti: a k\u00e9s\u0151bbi, elker\u00fclhetetlen feltakar\u00edt\u00e1st rendk\u00edv\u00fcl megnehez\u00edti \u00e9s megdr\u00e1g\u00edtja, r\u00e1ad\u00e1sul minden k\u00e9s\u0151bbi k\u00f6zm\u0171- vagy \u00fat\u00e9p\u00edt\u00e9si munk\u00e1t fokozott kock\u00e1zatt\u00e1 tesz, amit csak rendk\u00edv\u00fcl k\u00f6r\u00fclm\u00e9nyes \u00e9s k\u00f6lts\u00e9ges v\u00e9d\u0151int\u00e9zked\u00e9sek mellett lehet majd elv\u00e9gezni. Az azbesztmentes\u00edt\u00e9sben j\u00e1rtas &nbsp;szak\u00e9rt\u0151k szerint az&nbsp;<strong>egyetlen hossz\u00fa t\u00e1von is megnyugtat\u00f3 \u00e9s biztons\u00e1gos megold\u00e1s a vesz\u00e9lyes k\u0151zetanyag miel\u0151bbi, k\u00f6r\u00fcltekint\u0151, alapos \u00e9s teljes feltakar\u00edt\u00e1sa<\/strong>&nbsp;\u2013 nemcsak az Oladi Plat\u00f3n, hanem minden \u00e9rintett ter\u00fcleten, ahol a ter\u00fclet k\u00e9s\u0151bbi bolygat\u00e1sa nem kiz\u00e1rhat\u00f3.<\/p>\n\n<p class=\"wp-block-paragraph\">A Greenpeace szerint az elm\u00falt hetekben sok olyan \u00f6nkorm\u00e1nyzati d\u00f6nt\u00e9s sz\u00fcletett, amely figyelmen k\u00edv\u00fcl hagyta az azbeszttel szennyezett utak mellett \u00e9l\u0151 csal\u00e1dok hossz\u00fa t\u00e1v\u00fa \u00e9rdekeit. A szombathelyi Oladi Plat\u00f3n az \u00f6nkorm\u00e1nyzat a Korm\u00e1nyhivatal m\u00e9r\u00e9seire hivatkozva \u00fagy d\u00f6nt\u00f6tt, hogy&nbsp;<a href=\"https:\/\/edmxc.r.sp1-brevo.net\/mk\/cl\/f\/sh\/SMK1E8tHeGgDzoZuM28W2LNRy14C\/VSEdiZtT5hqZ\" target=\"_blank\" rel=\"noreferrer noopener\">\u00fajra r\u00e1engedi a teherforgalmat arra az \u00fatszakaszra<\/a>, ahol a neh\u00e9zg\u00e9p-forgalom felkavarja a r\u00e1kkelt\u0151 azbesztport. A d\u00f6nt\u00e9st egy olyan m\u00e9r\u00e9ssel indokolt\u00e1k, amely egy&nbsp;<a href=\"https:\/\/edmxc.r.sp1-brevo.net\/mk\/cl\/f\/sh\/SMK1E8tHeGn5RxOrXCI08AgBwJeS\/7PhjjXbxiULD\" target=\"_blank\" rel=\"noreferrer noopener\">rendk\u00edv\u00fcl csapad\u00e9kos<\/a>&nbsp;napot k\u00f6vet\u0151en, teherg\u00e9pj\u00e1rm\u0171-forgalomt\u00f3l elz\u00e1rt id\u0151szakban t\u00f6rt\u00e9nt. A Greenpeace hozz\u00e1teszi, hogy a sok csapad\u00e9k torz\u00edtja a m\u00e9r\u00e9s eredm\u00e9nyeit, korl\u00e1tozva az azbesztrostok megjelen\u00e9s\u00e9t a leveg\u0151ben. A helyi lak\u00f3k\u00f6z\u00f6ss\u00e9g&nbsp;<a href=\"https:\/\/edmxc.r.sp1-brevo.net\/mk\/cl\/f\/sh\/SMK1E8tHeGtwu6DoiMRUDzyvucEi\/PIGHSiiYi_Zz\" target=\"_blank\" rel=\"noreferrer noopener\">tiltakoz\u00f3 ny\u00edlt level\u00e9ben<\/a>&nbsp;elfogadhatatlannak nevezte a teherforgalomr\u00f3l sz\u00f3l\u00f3 d\u00f6nt\u00e9st.<\/p>\n\n<p class=\"wp-block-paragraph\">A z\u00f6ldszervezet arra is felh\u00edvja a korm\u00e1ny figyelm\u00e9t, hogy egy a Greenpeace sz\u00e1m\u00e1ra k\u00e9sz\u00edtett jogi v\u00e9lem\u00e9ny alapj\u00e1n a helyzet \u00e1tfog\u00f3&nbsp;<strong>megold\u00e1s\u00e1ra rendelkez\u00e9sre \u00e1llhatnak&nbsp;<\/strong><a href=\"https:\/\/edmxc.r.sp1-brevo.net\/mk\/cl\/f\/sh\/1t6Af4OiGsDhYHezf1nsyECAi8Ia76\/GbSL8WW-GYQZ\" target=\"_blank\" rel=\"noreferrer noopener\"><strong>uni\u00f3s forr\u00e1sok is<\/strong><\/a><strong>.&nbsp;<\/strong>Ezek bevon\u00e1s\u00e1val a jogszab\u00e1lyoknak \u00e9s az eg\u00e9szs\u00e9g\u00fcgyi k\u00f6vetelm\u00e9nyeknek megfelel\u0151 v\u00e9gleges azbesztmentes\u00edt\u00e9s k\u00f6lts\u00e9gei nem a magyar ad\u00f3fizet\u0151ket \u00e9s a helyi \u00f6nkorm\u00e1nyzatokat terheln\u00e9k. A szervezet azt s\u00fcrgeti, hogy a korm\u00e1ny a \u201eszennyez\u0151 fizet\u201d elv Ausztri\u00e1val szembeni \u00e9rv\u00e9nyes\u00edt\u00e9se mellett m\u00e9rlegelje ezen uni\u00f3s forr\u00e1sok mihamarabbi felhaszn\u00e1l\u00e1s\u00e1t.&nbsp;<\/p>\n","protected":false},"excerpt":{"rendered":"<p>A Greenpeace szerint a nyugat-magyarorsz\u00e1gi azbesztszennyez\u00e9s \u00fcgy\u00e9ben tov\u00e1bbra sem k\u00f6rvonalaz\u00f3dik a helyzet megnyugtat\u00f3 megold\u00e1sa. B\u00e1r\u00a0kor\u00e1bban\u00a0a korm\u00e1ny a szombathelyi Oladi Plat\u00f3 teljes k\u00e1rmentes\u00edt\u00e9s\u00e9t \u00edg\u00e9rte a r\u00e1kkelt\u0151 azbesztet tartalmaz\u00f3 k\u0151z\u00fazal\u00e9kt\u00f3l, \u00e1m a&hellip;<\/p>\n","protected":false},"author":25,"featured_media":14028,"comment_status":"closed","ping_status":"closed","sticky":false,"template":"","format":"standard","meta":{"ep_exclude_from_search":false,"p4_og_title":"","p4_og_description":"","p4_og_image":"","p4_og_image_id":"","p4_seo_canonical_url":"","p4_campaign_name":"","p4_local_project":"","p4_basket_name":"","p4_department":"","footnotes":""},"categories":[4],"tags":[24],"p4-page-type":[37],"class_list":["post-14656","post","type-post","status-publish","format-standard","has-post-thumbnail","hentry","category-ember-tarsadalom","tag-szennyezes","p4-page-type-sajtokozlemeny"],"_links":{"self":[{"href":"https:\/\/www.greenpeace.org\/hungary\/wp-json\/wp\/v2\/posts\/14656","targetHints":{"allow":["GET"]}}],"collection":[{"href":"https:\/\/www.greenpeace.org\/hungary\/wp-json\/wp\/v2\/posts"}],"about":[{"href":"https:\/\/www.greenpeace.org\/hungary\/wp-json\/wp\/v2\/types\/post"}],"author":[{"embeddable":true,"href":"https:\/\/www.greenpeace.org\/hungary\/wp-json\/wp\/v2\/users\/25"}],"replies":[{"embeddable":true,"href":"https:\/\/www.greenpeace.org\/hungary\/wp-json\/wp\/v2\/comments?post=14656"}],"version-history":[{"count":2,"href":"https:\/\/www.greenpeace.org\/hungary\/wp-json\/wp\/v2\/posts\/14656\/revisions"}],"predecessor-version":[{"id":14673,"href":"https:\/\/www.greenpeace.org\/hungary\/wp-json\/wp\/v2\/posts\/14656\/revisions\/14673"}],"wp:featuredmedia":[{"embeddable":true,"href":"https:\/\/www.greenpeace.org\/hungary\/wp-json\/wp\/v2\/media\/14028"}],"wp:attachment":[{"href":"https:\/\/www.greenpeace.org\/hungary\/wp-json\/wp\/v2\/media?parent=14656"}],"wp:term":[{"taxonomy":"category","embeddable":true,"href":"https:\/\/www.greenpeace.org\/hungary\/wp-json\/wp\/v2\/categories?post=14656"},{"taxonomy":"post_tag","embeddable":true,"href":"https:\/\/www.greenpeace.org\/hungary\/wp-json\/wp\/v2\/tags?post=14656"},{"taxonomy":"p4-page-type","embeddable":true,"href":"https:\/\/www.greenpeace.org\/hungary\/wp-json\/wp\/v2\/p4-page-type?post=14656"}],"curies":[{"name":"wp","href":"https:\/\/api.w.org\/{rel}","templated":true}]}}