{"id":1470,"date":"2015-09-28T00:00:00","date_gmt":"2015-09-27T22:00:00","guid":{"rendered":"https:\/\/www.greenpeace.org\/hungary\/uncategorized\/1470\/gyozelem-levonul-a-shell-az-eszaki-sarkvidekrol\/"},"modified":"2019-11-06T09:41:17","modified_gmt":"2019-11-06T08:41:17","slug":"gyozelem-levonul-a-shell-az-eszaki-sarkvidekrol","status":"publish","type":"post","link":"https:\/\/www.greenpeace.org\/hungary\/sajtokozlemeny\/1470\/gyozelem-levonul-a-shell-az-eszaki-sarkvidekrol\/","title":{"rendered":"Gy\u0151zelem! Levonul a Shell az \u00c9szaki-sarkvid\u00e9kr\u0151l"},"content":{"rendered":"<div class=\"leader\">\n\tBudapest, 2015. szeptember 28. \u2013 A Shell el\u0151re nem l\u00e1that\u00f3 id\u0151re felf\u00fcggeszti tev\u00e9kenys\u00e9g\u00e9t az \u00c9szaki-sarkvid\u00e9ken, jelentette be a v\u00e1llalat ma reggel. A d\u00f6nt\u00e9s hatalmas siker, \u00e9s egyben kiv\u00e1l\u00f3 alkalom arra, hogy az \u00c9szaki-sarkvid\u00e9ket mind\u00f6r\u00f6kre v\u00e9delem al\u00e1 helyezz\u00fck. A Greenpeace n\u00e9gy \u00e9ve ind\u00edtotta vil\u00e1gm\u00e9ret\u0171 kamp\u00e1ny\u00e1t, melyhez m\u00e1ig t\u00f6bb mint 7 \u00e9s f\u00e9lmilli\u00f3 ember csatlakozott.<\/p>\n<\/div>\n<div>\n<p><a href=\"http:\/\/www.shell.com\/global\/aboutshell\/investor\/news-and-library\/2015\/shell-updates-on-alaska-exploration.html\">A Shell 2015. szeptember 28-\u00e1n v\u00e1ratlanul bejelentette<\/a>, hogy levonul az \u00c9szaki-sarkvid\u00e9kr\u0151l, mert egy kulcsfontoss\u00e1g\u00fa alaszkai olaj- \u00e9s g\u00e1zkitermel\u0151 ter\u00fcleten nem tal\u00e1lt megfelel\u0151 mennyis\u00e9g\u0171 nyersanyagot.<\/p>\n<p>Az olajc\u00e9g d\u00f6nt\u00e9se hatalmas gy\u0151zelem annak a t\u00f6bb mint 7 \u00e9s f\u00e9lmilli\u00f3 embernek, akik a Shell \u00e9szaki-sarkvid\u00e9ki olajf\u00far\u00e1si tervei ellen ind\u00edtott Greenpeace-kamp\u00e1nyhoz eddig csatlakoztak, \u00e9s al\u00e1\u00edr\u00e1sukkal a sarkvid\u00e9k \u00e9rz\u00e9keny \u00e9l\u0151vil\u00e1g\u00e1nak v\u00e9delm\u00e9ben emelt\u00e9k fel szavukat. Magyarorsz\u00e1gr\u00f3l t\u00f6bb mint 75 ezren \u00edrt\u00e1k al\u00e1 a pet\u00edci\u00f3t.<\/p>\n<p>A v\u00e1llalat d\u00f6nt\u00e9se \u00f3ri\u00e1si lehet\u0151s\u00e9get jelent az Egyes\u00fclt \u00c1llamok eln\u00f6k\u00e9nek arra, hogy mind\u00f6r\u00f6kre olaj- \u00e9s g\u00e1zkitermel\u00e9st\u0151l v\u00e9dett \u00f6vezett\u00e9 nyilv\u00e1n\u00edtsa az \u00c9szaki-sarkvid\u00e9ket \u2013 mondta a d\u00f6nt\u00e9s kapcs\u00e1n Kumi Naidoo, a Greenpeace vezet\u0151je. \u201eKi kell haszn\u00e1lnunk ezt az alkalmat arra, hogy a sarkvid\u00e9ket \u00e1lland\u00f3 v\u00e9delem al\u00e1 vonjuk, \u00e9s a fosszilis energiahordoz\u00f3k kitermel\u00e9se helyett \u00e1t\u00e1lljunk a meg\u00fajul\u00f3 energiahordoz\u00f3k haszn\u00e1lat\u00e1ra. Ha t\u00e9nyleg tenni akarunk a kl\u00edmav\u00e1ltoz\u00e1s ellen, fel kell hagynunk az olajkitermel\u00e9ssel az olvad\u00f3 sarkvid\u00e9ken\u201d \u2013 mondta Kumi Naidoo. <\/p>\n<p>Eff\u00e9le v\u00e9delemre p\u00e9lda az Antarktisz-egyezm\u00e9ny 1991-ben elfogadott k\u00f6rnyezetv\u00e9delmi jegyz\u0151k\u00f6nyve is, mely a ter\u00fclet term\u00e9szeti adotts\u00e1gainak meg\u0151rz\u00e9s\u00e9t \u00e9s v\u00e9delm\u00e9t \u00edrja el\u0151, \u00e9s megtiltja az \u00e1sv\u00e1nyi anyagokkal kapcsolatos mindenfajta tev\u00e9kenys\u00e9get. A jegyz\u0151k\u00f6nyv megsz\u00fclet\u00e9s\u00e9\u00e9rt a Greenpeace 7 \u00e9ven \u00e1t kamp\u00e1nyolt, 1987-t\u0151l kezdve egy \u00e1lland\u00f3 kutat\u00f3t\u00e1bort is m\u0171k\u00f6dtetve a D\u00e9li-sarkvid\u00e9ken. [1]<\/p>\n<p>A Greenpeace \u201eMents\u00fck meg a sarkvid\u00e9ket!\u201d kamp\u00e1nya a mai gy\u0151zelem ut\u00e1n meg\u00fajult er\u0151vel folytat\u00f3dik. \u201eC\u00e9lunk, hogy az \u00c9szaki-sarkvid\u00e9k eg\u00e9sze v\u00e9dett ter\u00fclett\u00e9 v\u00e1ljon. B\u00edzunk abban, hogy a Shell mai bejelent\u00e9s\u00e9vel egy l\u00e9p\u00e9ssel k\u00f6zelebb ker\u00fclt\u00fcnk ehhez a c\u00e9lhoz\u201d \u2013 z\u00e1rta sorait Naidoo.<\/p>\n<p><strong>Jegyzetek:<\/strong><br \/>[1] <a href=\"http:\/\/greenpeace.blog.hu\/2012\/06\/29\/1991_nemzetkozi_egyezmeny_menti_meg_az_antarktiszt_a_halalos_fenyegetestol\">http:\/\/greenpeace.blog.hu\/2012\/06\/29\/1991_nemzetkozi_egyezmeny_menti_meg_az_antarktiszt_a_halalos_fenyegetestol<\/a><\/p>\n<\/div>\n","protected":false},"excerpt":{"rendered":"<div>\n\tBudapest, 2015. szeptember 28. \u2013 A Shell el\u0151re nem l\u00e1that\u00f3 id\u0151re felf\u00fcggeszti tev\u00e9kenys\u00e9g\u00e9t az \u00c9szaki-sarkvid\u00e9ken, jelentette be a v\u00e1llalat ma reggel. A d\u00f6nt\u00e9s hatalmas siker, \u00e9s egyben kiv\u00e1l\u00f3 alkalom arra, hogy az \u00c9szaki-sarkvid\u00e9ket mind\u00f6r\u00f6kre v\u00e9delem al\u00e1 helyezz\u00fck. A Greenpeace n\u00e9gy \u00e9ve ind\u00edtotta vil\u00e1gm\u00e9ret\u0171 kamp\u00e1ny\u00e1t, melyhez m\u00e1ig t\u00f6bb mint 7 \u00e9s f\u00e9lmilli\u00f3 ember csatlakozott.<\/p>\n<\/div>\n","protected":false},"author":25,"featured_media":0,"comment_status":"closed","ping_status":"open","sticky":false,"template":"","format":"standard","meta":{"ep_exclude_from_search":false,"p4_og_title":"","p4_og_description":"","p4_og_image":"","p4_og_image_id":"","p4_seo_canonical_url":"","p4_campaign_name":"","p4_local_project":"","p4_basket_name":"","p4_department":"","footnotes":""},"categories":[2],"tags":[6,26,28],"p4-page-type":[37],"class_list":["post-1470","post","type-post","status-publish","format-standard","hentry","category-klima-energia","tag-klimavedelem","tag-fosszilis","tag-sarkvidek","p4-page-type-sajtokozlemeny"],"_links":{"self":[{"href":"https:\/\/www.greenpeace.org\/hungary\/wp-json\/wp\/v2\/posts\/1470","targetHints":{"allow":["GET"]}}],"collection":[{"href":"https:\/\/www.greenpeace.org\/hungary\/wp-json\/wp\/v2\/posts"}],"about":[{"href":"https:\/\/www.greenpeace.org\/hungary\/wp-json\/wp\/v2\/types\/post"}],"author":[{"embeddable":true,"href":"https:\/\/www.greenpeace.org\/hungary\/wp-json\/wp\/v2\/users\/25"}],"replies":[{"embeddable":true,"href":"https:\/\/www.greenpeace.org\/hungary\/wp-json\/wp\/v2\/comments?post=1470"}],"version-history":[{"count":1,"href":"https:\/\/www.greenpeace.org\/hungary\/wp-json\/wp\/v2\/posts\/1470\/revisions"}],"predecessor-version":[{"id":1471,"href":"https:\/\/www.greenpeace.org\/hungary\/wp-json\/wp\/v2\/posts\/1470\/revisions\/1471"}],"wp:attachment":[{"href":"https:\/\/www.greenpeace.org\/hungary\/wp-json\/wp\/v2\/media?parent=1470"}],"wp:term":[{"taxonomy":"category","embeddable":true,"href":"https:\/\/www.greenpeace.org\/hungary\/wp-json\/wp\/v2\/categories?post=1470"},{"taxonomy":"post_tag","embeddable":true,"href":"https:\/\/www.greenpeace.org\/hungary\/wp-json\/wp\/v2\/tags?post=1470"},{"taxonomy":"p4-page-type","embeddable":true,"href":"https:\/\/www.greenpeace.org\/hungary\/wp-json\/wp\/v2\/p4-page-type?post=1470"}],"curies":[{"name":"wp","href":"https:\/\/api.w.org\/{rel}","templated":true}]}}