{"id":14759,"date":"2026-09-03T15:54:13","date_gmt":"2026-09-03T13:54:13","guid":{"rendered":"https:\/\/www.greenpeace.org\/hungary\/?p=14759"},"modified":"2026-09-03T15:56:00","modified_gmt":"2026-09-03T13:56:00","slug":"uj-gmo-k-szlovakia-az-eu-birosagahoz-fordul-magyarorszagnak-is-lepnie-kell","status":"publish","type":"post","link":"https:\/\/www.greenpeace.org\/hungary\/sajtokozlemeny\/14759\/uj-gmo-k-szlovakia-az-eu-birosagahoz-fordul-magyarorszagnak-is-lepnie-kell\/","title":{"rendered":"\u00daj GMO-k: Szlov\u00e1kia az EU b\u00edr\u00f3s\u00e1g\u00e1hoz fordul \u2013 Magyarorsz\u00e1gnak is l\u00e9pnie kell"},"content":{"rendered":"\n<p class=\"wp-block-paragraph\"><strong>Szlov\u00e1kia megt\u00e1madja az EU B\u00edr\u00f3s\u00e1g\u00e1n az \u00faj GMO-k deregul\u00e1ci\u00f3j\u00e1t lehet\u0151v\u00e9 tev\u0151 uni\u00f3s rendeletet. A Greenpeace Magyarorsz\u00e1g, a Magyar Biokult\u00fara Sz\u00f6vets\u00e9g \u00e9s a Magyar Term\u00e9szetv\u00e9d\u0151k Sz\u00f6vets\u00e9ge k\u00e9ri a magyar korm\u00e1nyt, hogy Szlov\u00e1ki\u00e1hoz hasonl\u00f3an halad\u00e9ktalanul ind\u00edtson jogi elj\u00e1r\u00e1st az Eur\u00f3pai Uni\u00f3 B\u00edr\u00f3s\u00e1ga el\u0151tt az \u00faj GMO-k deregul\u00e1ci\u00f3j\u00e1r\u00f3l sz\u00f3l\u00f3 NGT-rendelet megsemmis\u00edt\u00e9se \u00e9rdek\u00e9ben, \u00e9s m\u0171k\u00f6dj\u00f6n egy\u00fctt Szlov\u00e1ki\u00e1val, valamint a szab\u00e1lyoz\u00e1st ellenz\u0151 m\u00e1s tag\u00e1llamokkal.\u00a0<\/strong><br><\/p>\n\n<figure class=\"wp-block-image size-large\"><img loading=\"lazy\" decoding=\"async\" width=\"1024\" height=\"900\" title=\"V\u00e1ratlan t\u00f6r\u00e9s a magyar GMO-ellenes konszenzusban az EP-szavaz\u00e1son\" src=\"https:\/\/www.greenpeace.org\/static\/planet4-hungary-stateless\/2026\/06\/cf0047ef-mtvsz-1024x900.jpg\" alt=\"V\u00e1ratlan t\u00f6r\u00e9s a magyar GMO-ellenes konszenzusban az EP-szavaz\u00e1son\" class=\"wp-image-14058\" srcset=\"https:\/\/www.greenpeace.org\/static\/planet4-hungary-stateless\/2026\/06\/cf0047ef-mtvsz-1024x900.jpg 1024w, https:\/\/www.greenpeace.org\/static\/planet4-hungary-stateless\/2026\/06\/cf0047ef-mtvsz-300x264.jpg 300w, https:\/\/www.greenpeace.org\/static\/planet4-hungary-stateless\/2026\/06\/cf0047ef-mtvsz-768x675.jpg 768w, https:\/\/www.greenpeace.org\/static\/planet4-hungary-stateless\/2026\/06\/cf0047ef-mtvsz-387x340.jpg 387w, https:\/\/www.greenpeace.org\/static\/planet4-hungary-stateless\/2026\/06\/cf0047ef-mtvsz.jpg 1365w\" sizes=\"auto, (max-width: 1024px) 100vw, 1024px\" \/><\/figure>\n\n<p class=\"wp-block-paragraph\">A szlov\u00e1k korm\u00e1ny szerdai \u00fcl\u00e9s\u00e9n d\u00f6nt\u00f6tt arr\u00f3l, hogy az Eur\u00f3pai Uni\u00f3 B\u00edr\u00f3s\u00e1g\u00e1hoz fordul, \u00e9s megt\u00e1madja az \u00faj GMO-k deregul\u00e1ci\u00f3j\u00e1r\u00f3l sz\u00f3l\u00f3 uni\u00f3s rendeletet. Robert Fico minisztereln\u00f6k a korm\u00e1ny\u00fcl\u00e9st k\u00f6vet\u0151en jelentette be, hogy Szlov\u00e1kia beny\u00fajtja a keresetet.&nbsp;<\/p>\n\n<p class=\"wp-block-paragraph\">A szlov\u00e1k korm\u00e1ny d\u00f6nt\u00e9se m\u00f6g\u00f6tt jelent\u0151s t\u00e1rsadalmi t\u00e1mogat\u00e1s \u00e1ll: egy j\u00faliusi reprezentat\u00edv k\u00f6zv\u00e9lem\u00e9ny-kutat\u00e1s szerint a szlov\u00e1kiai lakosok 75 sz\u00e1zal\u00e9ka t\u00e1mogatta, hogy az orsz\u00e1g az EU B\u00edr\u00f3s\u00e1g\u00e1n t\u00e1madja meg az \u00faj GMO-k deregul\u00e1ci\u00f3j\u00e1t. A megk\u00e9rdezettek 80 sz\u00e1zal\u00e9ka mag\u00e1t a deregul\u00e1ci\u00f3t is elutas\u00edtotta, t\u00f6bb mint h\u00e1romnegyed\u00fck pedig ragaszkodna a kock\u00e1zat\u00e9rt\u00e9kel\u00e9shez \u00e9s a fogyaszt\u00f3i jel\u00f6l\u00e9shez.<\/p>\n\n<p class=\"wp-block-paragraph\">Az \u00faj GMO-k deregul\u00e1ci\u00f3j\u00e1r\u00f3l ugyanakkor jelenleg nincs egys\u00e9ges \u00e1ll\u00e1spont a korm\u00e1nyon bel\u00fcl: m\u00edg Gajdos L\u00e1szl\u00f3, az \u00e9l\u0151 k\u00f6rnyezet\u00e9rt felel\u0151s miniszter j\u00faliusban egy\u00e9rtelm\u0171en ki\u00e1llt a deregul\u00e1ci\u00f3val szemben, \u00e9s jelezte, hogy korm\u00e1nyzati d\u00f6nt\u00e9s eset\u00e9n t\u00e1rc\u00e1ja k\u00e9sz el\u0151k\u00e9sz\u00edteni az uni\u00f3s b\u00edr\u00f3s\u00e1gi keresetet, az agr\u00e1rt\u00e1rca m\u00e1s \u00e1ll\u00e1spontot k\u00e9pvisel. A civil szervezetek ez\u00e9rt azt s\u00fcrgetik, hogy miel\u0151bb sz\u00fclessen korm\u00e1nyd\u00f6nt\u00e9s a jogi fell\u00e9p\u00e9sr\u0151l. Most, hogy Szlov\u00e1kia az Eur\u00f3pai Uni\u00f3 B\u00edr\u00f3s\u00e1g\u00e1hoz fordul a rendelet megsemmis\u00edt\u00e9se \u00e9rdek\u00e9ben, Magyarorsz\u00e1gnak is s\u00fcrg\u0151sen meg kell tennie ezt a l\u00e9p\u00e9st az Alapt\u00f6rv\u00e9nnyel is \u00f6sszhangban.<\/p>\n\n<p class=\"wp-block-paragraph\">N\u00e9h\u00e1ny h\u00f3nappal ezel\u0151tt az Eur\u00f3pai Parlament \u00e9s az Eur\u00f3pai Uni\u00f3 Tan\u00e1csa elfogadta azt a rendeletet, amely az \u00fagynevezett \u00faj g\u00e9nkezel\u00e9si technik\u00e1kkal (NGT) \u2013 vagyis \u00faj g\u00e9nm\u00f3dos\u00edt\u00e1si elj\u00e1r\u00e1sokkal \u2013&nbsp; el\u0151\u00e1ll\u00edtott n\u00f6v\u00e9nyek t\u00falnyom\u00f3 r\u00e9sz\u00e9t kivonja az uni\u00f3s GMO-szab\u00e1lyoz\u00e1s legfontosabb garanci\u00e1i al\u00f3l. Egy, az NGT-n\u00f6v\u00e9nyekr\u0151l sz\u00f3l\u00f3 elemz\u00e9s szerint a rendelet \u00e1ltal \u00e9rintett, besorolhat\u00f3 n\u00f6v\u00e9nyek 94 sz\u00e1zal\u00e9ka az NGT1 kateg\u00f3ri\u00e1ba ker\u00fclhet.<\/p>\n\n<p class=\"wp-block-paragraph\">Az NGT1 n\u00f6v\u00e9nyek eset\u00e9ben nem lesz a GMO-kra el\u0151\u00edrt eseti k\u00f6rnyezeti \u00e9s eg\u00e9szs\u00e9g\u00fcgyi kock\u00e1zat\u00e9rt\u00e9kel\u00e9s, \u00e9s a bel\u0151l\u00fck k\u00e9sz\u00fclt \u00e9lelmiszereket sem kell a fogyaszt\u00f3k sz\u00e1m\u00e1ra NGT-k\u00e9nt vagy GMO-k\u00e9nt jel\u00f6lni. \u00cdgy a v\u00e1s\u00e1rl\u00f3k nem fogj\u00e1k megtudni, ha \u00faj GMO-b\u00f3l k\u00e9sz\u00fclt \u00e9lelmiszer ker\u00fcl a t\u00e1ny\u00e9rjukra. Mindezt \u00fagy, hogy maga az \u00faj uni\u00f3s rendelet is g\u00e9ntechnol\u00f3gi\u00e1val m\u00f3dos\u00edtott n\u00f6v\u00e9nyk\u00e9nt, vagyis GMO-k\u00e9nt hat\u00e1rozza meg az NGT-n\u00f6v\u00e9nyeket.<\/p>\n","protected":false},"excerpt":{"rendered":"<p>Szlov\u00e1kia megt\u00e1madja az EU B\u00edr\u00f3s\u00e1g\u00e1n az \u00faj GMO-k deregul\u00e1ci\u00f3j\u00e1t lehet\u0151v\u00e9 tev\u0151 uni\u00f3s rendeletet. A Greenpeace Magyarorsz\u00e1g, a Magyar Biokult\u00fara Sz\u00f6vets\u00e9g \u00e9s a Magyar Term\u00e9szetv\u00e9d\u0151k Sz\u00f6vets\u00e9ge k\u00e9ri a magyar korm\u00e1nyt, hogy&hellip;<\/p>\n","protected":false},"author":25,"featured_media":14058,"comment_status":"closed","ping_status":"closed","sticky":false,"template":"","format":"standard","meta":{"ep_exclude_from_search":false,"p4_og_title":"","p4_og_description":"","p4_og_image":"","p4_og_image_id":"","p4_seo_canonical_url":"","p4_campaign_name":"","p4_local_project":"","p4_basket_name":"","p4_department":"","footnotes":""},"categories":[4],"tags":[24],"p4-page-type":[37],"class_list":["post-14759","post","type-post","status-publish","format-standard","has-post-thumbnail","hentry","category-ember-tarsadalom","tag-szennyezes","p4-page-type-sajtokozlemeny"],"_links":{"self":[{"href":"https:\/\/www.greenpeace.org\/hungary\/wp-json\/wp\/v2\/posts\/14759","targetHints":{"allow":["GET"]}}],"collection":[{"href":"https:\/\/www.greenpeace.org\/hungary\/wp-json\/wp\/v2\/posts"}],"about":[{"href":"https:\/\/www.greenpeace.org\/hungary\/wp-json\/wp\/v2\/types\/post"}],"author":[{"embeddable":true,"href":"https:\/\/www.greenpeace.org\/hungary\/wp-json\/wp\/v2\/users\/25"}],"replies":[{"embeddable":true,"href":"https:\/\/www.greenpeace.org\/hungary\/wp-json\/wp\/v2\/comments?post=14759"}],"version-history":[{"count":2,"href":"https:\/\/www.greenpeace.org\/hungary\/wp-json\/wp\/v2\/posts\/14759\/revisions"}],"predecessor-version":[{"id":14761,"href":"https:\/\/www.greenpeace.org\/hungary\/wp-json\/wp\/v2\/posts\/14759\/revisions\/14761"}],"wp:featuredmedia":[{"embeddable":true,"href":"https:\/\/www.greenpeace.org\/hungary\/wp-json\/wp\/v2\/media\/14058"}],"wp:attachment":[{"href":"https:\/\/www.greenpeace.org\/hungary\/wp-json\/wp\/v2\/media?parent=14759"}],"wp:term":[{"taxonomy":"category","embeddable":true,"href":"https:\/\/www.greenpeace.org\/hungary\/wp-json\/wp\/v2\/categories?post=14759"},{"taxonomy":"post_tag","embeddable":true,"href":"https:\/\/www.greenpeace.org\/hungary\/wp-json\/wp\/v2\/tags?post=14759"},{"taxonomy":"p4-page-type","embeddable":true,"href":"https:\/\/www.greenpeace.org\/hungary\/wp-json\/wp\/v2\/p4-page-type?post=14759"}],"curies":[{"name":"wp","href":"https:\/\/api.w.org\/{rel}","templated":true}]}}