{"id":1479,"date":"2015-11-10T00:00:00","date_gmt":"2015-11-09T22:00:00","guid":{"rendered":"https:\/\/www.greenpeace.org\/hungary\/uncategorized\/1479\/a-batorsagot-nem-lehet-beszantani\/"},"modified":"2019-11-06T09:41:15","modified_gmt":"2019-11-06T08:41:15","slug":"a-batorsagot-nem-lehet-beszantani","status":"publish","type":"post","link":"https:\/\/www.greenpeace.org\/hungary\/sajtokozlemeny\/1479\/a-batorsagot-nem-lehet-beszantani\/","title":{"rendered":"\u201eA b\u00e1tors\u00e1got nem lehet besz\u00e1ntani\u201d"},"content":{"rendered":"<h2>K\u00f6z\u00f6s nyilatkozat a magyar \u00e1llamnak a Greenpeace \u00e9s Kishantos ellen ind\u00edtott pere kapcs\u00e1n<\/h2>\n<\/p>\n<div class=\"leader\">\n\tA Nemzeti F\u00f6ldalapkezel\u0151 Szervezet 14 milli\u00f3 forintos k\u00e1rt\u00e9r\u00edt\u00e9si pert ind\u00edtott a Kishantosi Nonprofit Kft. \u00e9s a Greenpeace Magyarorsz\u00e1g ellen. A magyar \u00e1llam t\u00f6bbek k\u00f6z\u00f6tt a vitatott kishantosi f\u00f6ldb\u00e9rleti p\u00e1ly\u00e1zatok elleni b\u00e9k\u00e9s \u00e9s t\u00f6rv\u00e9nyes tiltakoz\u00e1sok megel\u0151z\u00e9s\u00e9re felfogadott biztons\u00e1gi c\u00e9g k\u00f6lts\u00e9geit akarja megfizettetni. Alul\u00edrottak t\u00e1mogat\u00e1sunkr\u00f3l biztos\u00edtjuk a perbe fogott szervezeteket.\n<\/div>\n<div>\n<p>M\u00e1ig f\u00e1j\u00f3 az a nap, amikor Kishantos egykori f\u00f6ldjeinek \u201e\u00faj b\u00e9rl\u0151i\u201d m\u0171vel\u00e9sbe v\u00e9tel c\u00edmsz\u00f3 alatt elpuszt\u00edtott\u00e1k a biogazdas\u00e1g t\u00f6bb mint 100 milli\u00f3 forint \u00e9rt\u00e9k\u0171 bion\u00f6v\u00e9nyeit. Kishantos m\u00e9gis a t\u00fal\u00e9l\u00e9s mellett d\u00f6nt\u00f6tt, \u00e9s az\u00f3ta is k\u00fczd a megmarad\u00e1s\u00e9rt. Mert a b\u00e1tors\u00e1got nem lehet besz\u00e1ntani.<\/p>\n<p>A per els\u0151 t\u00e1rgyal\u00e1s\u00e1nak napj\u00e1t, november 10-\u00e9t ez\u00e9rt a b\u00e1tors\u00e1g napj\u00e1v\u00e1 nyilv\u00e1n\u00edtjuk. Egy olyan napp\u00e1, amikor egy\u00fctt mondjuk, hogy kell \u00e9s \u00e9rdemes is ki\u00e1llni az igazunk\u00e9rt. Amikor egy\u00fctt mutatjuk meg, hogy sz\u00e1m\u00edthatunk egym\u00e1sra, ha meg kell v\u00e9deni azokat az alap\u00e9rt\u00e9keket, amelyek\u00e9rt k\u00fczd\u00fcnk.<\/p>\n<p>B\u00e1r \u00f6sszefog\u00e1sunknak ezen abszurd per adta meg az alapj\u00e1t, k\u00f6z\u00f6s ki\u00e1ll\u00e1sunk messze t\u00falmutat a konkr\u00e9t \u00fcgy\u00f6n. Ez a k\u00f6z\u00f6ss\u00e9gi \u00e9rt\u00e9kek v\u00e9delm\u00e9r\u0151l, a sz\u00f3l\u00e1sszabads\u00e1gr\u00f3l, gy\u00fclekez\u00e9si jogr\u00f3l \u00e9s az eg\u00e9szs\u00e9ges j\u00f6v\u0151nkh\u00f6z val\u00f3 jogunkr\u00f3l is sz\u00f3l. Arr\u00f3l, hogy mindannyian szabadon, \u00e9s a megtorl\u00e1st\u00f3l val\u00f3 f\u00e9lelem n\u00e9lk\u00fcl dolgozhassunk a t\u00e1rsadalmat szolg\u00e1l\u00f3 c\u00e9ljaink\u00e9rt.<\/p>\n<p>Mi, al\u00e1\u00edr\u00f3k a demokr\u00e1cia egyik kulcs\u00e1nak tartjuk, hogy minden magyar \u00e1llampolg\u00e1r b\u00e1tran l\u00e9phessen fel az igazs\u00e1gtalans\u00e1g, a jogtalans\u00e1g, \u00e9s a k\u00f6z\u00f6ss\u00e9geket, szervezeteket ellehetetlen\u00edt\u0151 int\u00e9zked\u00e9sek ellen. Ez\u00e9rt \u00e1llunk ki ma k\u00f6z\u00f6sen, rem\u00e9nyeink szerint ezzel m\u00e1soknak is er\u0151t \u00e9s hitet adva a mindennapi b\u00e1tors\u00e1ghoz: a tiltakoz\u00e1s mindannyiunk alapvet\u0151 joga, \u00e9s a tiltakoz\u00e1s nem rombol, hanem er\u0151sebb\u00e9 tesz. Hisz\u00fcnk benne, hogy az \u00e9p\u00edt\u00e9s ereje nagyobb a puszt\u00edt\u00e1sn\u00e1l.<\/p>\n<p><strong>2015. november 10.<\/strong><\/p>\n<p><strong>Al\u00e1\u00edr\u00f3 szervezetek:<\/strong><\/p>\n<p>Anthropolis Egyes\u00fclet<br \/>Auton\u00f3mia Alap\u00edtv\u00e1ny<br \/>Beretzk P\u00e9ter Term\u00e9szetv\u00e9delmi Klub<br \/>Civil Koll\u00e9gium Alap\u00edtv\u00e1ny<br \/>Cromo Alap\u00edtv\u00e1ny<br \/>Demokratikus Jogok Fejleszt\u00e9s\u00e9\u00e9rt Alap\u00edtv\u00e1ny (DemNet)<br \/>Eleven Eml\u00e9km\u0171<br \/>Eur\u00f3pai F\u00f6deralist\u00e1k Uni\u00f3ja Magyarorsz\u00e1g Egyes\u00fclet (UEF Hungary)<br \/>Fauna Alap\u00edtv\u00e1ny<br \/>GATE Z\u00f6ld Klub<br \/>GreenDependent \u2013 Fenntarthat\u00f3 Megold\u00e1sok Egyes\u00fclete<br \/>H\u00e1tt\u00e9r T\u00e1rsas\u00e1g<br \/>Hum\u00e1n Platform<br \/>K\u00e9k Plan\u00e9ta Alap\u00edtv\u00e1ny<br \/>Leveg\u0151 Munkacsoport<br \/>Magonc Alap\u00edtv\u00e1ny<br \/>Magyar Helsinki Bizotts\u00e1g<br \/>Magyar K\u00f6rnyezetgazdas\u00e1gtani K\u00f6zpont<br \/>Magyar LMBT Sz\u00f6vets\u00e9g<br \/>Magyarorsz\u00e1gi Eur\u00f3pa T\u00e1rsas\u00e1g (MET)<br \/>Maradjanak a F\u00c1K a R\u00f3main<br \/>Nemzeti \u00e9s Etnikai Kisebbs\u00e9gi Jogv\u00e9d\u0151 Iroda (NEKI)<br \/>Nonprofit Inform\u00e1ci\u00f3s \u00e9s Oktat\u00f3 K\u00f6zpont Alap\u00edtv\u00e1ny (NIOK)<br \/>\u00d6kot\u00e1rs Alap\u00edtv\u00e1ny<br \/>Reflex K\u00f6rnyezetv\u00e9d\u0151 Egyes\u00fclet <br \/>Szubjekt\u00edv \u00c9rt\u00e9kek Alap\u00edtv\u00e1ny<br \/>Sz\u00fclet\u00e9sh\u00e1z Egyes\u00fclet<br \/>T\u00e1rsas\u00e1g a Szabads\u00e1gjogok\u00e9rt (TASZ)<br \/>V\u00e9degylet Egyes\u00fclet<br \/>Z\u00f6ld P\u00f3k Alap\u00edtv\u00e1ny<br \/>Z\u00f6ld Szabadegyetem Egyes\u00fclet<\/p>\n<\/div>\n","protected":false},"excerpt":{"rendered":"<div>\n\tA Nemzeti F\u00f6ldalapkezel\u0151 Szervezet 14 milli\u00f3 forintos k\u00e1rt\u00e9r\u00edt\u00e9si pert ind\u00edtott a Kishantosi Nonprofit Kft. \u00e9s a Greenpeace Magyarorsz\u00e1g ellen. A magyar \u00e1llam t\u00f6bbek k\u00f6z\u00f6tt a vitatott kishantosi f\u00f6ldb\u00e9rleti p\u00e1ly\u00e1zatok elleni b\u00e9k\u00e9s \u00e9s t\u00f6rv\u00e9nyes tiltakoz\u00e1sok megel\u0151z\u00e9s\u00e9re felfogadott biztons\u00e1gi c\u00e9g k\u00f6lts\u00e9geit akarja megfizettetni. Alul\u00edrottak t\u00e1mogat\u00e1sunkr\u00f3l biztos\u00edtjuk a perbe fogott szervezeteket.\n<\/div>\n","protected":false},"author":25,"featured_media":0,"comment_status":"closed","ping_status":"open","sticky":false,"template":"","format":"standard","meta":{"ep_exclude_from_search":false,"p4_og_title":"","p4_og_description":"","p4_og_image":"","p4_og_image_id":"","p4_seo_canonical_url":"","p4_campaign_name":"","p4_local_project":"","p4_basket_name":"","p4_department":"","footnotes":""},"categories":[4],"tags":[35,18],"p4-page-type":[37],"class_list":["post-1479","post","type-post","status-publish","format-standard","hentry","category-ember-tarsadalom","tag-okogazdalkodas","tag-beke","p4-page-type-sajtokozlemeny"],"_links":{"self":[{"href":"https:\/\/www.greenpeace.org\/hungary\/wp-json\/wp\/v2\/posts\/1479","targetHints":{"allow":["GET"]}}],"collection":[{"href":"https:\/\/www.greenpeace.org\/hungary\/wp-json\/wp\/v2\/posts"}],"about":[{"href":"https:\/\/www.greenpeace.org\/hungary\/wp-json\/wp\/v2\/types\/post"}],"author":[{"embeddable":true,"href":"https:\/\/www.greenpeace.org\/hungary\/wp-json\/wp\/v2\/users\/25"}],"replies":[{"embeddable":true,"href":"https:\/\/www.greenpeace.org\/hungary\/wp-json\/wp\/v2\/comments?post=1479"}],"version-history":[{"count":1,"href":"https:\/\/www.greenpeace.org\/hungary\/wp-json\/wp\/v2\/posts\/1479\/revisions"}],"predecessor-version":[{"id":1480,"href":"https:\/\/www.greenpeace.org\/hungary\/wp-json\/wp\/v2\/posts\/1479\/revisions\/1480"}],"wp:attachment":[{"href":"https:\/\/www.greenpeace.org\/hungary\/wp-json\/wp\/v2\/media?parent=1479"}],"wp:term":[{"taxonomy":"category","embeddable":true,"href":"https:\/\/www.greenpeace.org\/hungary\/wp-json\/wp\/v2\/categories?post=1479"},{"taxonomy":"post_tag","embeddable":true,"href":"https:\/\/www.greenpeace.org\/hungary\/wp-json\/wp\/v2\/tags?post=1479"},{"taxonomy":"p4-page-type","embeddable":true,"href":"https:\/\/www.greenpeace.org\/hungary\/wp-json\/wp\/v2\/p4-page-type?post=1479"}],"curies":[{"name":"wp","href":"https:\/\/api.w.org\/{rel}","templated":true}]}}