{"id":1481,"date":"2017-02-06T00:00:00","date_gmt":"2017-02-05T22:00:00","guid":{"rendered":"https:\/\/www.greenpeace.org\/hungary\/uncategorized\/1481\/meg-mindig-nem-tudjuk-szabalyszeruen-uzemeltettek-e-a-vorosiszap-tarozot-a-kolontari-katasztrofa-elott\/"},"modified":"2019-11-06T09:40:57","modified_gmt":"2019-11-06T08:40:57","slug":"meg-mindig-nem-tudjuk-szabalyszeruen-uzemeltettek-e-a-vorosiszap-tarozot-a-kolontari-katasztrofa-elott","status":"publish","type":"post","link":"https:\/\/www.greenpeace.org\/hungary\/sajtokozlemeny\/1481\/meg-mindig-nem-tudjuk-szabalyszeruen-uzemeltettek-e-a-vorosiszap-tarozot-a-kolontari-katasztrofa-elott\/","title":{"rendered":"M\u00e9g mindig nem tudjuk: szab\u00e1lyszer\u0171en \u00fczemeltett\u00e9k-e a v\u00f6r\u00f6siszap-t\u00e1roz\u00f3t a kolont\u00e1ri katasztr\u00f3fa el\u0151tt?"},"content":{"rendered":"<div class=\"leader\">\n\tBudapest, 2017. febru\u00e1r 6. \u2013 A Greenpeace Magyarorsz\u00e1g szomor\u00faan veszi tudom\u00e1sul, hogy a t\u00f6bb mint hat \u00e9vvel ezel\u0151tti kolont\u00e1ri v\u00f6r\u00f6siszap-katasztr\u00f3f\u00e1nak m\u00e9g mindig nem tal\u00e1lt\u00e1k meg a felel\u0151seit. A z\u00f6ld szervezet rem\u00e9li, hogy a Gy\u0151ri \u00cdt\u00e9l\u0151t\u00e1bla mai \u00edt\u00e9lete k\u00f6vetkezt\u00e9ben \u00fajraindul\u00f3 v\u00f6r\u00f6siszap-b\u00fcntet\u0151per sor\u00e1n m\u00e9g az el\u00e9v\u00fcl\u00e9s el\u0151tt kider\u00fcl: jogszer\u0171en volt-e az 1 milli\u00f3 k\u00f6bm\u00e9ternyi mar\u00f3 folyad\u00e9k a nem vesz\u00e9lyes hullad\u00e9k t\u00e1rol\u00e1s\u00e1ra enged\u00e9lyezett t\u00e1roz\u00f3ban. A jelenlegin\u00e9l j\u00f3val hat\u00e9konyabb, az el\u0151\u00edr\u00e1sokat \u00e9s t\u00f6rv\u00e9nyeket val\u00f3ban betartat\u00f3 hat\u00f3s\u00e1gi m\u0171k\u00f6d\u00e9sre van sz\u00fcks\u00e9g a magyar lakoss\u00e1g \u00e9s haz\u00e1nk term\u00e9szeti k\u00f6rnyezet\u00e9nek v\u00e9delm\u00e9ben.\n<\/div>\n<div>\n<p id=\"docs-internal-guid-95db87ee-1380-755e-1f5b-b777f71f1a88\" dir=\"ltr\">A Gy\u0151ri \u00cdt\u00e9l\u0151t\u00e1bla m\u00e1sodfok\u00fa \u00edt\u00e9let\u00e9ben hat\u00e1lyon k\u00edv\u00fcl helyezte a Veszpr\u00e9mi T\u00f6rv\u00e9nysz\u00e9k v\u00f6r\u00f6siszap-b\u00fcntet\u0151perben hozott els\u0151 fok\u00fa \u00edt\u00e9let\u00e9t. Az elj\u00e1r\u00e1s \u00fajraindul\u00e1sa lehet\u0151s\u00e9get ad arra, hogy a rendelkez\u00e9sre \u00e1ll\u00f3 bizony\u00edt\u00e9kok megvizsg\u00e1l\u00e1s\u00e1val \u00e9s megfelel\u0151 szak\u00e9rt\u0151k bevon\u00e1s\u00e1val v\u00e9gre kider\u00fclj\u00f6n, szab\u00e1lyszer\u0171en \u00fczemeltett\u00e9k-e a t\u00e1roz\u00f3t a katasztr\u00f3f\u00e1t megel\u0151z\u0151en.<\/p>\n<p>A Greenpeace m\u00e1r sz\u00e1mtalanszor felh\u00edvta a figyelmet arra, hogy t\u00f6bb tiszt\u00e1zatlan elem fedezhet\u0151 fel a jogszab\u00e1lyi el\u0151\u00edr\u00e1sok, a MAL Zrt. enged\u00e9lyeiben le\u00edrtak \u00e9s a v\u00f6r\u00f6siszap-t\u00e1roz\u00f3n a gyakorlatban foly\u00f3 tev\u00e9kenys\u00e9g k\u00f6z\u00f6tt. A z\u00f6ld szervezet legut\u00f3bb a m\u00e1sodfok\u00fa elj\u00e1r\u00e1s sor\u00e1n ny\u00fajtotta be agg\u00e1lyait a Gy\u0151ri \u00cdt\u00e9l\u0151t\u00e1bl\u00e1nak. [1]<br \/>\nA baleset bek\u00f6vetkeztekor k\u00f6zel egymilli\u00f3 k\u00f6bm\u00e9ter foly\u00e9kony l\u00fag volt a t\u00e1roz\u00f3n, [2] \u00e9s a mint\u00e1k l\u00fagoss\u00e1ga k\u00e9t nagys\u00e1grenddel (legal\u00e1bb sz\u00e1zszorosan) haladta meg a vesz\u00e9lyess\u00e9gi \u00e9rt\u00e9ket. [3] Ehhez k\u00e9pest a MAL Zrt. 2006-os egys\u00e9ges k\u00f6rnyezethaszn\u00e1lati enged\u00e9ly\u00e9ben (10897\/05) [4] a X. kazetta <em>\u201enem vesz\u00e9lyeshullad\u00e9k-t\u00e1rol\u00f3k\u00e9nt\u201d<\/em> lett besorolva, [4] \u00e9s a szakv\u00e9lem\u00e9ny, valamint a K\u00f6rnyezetv\u00e9delmi Fel\u00fcgyel\u0151s\u00e9g vonatkoz\u00f3 dokumentum\u00e1ban is az szerepel, hogy a l\u00fagot visszanyerik a t\u00e1roz\u00f3b\u00f3l. [5]<br \/>\nAz \u00fcgy kapcs\u00e1n az alapvet\u0151 jogok biztosa kimondta: <em>\u201eA fel\u00fcgyel\u0151s\u00e9g egy\u00e9rtelm\u0171en jogellenesen j\u00e1rt el akkor, amikor kiz\u00e1r\u00f3lag a v\u00f6r\u00f6siszapr\u00f3l \u2013 mint nem vesz\u00e9lyes hullad\u00e9kr\u00f3l \u2013 vett tudom\u00e1st, \u00e9s figyelmen k\u00edv\u00fcl hagyta az ott t\u00e1rolt t\u00f6m\u00e9ny l\u00fagot, a n\u00e1trium-hidroxidot.\u201d<\/em> [6] A katasztr\u00f3f\u00e1t k\u00f6vet\u0151en az Eur\u00f3pai Bizotts\u00e1g kijelentette, hogy <em>\u201ea Bizotts\u00e1g \u00fagy \u00edt\u00e9li meg, hogy ezt a hullad\u00e9kot \u2013 tekintettel annak rendk\u00edv\u00fcl mar\u00f3 jelleg\u00e9re \u2013 vesz\u00e9lyes hullad\u00e9kk\u00e9nt kellett volna besorolni.\u201d<\/em> [7]<br \/>\nA katasztr\u00f3fa nem k\u00f6vetkezhetett volna be, ha az alacsony nedvess\u00e9gtartalm\u00fa v\u00f6r\u00f6siszap t\u00e1rol\u00e1s\u00e1ra enged\u00e9llyel rendelkez\u0151 t\u00e1roz\u00f3ban nem t\u00e1roltak volna nagy mennyis\u00e9g\u0171 folyad\u00e9kot \u00e9s l\u00fagot is. A MAL kor\u00e1bbi katasztr\u00f3famegel\u0151z\u00e9si terve csup\u00e1n legfeljebb 400 ezer k\u00f6bm\u00e9ter kijut\u00f3 anyaggal sz\u00e1molt: ehhez k\u00e9pest kb. egymilli\u00f3 k\u00f6bm\u00e9ter jutott ki. [8] Az \u00fcgyben megsz\u00f3lalt igazs\u00e1g\u00fcgyi szak\u00e9rt\u0151 szerint <em>\u201ea kolont\u00e1ri zagyt\u00e1roz\u00f3 tragikus g\u00e1tszakad\u00e1s\u00e1t \u2013 tan\u00fakkal \u00e9s t\u00e9nyadatokkal bizony\u00edtottan \u2013 a t\u00falt\u00f6lt\u00e9s eredm\u00e9nyezte.\u201d<\/em> [9]<br \/>\n<em>\u201eA katasztr\u00f3fa \u00f3ta t\u00f6bb mint hat \u00e9v telt el, \u00e9s m\u00e9g mindig nem tudjuk, ki a felel\u0151s a t\u00edz ember \u00e9letet k\u00f6vetel\u0151 \u00e9s sok t\u00edzmilli\u00e1rd forintos k\u00e1rt okoz\u00f3 kolont\u00e1ri v\u00f6r\u00f6siszap-katasztr\u00f3f\u00e1\u00e9rt. Rem\u00e9lj\u00fck, hogy m\u00e9g az el\u00e9v\u00fcl\u00e9s el\u0151tt \u00edt\u00e9let sz\u00fcletik, \u00e9s f\u00e9ny der\u00fcl a val\u00f3di felel\u0151s\u00f6kre. Annak \u00e9rdek\u00e9ben, hogy t\u00f6bbet ne fordulhasson el\u0151 hasonl\u00f3 katasztr\u00f3fa Magyarorsz\u00e1gon, a Greenpeace azt v\u00e1rja, hogy a hat\u00f3s\u00e1gok tartsanak rendszeres, szigor\u00fa ellen\u0151rz\u00e9seket, \u00e9s garant\u00e1lj\u00e1k a t\u00f6rv\u00e9nyek betartat\u00e1s\u00e1t\u201d<\/em> \u2013 nyilatkozta Simon Gergely, a Greenpeace vegyianyag-szak\u00e9rt\u0151je.<\/p>\n<p id=\"docs-internal-guid-95db87ee-1382-3fe2-8993-65612ec6143b\" dir=\"ltr\"><strong>Jegyzetek:<\/strong><\/p>\n<p>[1] A Gy\u0151ri \u00cdt\u00e9l\u0151t\u00e1bl\u00e1nak janu\u00e1r 30-\u00e1n e-mailben elk\u00fcld\u00f6tt agg\u00e1lyok: <a href=\"https:\/\/www.greenpeace.org\/static\/planet4-hungary-stateless\/2018\/10\/f8054bd8-f8054bd8-greenpeace_megallapitasok.pdf\">https:\/\/www.greenpeace.org\/static\/planet4-hungary-stateless\/2018\/10\/f8054bd8-f8054bd8-greenpeace_megallapitasok.pdf<\/a><br \/>\n[2] A Kolont\u00e1r melletti v\u00f6r\u00f6siszap-t\u00e1roz\u00f3 \u00e1tszakad\u00e1sa miatt bek\u00f6vetkezett k\u00f6rnyezeti katasztr\u00f3f\u00e1val kapcsolatos felel\u0151ss\u00e9g felt\u00e1r\u00e1s\u00e1t \u00e9s a hasonl\u00f3 katasztr\u00f3f\u00e1k j\u00f6v\u0151beni megakad\u00e1lyoz\u00e1s\u00e1t c\u00e9lz\u00f3 orsz\u00e1ggy\u0171l\u00e9si vizsg\u00e1l\u00f3bizotts\u00e1ga vizsg\u00e1lat\u00e1nak eredm\u00e9ny\u00e9r\u0151l sz\u00f3l\u00f3 jelent\u00e9s a BME sz\u00e1m\u00edt\u00e1saival: <a href=\"https:\/\/www.greenpeace.org\/static\/planet4-hungary-stateless\/2018\/10\/f8054bd8-f8054bd8-greenpeace_megallapitasok.pdf\">https:\/\/www.greenpeace.org\/static\/planet4-hungary-stateless\/2018\/10\/f8054bd8-f8054bd8-greenpeace_megallapitasok.pdf<\/a> (A n\u00e1tronl\u00fag jelenl\u00e9te a g\u00e1tszakad\u00e1st megel\u0151z\u0151 id\u0151szakban: 30-31. o.)<br \/>\n[3] Janez Poto\u010dnik az Eur\u00f3pa Parlamentnek \u00edrt v\u00e1lasz\u00e1ban \u00edrja, hogy \u201e&#8230;a baleset k\u00f6vetkezt\u00e9ben v\u00f6r\u00f6siszappal szennyezett foly\u00f3kban m\u00e9rt pH-szint (amely el\u00e9rte a 13,8-es \u00e9rt\u00e9ket) szint\u00e9n arra utal, hogy a v\u00f6r\u00f6siszapot vesz\u00e9lyes hullad\u00e9kk\u00e9nt kellett volna besorolni.\u201d<br \/>\n2011. m\u00e1rcius 1., <a href=\"http:\/\/www.europarl.europa.eu\/sides\/getDoc.do?type=WQ&amp;reference=E-2010-011083&amp;language=HU\">E-011083\/2010<\/a>; <a href=\"http:\/\/www.europarl.europa.eu\/sides\/getAllAnswers.do?reference=E-2010-011083&amp;language=HU\">http:\/\/www.europarl.europa.eu\/sides\/getAllAnswers.do?reference=E-2010-011083&amp;language=HU<\/a><br \/>\n[4] \u00a010897\/05 \u201eA hullad\u00e9klerak\u00f3 telepen az Rt. tev\u00e9kenys\u00e9ge sor\u00e1n keletkez\u0151 v\u00f6r\u00f6siszap \u00e9s a n\u00e1tronl\u00fag tartalom semleges\u00edt\u00e9se sor\u00e1n keletkez\u0151 szennyv\u00edziszap ker\u00fclhet lerak\u00e1sra.\u201d<br \/>\nA MAL Zrt. enged\u00e9ly\u00e9nek 9.02 pontja hangs\u00falyozza, hogy \u201eA sz\u00e1ll\u00edt\u00f3vizek a szil\u00e1rd anyag ki\u00fcleped\u00e9se ut\u00e1n a technol\u00f3giai folyamatba ker\u00fclnek visszavezet\u00e9sre\u201d, tov\u00e1bb\u00e1 hogy a \u201eszennyv\u00edzkezel\u00e9s l\u00e9nyege a n\u00e1tronl\u00fag tartalom semleges\u00edt\u00e9se\u201d.<br \/>\n<a href=\"https:\/\/www.greenpeace.org\/static\/planet4-hungary-stateless\/2018\/10\/f8054bd8-f8054bd8-greenpeace_megallapitasok.pdf\">https:\/\/www.greenpeace.org\/static\/planet4-hungary-stateless\/2018\/10\/f8054bd8-f8054bd8-greenpeace_megallapitasok.pdf<\/a><br \/>\n[5] \u201e\u2026a technol\u00f3gia minden f\u00e1zis\u00e1ban n\u00e1trium-hidroxid tartalm\u00fa oldatokkal, z\u00e1rt k\u00f6rfolyamat megval\u00f3s\u00edtva folyik a termel\u00e9s \u2026 a v\u00f6r\u00f6siszap kazett\u00e1r\u00f3l visszaforgatott semleges\u00edtett ret\u00farvizek is.\u201d (2003. j\u00falius)<br \/>\n<a href=\"https:\/\/www.greenpeace.org\/static\/planet4-hungary-stateless\/2018\/10\/f8054bd8-f8054bd8-greenpeace_megallapitasok.pdf\">https:\/\/www.greenpeace.org\/static\/planet4-hungary-stateless\/2018\/10\/f8054bd8-f8054bd8-greenpeace_megallapitasok.pdf<\/a><br \/>\n[6] <a href=\"http:\/\/magyarhirlap.hu\/cikk\/50568\/Minden_letezo_torvenyt_megszegtek\">http:\/\/magyarhirlap.hu\/cikk\/50568\/Minden_letezo_torvenyt_megszegtek<\/a><br \/>\n[7] \u201eA Bizotts\u00e1g \u00fagy \u00edt\u00e9li meg, hogy ezt a hullad\u00e9kot \u2013 tekintettel annak rendk\u00edv\u00fcl mar\u00f3 jelleg\u00e9re \u2013 vesz\u00e9lyes hullad\u00e9kk\u00e9nt kellett volna besorolni.\u201d \u00a0<a href=\"http:\/\/www.europarl.europa.eu\/sides\/getAllAnswers.do?reference=E-2010-011083&amp;language=HU\">http:\/\/www.europarl.europa.eu\/sides\/getAllAnswers.do?reference=E-2010-011083&amp;language=HU<\/a>, Janez Poto\u010dnik v\u00e1lasza a Bizotts\u00e1g nev\u00e9ben 2011. m\u00e1rcius 1-\u00e9n: <a href=\"http:\/\/www.europarl.europa.eu\/sides\/getDoc.do?type=WQ&amp;reference=E-2010-011083&amp;language=HU\">E-011083\/2010<\/a><br \/>\n[8] A MAL Timf\u00f6ld Kft. \u201eV\u00f6r\u00f6siszapt\u00e9rs\u00e9g katasztr\u00f3fa megel\u0151z\u00e9si \u00e9s elh\u00e1r\u00edt\u00e1si terve\u201d g\u00e1tszakad\u00e1s eset\u00e9n csak maximum 400 ezer k\u00f6bm\u00e9ter kijut\u00f3 anyaggal sz\u00e1molt: a \u201ekijut\u00f3 anyag: 200-300 ezer m3 l\u00fagos v\u00edz \u00e9s 50-100 ezer m3 v\u00f6r\u00f6siszap\u201d <a href=\"http:\/\/www.vedelem.hu\/files\/UserFiles\/File\/konf2011\/KIRVEZ\/32_JAGER.ppt\">www.vedelem.hu\/files\/UserFiles\/File\/konf2011\/KIRVEZ\/32_JAGER.ppt<\/a><br \/>\n[9] \u201ea kolont\u00e1ri zagyt\u00e1roz\u00f3 tragikus g\u00e1tszakad\u00e1s\u00e1t \u2013 tan\u00fakkal \u00e9s t\u00e9nyadatokkal bizony\u00edtottan \u2013 a t\u00falt\u00f6lt\u00e9s eredm\u00e9nyezte. 2009. december 31-\u00e9n enged\u00e9lyezett mennyis\u00e9g helyett 135 sz\u00e1zal\u00e9kos m\u00e9rt\u00e9k\u0171 zagy volt a kazett\u00e1ban. A t\u00falt\u00f6lt\u00e9st a kapzsis\u00e1g id\u00e9zte el\u0151 \u2013 teszi hozz\u00e1. Ez abban nyilv\u00e1nult meg, hogy a \u00bbnem vesz\u00e9lyes hullad\u00e9k t\u00e1rol\u00f3ban\u00ab egyidej\u0171leg helyezt\u00e9k el a v\u00f6r\u00f6siszap-hullad\u00e9kot a felhaszn\u00e1land\u00f3 \u00e9s \u00edgy a termel\u00e9sbe vissza\u00e1ramoltatni sz\u00e1nd\u00e9kozott mar\u00f3 l\u00faggal \u00e9s a talajv\u00edzb\u0151l a t\u00e1roz\u00f3ba beemelt \u00e9s szint\u00e9n a termel\u00e9si folyamatban felhaszn\u00e1lni sz\u00e1nt v\u00edzzel, amihez egy\u00e9bk\u00e9nt a v\u00edzd\u00edj megfizet\u00e9se n\u00e9lk\u00fcl jutottak.\u201d <a href=\"http:\/\/magyarhirlap.hu\/cikk\/50569\/A_tultoltes_okozhatta_a_gatszakadast\">http:\/\/magyarhirlap.hu\/cikk\/50569\/A_tultoltes_okozhatta_a_gatszakadast<\/a>\n<\/div><\/p>\n","protected":false},"excerpt":{"rendered":"<div>\n\tBudapest, 2017. febru\u00e1r 6. \u2013 A Greenpeace Magyarorsz\u00e1g szomor\u00faan veszi tudom\u00e1sul, hogy a t\u00f6bb mint hat \u00e9vvel ezel\u0151tti kolont\u00e1ri v\u00f6r\u00f6siszap-katasztr\u00f3f\u00e1nak m\u00e9g mindig nem tal\u00e1lt\u00e1k meg a felel\u0151seit. A z\u00f6ld szervezet rem\u00e9li, hogy a Gy\u0151ri \u00cdt\u00e9l\u0151t\u00e1bla mai \u00edt\u00e9lete k\u00f6vetkezt\u00e9ben \u00fajraindul\u00f3 v\u00f6r\u00f6siszap-b\u00fcntet\u0151per sor\u00e1n m\u00e9g az el\u00e9v\u00fcl\u00e9s el\u0151tt kider\u00fcl: jogszer\u0171en volt-e az 1 milli\u00f3 k\u00f6bm\u00e9ternyi mar\u00f3 folyad\u00e9k a nem vesz\u00e9lyes hullad\u00e9k t\u00e1rol\u00e1s\u00e1ra enged\u00e9lyezett t\u00e1roz\u00f3ban. A jelenlegin\u00e9l j\u00f3val hat\u00e9konyabb, az el\u0151\u00edr\u00e1sokat \u00e9s t\u00f6rv\u00e9nyeket val\u00f3ban betartat\u00f3 hat\u00f3s\u00e1gi m\u0171k\u00f6d\u00e9sre van sz\u00fcks\u00e9g a magyar lakoss\u00e1g \u00e9s haz\u00e1nk term\u00e9szeti k\u00f6rnyezet\u00e9nek v\u00e9delm\u00e9ben.\n<\/div>\n","protected":false},"author":25,"featured_media":0,"comment_status":"closed","ping_status":"open","sticky":false,"template":"","format":"standard","meta":{"ep_exclude_from_search":false,"p4_og_title":"","p4_og_description":"","p4_og_image":"","p4_og_image_id":"","p4_seo_canonical_url":"","p4_campaign_name":"","p4_local_project":"","p4_basket_name":"","p4_department":"","footnotes":""},"categories":[3],"tags":[24,19],"p4-page-type":[37],"class_list":["post-1481","post","type-post","status-publish","format-standard","hentry","category-termeszet-kornyezet","tag-szennyezes","tag-egeszseg","p4-page-type-sajtokozlemeny"],"_links":{"self":[{"href":"https:\/\/www.greenpeace.org\/hungary\/wp-json\/wp\/v2\/posts\/1481","targetHints":{"allow":["GET"]}}],"collection":[{"href":"https:\/\/www.greenpeace.org\/hungary\/wp-json\/wp\/v2\/posts"}],"about":[{"href":"https:\/\/www.greenpeace.org\/hungary\/wp-json\/wp\/v2\/types\/post"}],"author":[{"embeddable":true,"href":"https:\/\/www.greenpeace.org\/hungary\/wp-json\/wp\/v2\/users\/25"}],"replies":[{"embeddable":true,"href":"https:\/\/www.greenpeace.org\/hungary\/wp-json\/wp\/v2\/comments?post=1481"}],"version-history":[{"count":1,"href":"https:\/\/www.greenpeace.org\/hungary\/wp-json\/wp\/v2\/posts\/1481\/revisions"}],"predecessor-version":[{"id":1486,"href":"https:\/\/www.greenpeace.org\/hungary\/wp-json\/wp\/v2\/posts\/1481\/revisions\/1486"}],"wp:attachment":[{"href":"https:\/\/www.greenpeace.org\/hungary\/wp-json\/wp\/v2\/media?parent=1481"}],"wp:term":[{"taxonomy":"category","embeddable":true,"href":"https:\/\/www.greenpeace.org\/hungary\/wp-json\/wp\/v2\/categories?post=1481"},{"taxonomy":"post_tag","embeddable":true,"href":"https:\/\/www.greenpeace.org\/hungary\/wp-json\/wp\/v2\/tags?post=1481"},{"taxonomy":"p4-page-type","embeddable":true,"href":"https:\/\/www.greenpeace.org\/hungary\/wp-json\/wp\/v2\/p4-page-type?post=1481"}],"curies":[{"name":"wp","href":"https:\/\/api.w.org\/{rel}","templated":true}]}}