{"id":1487,"date":"2012-12-05T00:00:00","date_gmt":"2012-12-04T22:00:00","guid":{"rendered":"https:\/\/www.greenpeace.org\/hungary\/uncategorized\/1487\/legyoztek-a-vasarlok-a-vilag-legnagyobb-divatmarkajat-a-zarat\/"},"modified":"2019-11-06T09:41:58","modified_gmt":"2019-11-06T08:41:58","slug":"legyoztek-a-vasarlok-a-vilag-legnagyobb-divatmarkajat-a-zarat","status":"publish","type":"post","link":"https:\/\/www.greenpeace.org\/hungary\/sajtokozlemeny\/1487\/legyoztek-a-vasarlok-a-vilag-legnagyobb-divatmarkajat-a-zarat\/","title":{"rendered":"Legy\u0151zt\u00e9k a v\u00e1s\u00e1rl\u00f3k a vil\u00e1g legnagyobb divatm\u00e1rk\u00e1j\u00e1t, a Zar\u00e1t"},"content":{"rendered":"<h2>Kivonj\u00e1k a m\u00e9rgez\u0151 anyagokat a ruh\u00e1kb\u00f3l<\/h2>\n<\/p>\n<div class=\"leader\">\n\tAmsterdam &#8211; Budapest, 2012. november 28. \u2013 A vil\u00e1g legnagyobb divath\u00e1za, a Zara, a Greenpeace kamp\u00e1ny\u00e1nak hat\u00e1s\u00e1ra v\u00e1llalta, hogy 2020-ig kivonja ruh\u00e1ib\u00f3l \u00e9s a teljes gy\u00e1rt\u00e1si folyamatb\u00f3l az \u00f6sszes vesz\u00e9lyes vegyi anyagot.\n<\/div>\n<div>\n<p>Simon Gergely, a Greenpeace vegyianyag-szak\u00e9rt\u0151je elmondta: \u201e\u00d6r\u00fcl\u00fcnk, hogy a Zara is elindult a m\u00e9rgez\u0151 anyagokt\u00f3l mentes divat ir\u00e1ny\u00e1ba. Ha a Zara k\u00e9pes kivonni a vesz\u00e9lyes vegyszereket a ruh\u00e1ib\u00f3l \u00e9s a teljes gy\u00e1rt\u00e1si folyamatb\u00f3l, akkor a t\u00f6bbi m\u00e1rka sem keresheti tov\u00e1bb a kifog\u00e1sokat.\u201d<\/p>\n<p>A Greenpeace csup\u00e1n nyolc napja mutatta be a \u201eDivatos \u00e9s toxikus\u201d c\u00edm\u0171 tanulm\u00e1ny\u00e1t [2], melyben a vezet\u0151 divatm\u00e1rk\u00e1k term\u00e9keiben tal\u00e1lhat\u00f3 r\u00e1kkelt\u0151, hormonk\u00e1ros\u00edt\u00f3 hat\u00e1s\u00fa \u00e9s m\u00e1s k\u00e1ros anyagokat vizsg\u00e1lta. Az\u00f3ta t\u00f6bb mint h\u00e1romsz\u00e1zezer ember csatlakozott al\u00e1\u00edr\u00e1s\u00e1val a kamp\u00e1nyhoz, t\u00edzezrek k\u00f6vetelt\u00e9k a Facebookon, Twitteren \u00e9s a Zara boltjai el\u0151tt, hogy hagyjon fel a m\u00e9rgek haszn\u00e1lat\u00e1val a c\u00e9g.<\/p>\n<p>A meg\u00e1llapod\u00e1s szerint a Zara tulajdonosa, az Inditex [3] el\u0151sz\u00f6r a hormonk\u00e1ros\u00edt\u00f3 alkil-fenol etoxil\u00e1tokat, a r\u00e1kkelt\u0151 aminokk\u00e1 alakul\u00f3 azofest\u00e9keket \u00e9s a toxikus PFC-ket fogja kivonni. 2013 m\u00e1rcius\u00e1ig a Zara h\u00fasz, 2013 v\u00e9g\u00e9ig pedig sz\u00e1z besz\u00e1ll\u00edt\u00f3j\u00e1t fogja arra k\u00f6telezni, hogy tegy\u00e9k el\u00e9rhet\u0151v\u00e9 az \u00e1ltaluk haszn\u00e1lt vegyi anyagok list\u00e1j\u00e1t.<\/p>\n<p>\u201eAz emberek vil\u00e1gszerte felemelt\u00e9k a hangjukat az ellen, hogy a textilipar m\u00e9rgez\u0151 anyagokat haszn\u00e1l. Az Esprit, Gap, Levi\u2019s \u00e9s Victoria Secret sem halogathatja tov\u00e1bb, hogy hallgasson a v\u00e1s\u00e1rl\u00f3ira is s\u00fcrg\u0151sen elkezdjen m\u00e9regtelen\u00edteni\u201d &#8211; tette hozz\u00e1 Simon.<\/p>\n<p>A Greenpeace 2011-ben ind\u00edtotta el a Detox kamp\u00e1ny\u00e1t. A Zara a nyolcadik vil\u00e1gm\u00e1rka, amely v\u00e1llalta, hogy a vesz\u00e9lyes vegyi anyagokat teljesen kivonja a term\u00e9keib\u0151l \u00e9s a gy\u00e1rt\u00e1si folyamatb\u00f3l. A v\u00e1s\u00e1rl\u00f3k k\u00f6vetel\u00e9s\u00e9nek hat\u00e1s\u00e1ra kor\u00e1bban m\u00e1r a Nike, Puma, Adidas, H&amp;M, C&amp;A \u00e9s Marks&amp;Spencer is v\u00e1llalta, hogy legk\u00e9s\u0151bb 2020-ig m\u00e9regtelen\u00edti term\u00e9keit \u00e9s a teljes gy\u00e1rt\u00e1si folyamatot.<\/p>\n<\/div>\n","protected":false},"excerpt":{"rendered":"<div>\n\tAmsterdam &#8211; Budapest, 2012. november 28. \u2013 A vil\u00e1g legnagyobb divath\u00e1za, a Zara, a Greenpeace kamp\u00e1ny\u00e1nak hat\u00e1s\u00e1ra v\u00e1llalta, hogy 2020-ig kivonja ruh\u00e1ib\u00f3l \u00e9s a teljes gy\u00e1rt\u00e1si folyamatb\u00f3l az \u00f6sszes vesz\u00e9lyes vegyi anyagot.\n<\/div>\n","protected":false},"author":25,"featured_media":0,"comment_status":"closed","ping_status":"open","sticky":false,"template":"","format":"standard","meta":{"ep_exclude_from_search":false,"p4_og_title":"","p4_og_description":"","p4_og_image":"","p4_og_image_id":"","p4_seo_canonical_url":"","p4_campaign_name":"","p4_local_project":"","p4_basket_name":"","p4_department":"","footnotes":""},"categories":[4],"tags":[19,8,24],"p4-page-type":[37],"class_list":["post-1487","post","type-post","status-publish","format-standard","hentry","category-ember-tarsadalom","tag-egeszseg","tag-fogyasztas","tag-szennyezes","p4-page-type-sajtokozlemeny"],"_links":{"self":[{"href":"https:\/\/www.greenpeace.org\/hungary\/wp-json\/wp\/v2\/posts\/1487","targetHints":{"allow":["GET"]}}],"collection":[{"href":"https:\/\/www.greenpeace.org\/hungary\/wp-json\/wp\/v2\/posts"}],"about":[{"href":"https:\/\/www.greenpeace.org\/hungary\/wp-json\/wp\/v2\/types\/post"}],"author":[{"embeddable":true,"href":"https:\/\/www.greenpeace.org\/hungary\/wp-json\/wp\/v2\/users\/25"}],"replies":[{"embeddable":true,"href":"https:\/\/www.greenpeace.org\/hungary\/wp-json\/wp\/v2\/comments?post=1487"}],"version-history":[{"count":1,"href":"https:\/\/www.greenpeace.org\/hungary\/wp-json\/wp\/v2\/posts\/1487\/revisions"}],"predecessor-version":[{"id":1488,"href":"https:\/\/www.greenpeace.org\/hungary\/wp-json\/wp\/v2\/posts\/1487\/revisions\/1488"}],"wp:attachment":[{"href":"https:\/\/www.greenpeace.org\/hungary\/wp-json\/wp\/v2\/media?parent=1487"}],"wp:term":[{"taxonomy":"category","embeddable":true,"href":"https:\/\/www.greenpeace.org\/hungary\/wp-json\/wp\/v2\/categories?post=1487"},{"taxonomy":"post_tag","embeddable":true,"href":"https:\/\/www.greenpeace.org\/hungary\/wp-json\/wp\/v2\/tags?post=1487"},{"taxonomy":"p4-page-type","embeddable":true,"href":"https:\/\/www.greenpeace.org\/hungary\/wp-json\/wp\/v2\/p4-page-type?post=1487"}],"curies":[{"name":"wp","href":"https:\/\/api.w.org\/{rel}","templated":true}]}}