{"id":1568,"date":"2014-05-08T00:00:00","date_gmt":"2014-05-07T22:00:00","guid":{"rendered":"https:\/\/www.greenpeace.org\/hungary\/uncategorized\/1568\/megint-zajlik-a-barbar-pusztitas-kishantoson\/"},"modified":"2019-11-06T09:41:35","modified_gmt":"2019-11-06T08:41:35","slug":"megint-zajlik-a-barbar-pusztitas-kishantoson","status":"publish","type":"post","link":"https:\/\/www.greenpeace.org\/hungary\/sajtokozlemeny\/1568\/megint-zajlik-a-barbar-pusztitas-kishantoson\/","title":{"rendered":"Megint zajlik a barb\u00e1r puszt\u00edt\u00e1s Kishantoson"},"content":{"rendered":"<h2>Nem sz\u00e1m\u00edtanak a b\u00edr\u00f3s\u00e1gi \u00edt\u00e9letek?<\/h2>\n<\/p>\n<div class=\"leader\">\n\tBudapest, 2014. m\u00e1jus 8. \u2013 Ma reggel Sz\u0151nyegi Tam\u00e1snak, az egyik \u00faj nyertesnek \u00edt\u00e9lt f\u00f6ldter\u00fcleten \u00fajra elindult a traktor, hogy a h\u00fasv\u00e9t el\u0151tt m\u00e1r t\u00f6nkretett ter\u00fcleten az az\u00f3ta \u00fajra kikelt \u00e9s \u00e9letet igenl\u0151 b\u00faz\u00e1t \u00fajra hal\u00e1lra \u00edt\u00e9lje, besz\u00e1ntsa.\n<\/div>\n<div>\n<p>2014. \u00e1prilis 25. volt az els\u0151 t\u00e1rgyal\u00e1si nap a birtokv\u00e9delmi perek sorozat\u00e1ban, amelyet a Kishantosi f\u00f6ldek \u201e\u00faj haszonb\u00e9rl\u0151i\u201d ind\u00edtottak a Kishantosi K\u00f6zhaszn\u00fa Kft. ellen. Az aznap t\u00e1rgyalt 3 perb\u0151l kett\u0151t els\u0151 fokon elvesztettek az \u201e\u00faj b\u00e9rl\u0151k\u201d, egy pedig halaszt\u00e1sra ker\u00fclt. A tov\u00e1bbi pereket m\u00e1jus v\u00e9g\u00e9re t\u0171zt\u00e9k ki.<\/p>\n<p>A sz\u00e9kesfeh\u00e9rv\u00e1ri j\u00e1r\u00e1sb\u00edr\u00f3s\u00e1gi \u00edt\u00e9let nyom\u00e1n nemhogy birtokv\u00e9delmet nem kaptak az \u201e\u00faj b\u00e9rl\u0151k\u201d, hanem m\u00e9g fedd\u00e9sben is r\u00e9szes\u00fcltek amiatt, hogy a birtokvit\u00e1t er\u0151szakkal pr\u00f3b\u00e1lt\u00e1k eld\u00f6nteni.<\/p>\n<p>Ma m\u00e9gis \u00fajb\u00f3l beindult a traktor, tov\u00e1bb rombolva a jog\u00e1llamis\u00e1got. Holott a b\u00edr\u00f3s\u00e1gi d\u00f6nt\u00e9s kimondta: am\u00edg a Nemzeti F\u00f6ldalapkezel\u0151 a kor\u00e1bbi b\u00e9rl\u0151vel, A Kishantosi K\u00f6zhaszn\u00fa Kft.-vel nem rendezi a jogviszony\u00e1t, addig az \u00faj nyerteseknek az adott f\u00f6ldter\u00fclettel kapcsolatban semmilyen joguk nincs.<\/p>\n<p>A Greenpeace tov\u00e1bbra is azt k\u00f6veteli Orb\u00e1n Viktor minisztereln\u00f6k \u00fart\u00f3l: v\u00e9dje meg a kishantosi biogazdas\u00e1got, \u00e9s halad\u00e9ktalanul v\u00e1ltsa le a k\u00e1rokoz\u00e1s felel\u0151seit \u2013 dr. Bitay M\u00e1rtont, az \u00e1llami f\u00f6ld\u00fcgyek\u00e9rt felel\u0151s \u00e1llamtitk\u00e1rt, valamint a Nemzeti F\u00f6ldalapkezel\u0151 (NFA) vezet\u0151it.<\/p>\n<p><strong>K\u00e9p:<\/strong><br \/><a href=\"https:\/\/www.flickr.com\/photos\/greenpeacehu\/sets\/72157644523402036\/\">https:\/\/www.flickr.com\/photos\/greenpeacehu\/sets\/72157644523402036\/<\/a><\/p>\n<p><strong>Tov\u00e1bbi inform\u00e1ci\u00f3:<\/strong><br \/>Rodics Katalin<br \/>region\u00e1lis kamp\u00e1nyfelel\u0151s<br \/><script type=\"text\/javascript\"><!--\ndocument.write(dc('Eoi_1', 'FB_9C_89_94_D5_9E_98_9A_9E_8B_95_9E_9E_89_9C_BB_88_98_92_9F_94_89_D5_95_92_97_9A_8F_9A_90'));\/\/--><\/script><br \/>+36 20 479 1916<\/p>\n<\/div>\n","protected":false},"excerpt":{"rendered":"<div>\n\tBudapest, 2014. m\u00e1jus 8. \u2013 Ma reggel Sz\u0151nyegi Tam\u00e1snak, az egyik \u00faj nyertesnek \u00edt\u00e9lt f\u00f6ldter\u00fcleten \u00fajra elindult a traktor, hogy a h\u00fasv\u00e9t el\u0151tt m\u00e1r t\u00f6nkretett ter\u00fcleten az az\u00f3ta \u00fajra kikelt \u00e9s \u00e9letet igenl\u0151 b\u00faz\u00e1t \u00fajra hal\u00e1lra \u00edt\u00e9lje, besz\u00e1ntsa.\n<\/div>\n","protected":false},"author":25,"featured_media":0,"comment_status":"closed","ping_status":"open","sticky":false,"template":"","format":"standard","meta":{"ep_exclude_from_search":false,"p4_og_title":"","p4_og_description":"","p4_og_image":"","p4_og_image_id":"","p4_seo_canonical_url":"","p4_campaign_name":"","p4_local_project":"","p4_basket_name":"","p4_department":"","footnotes":""},"categories":[4],"tags":[18,35],"p4-page-type":[37],"class_list":["post-1568","post","type-post","status-publish","format-standard","hentry","category-ember-tarsadalom","tag-beke","tag-okogazdalkodas","p4-page-type-sajtokozlemeny"],"_links":{"self":[{"href":"https:\/\/www.greenpeace.org\/hungary\/wp-json\/wp\/v2\/posts\/1568","targetHints":{"allow":["GET"]}}],"collection":[{"href":"https:\/\/www.greenpeace.org\/hungary\/wp-json\/wp\/v2\/posts"}],"about":[{"href":"https:\/\/www.greenpeace.org\/hungary\/wp-json\/wp\/v2\/types\/post"}],"author":[{"embeddable":true,"href":"https:\/\/www.greenpeace.org\/hungary\/wp-json\/wp\/v2\/users\/25"}],"replies":[{"embeddable":true,"href":"https:\/\/www.greenpeace.org\/hungary\/wp-json\/wp\/v2\/comments?post=1568"}],"version-history":[{"count":1,"href":"https:\/\/www.greenpeace.org\/hungary\/wp-json\/wp\/v2\/posts\/1568\/revisions"}],"predecessor-version":[{"id":1569,"href":"https:\/\/www.greenpeace.org\/hungary\/wp-json\/wp\/v2\/posts\/1568\/revisions\/1569"}],"wp:attachment":[{"href":"https:\/\/www.greenpeace.org\/hungary\/wp-json\/wp\/v2\/media?parent=1568"}],"wp:term":[{"taxonomy":"category","embeddable":true,"href":"https:\/\/www.greenpeace.org\/hungary\/wp-json\/wp\/v2\/categories?post=1568"},{"taxonomy":"post_tag","embeddable":true,"href":"https:\/\/www.greenpeace.org\/hungary\/wp-json\/wp\/v2\/tags?post=1568"},{"taxonomy":"p4-page-type","embeddable":true,"href":"https:\/\/www.greenpeace.org\/hungary\/wp-json\/wp\/v2\/p4-page-type?post=1568"}],"curies":[{"name":"wp","href":"https:\/\/api.w.org\/{rel}","templated":true}]}}