{"id":1592,"date":"2012-11-16T00:00:00","date_gmt":"2012-11-15T22:00:00","guid":{"rendered":"https:\/\/www.greenpeace.org\/hungary\/uncategorized\/1592\/magyarorszag-az-unios-halaszati-reform-nyertese-lehet\/"},"modified":"2019-11-06T09:41:58","modified_gmt":"2019-11-06T08:41:58","slug":"magyarorszag-az-unios-halaszati-reform-nyertese-lehet","status":"publish","type":"post","link":"https:\/\/www.greenpeace.org\/hungary\/sajtokozlemeny\/1592\/magyarorszag-az-unios-halaszati-reform-nyertese-lehet\/","title":{"rendered":"Magyarorsz\u00e1g az uni\u00f3s hal\u00e1szati reform nyertese lehet"},"content":{"rendered":"<div class=\"leader\">\n\tBudapest, 2012. november 16. \u2013 A Greenpeace k\u00e9pvisel\u0151i ma reggel a Vid\u00e9kfejleszt\u00e9si Miniszt\u00e9riumban egy hal\u00e1szh\u00e1l\u00f3nyi t\u00e1mogat\u00f3 k\u00e9peslapot adtak \u00e1t Bogn\u00e1r Lajos helyettes \u00e1llamtitk\u00e1rnak. Az \u00e1tad\u00e1son az Eur\u00f3pai Uni\u00f3 hal\u00e1szati politik\u00e1j\u00e1nak reformja volt a t\u00e9ma, melynek sz\u00fcks\u00e9gess\u00e9g\u00e9r\u0151l \u00e9s ir\u00e1ny\u00e1r\u00f3l a z\u00f6ld szervezet \u00e9s a Miniszt\u00e9rium egyet\u00e9rt: a tengerek kifoszt\u00e1sa helyett fenntarthat\u00f3 hazai halgazdas\u00e1gokra van sz\u00fcks\u00e9g!\n<\/div>\n<div>\n<p>Eur\u00f3pai szinten a Greenpeace egyik legfontosabb c\u00e9lja, hogy az Uni\u00f3 gy\u00f6keresen v\u00e1ltoztasson a jelenlegi hal\u00e1szati rendszer\u00e9n. Most k\u00f6zp\u00e9nzek seg\u00edts\u00e9g\u00e9vel fenntartott hatalmas hal\u00e1szhaj\u00f3k fosztj\u00e1k ki a vil\u00e1g tengereit.\u00a0<\/p>\n<p>A rabl\u00f3 hal\u00e1szat miatt a tengeri hal\u00e1llom\u00e1nyok 70-80 sz\u00e1zal\u00e9ka vesz\u00e9lyeztetett\u00e9 v\u00e1lt, 13 sz\u00e1zal\u00e9ka pedig teljesen \u00f6sszeomlott. A harmadik vil\u00e1gbeli hal\u00e1szok \u00e9vsz\u00e1zadok \u00f3ta j\u00f3l m\u0171k\u00f6d\u0151 meg\u00e9lhet\u00e9si m\u00f3dja m\u00e1ra ellehetetlen\u00fclt. A rossz eur\u00f3pai szab\u00e1lyz\u00e1s miatt a hal\u00e1szhaj\u00f3k a kifogott halaknak ak\u00e1r 60 sz\u00e1zal\u00e9k\u00e1t is d\u00f6gl\u00f6tten dobj\u00e1k vissza: nem lesz bel\u0151l\u00fck t\u00e1pl\u00e1l\u00e9k, viszont a tenger \u00e9l\u0151vil\u00e1g\u00e1b\u00f3l kiker\u00fclnek.\u00a0<\/p>\n<p>Rodics Katalin, a Greenpeace szak\u00e9rt\u0151je elmondta: \u201eA z\u00f6ldek c\u00e9lja az, \u2013 \u00e9s ebben a magyar korm\u00e1ny is partner \u2013 hogy az EU megsz\u00fcntesse a jelenlegi hal\u00e1szati rendszert \u00e9letben tart\u00f3 k\u00e1ros t\u00e1mogat\u00e1sokat \u00e9s azokat \u00e1tcsoportos\u00edtsa a fenntarthat\u00f3 halgazdas\u00e1gok fejleszt\u00e9s\u00e9re. A v\u00e1lt\u00e1snak Magyarorsz\u00e1g az egyik f\u0151 nyertese lehet. Haz\u00e1nk mind f\u00f6ldrajzilag, mind szaktud\u00e1s tekintet\u00e9ben alkalmas arra, hogy fenntarthat\u00f3 forr\u00e1sb\u00f3l sz\u00e1rmaz\u00f3 \u00e9desv\u00edzi halat biztos\u00edtson Eur\u00f3pa sz\u00e1m\u00e1ra.\u201d<\/p>\n<\/div>\n","protected":false},"excerpt":{"rendered":"<div>\n\tBudapest, 2012. november 16. \u2013 A Greenpeace k\u00e9pvisel\u0151i ma reggel a Vid\u00e9kfejleszt\u00e9si Miniszt\u00e9riumban egy hal\u00e1szh\u00e1l\u00f3nyi t\u00e1mogat\u00f3 k\u00e9peslapot adtak \u00e1t Bogn\u00e1r Lajos helyettes \u00e1llamtitk\u00e1rnak. Az \u00e1tad\u00e1son az Eur\u00f3pai Uni\u00f3 hal\u00e1szati politik\u00e1j\u00e1nak reformja volt a t\u00e9ma, melynek sz\u00fcks\u00e9gess\u00e9g\u00e9r\u0151l \u00e9s ir\u00e1ny\u00e1r\u00f3l a z\u00f6ld szervezet \u00e9s a Miniszt\u00e9rium egyet\u00e9rt: a tengerek kifoszt\u00e1sa helyett fenntarthat\u00f3 hazai halgazdas\u00e1gokra van sz\u00fcks\u00e9g!\n<\/div>\n","protected":false},"author":25,"featured_media":0,"comment_status":"closed","ping_status":"open","sticky":false,"template":"","format":"standard","meta":{"ep_exclude_from_search":false,"p4_og_title":"","p4_og_description":"","p4_og_image":"","p4_og_image_id":"","p4_seo_canonical_url":"","p4_campaign_name":"","p4_local_project":"","p4_basket_name":"","p4_department":"","footnotes":""},"categories":[3],"tags":[31,20],"p4-page-type":[37],"class_list":["post-1592","post","type-post","status-publish","format-standard","hentry","category-termeszet-kornyezet","tag-viz","tag-elovilag","p4-page-type-sajtokozlemeny"],"_links":{"self":[{"href":"https:\/\/www.greenpeace.org\/hungary\/wp-json\/wp\/v2\/posts\/1592","targetHints":{"allow":["GET"]}}],"collection":[{"href":"https:\/\/www.greenpeace.org\/hungary\/wp-json\/wp\/v2\/posts"}],"about":[{"href":"https:\/\/www.greenpeace.org\/hungary\/wp-json\/wp\/v2\/types\/post"}],"author":[{"embeddable":true,"href":"https:\/\/www.greenpeace.org\/hungary\/wp-json\/wp\/v2\/users\/25"}],"replies":[{"embeddable":true,"href":"https:\/\/www.greenpeace.org\/hungary\/wp-json\/wp\/v2\/comments?post=1592"}],"version-history":[{"count":1,"href":"https:\/\/www.greenpeace.org\/hungary\/wp-json\/wp\/v2\/posts\/1592\/revisions"}],"predecessor-version":[{"id":1593,"href":"https:\/\/www.greenpeace.org\/hungary\/wp-json\/wp\/v2\/posts\/1592\/revisions\/1593"}],"wp:attachment":[{"href":"https:\/\/www.greenpeace.org\/hungary\/wp-json\/wp\/v2\/media?parent=1592"}],"wp:term":[{"taxonomy":"category","embeddable":true,"href":"https:\/\/www.greenpeace.org\/hungary\/wp-json\/wp\/v2\/categories?post=1592"},{"taxonomy":"post_tag","embeddable":true,"href":"https:\/\/www.greenpeace.org\/hungary\/wp-json\/wp\/v2\/tags?post=1592"},{"taxonomy":"p4-page-type","embeddable":true,"href":"https:\/\/www.greenpeace.org\/hungary\/wp-json\/wp\/v2\/p4-page-type?post=1592"}],"curies":[{"name":"wp","href":"https:\/\/api.w.org\/{rel}","templated":true}]}}