{"id":1606,"date":"2012-05-04T00:00:00","date_gmt":"2012-05-03T22:00:00","guid":{"rendered":"https:\/\/www.greenpeace.org\/hungary\/uncategorized\/1606\/japan-lekapcsolja-az-utolso-atomeromuvet-magyarorszag-is-kovethetne-a-peldat\/"},"modified":"2019-11-06T09:42:00","modified_gmt":"2019-11-06T08:42:00","slug":"japan-lekapcsolja-az-utolso-atomeromuvet-magyarorszag-is-kovethetne-a-peldat","status":"publish","type":"post","link":"https:\/\/www.greenpeace.org\/hungary\/sajtokozlemeny\/1606\/japan-lekapcsolja-az-utolso-atomeromuvet-magyarorszag-is-kovethetne-a-peldat\/","title":{"rendered":"Jap\u00e1n lekapcsolja az utols\u00f3 atomer\u0151m\u0171v\u00e9t \u2013 Magyarorsz\u00e1g is k\u00f6vethetn\u00e9 a p\u00e9ld\u00e1t"},"content":{"rendered":"<div class=\"leader\">\n\tA Greenpeace felsz\u00f3l\u00edtotta a jap\u00e1n korm\u00e1nyt, hogy az utols\u00f3 atomreaktoruk le\u00e1ll\u00edt\u00e1sa ut\u00e1n a jap\u00e1n szak\u00e9rt\u0151k \u00e9s v\u00e1laszt\u00f3k akarat\u00e1nak megfelel\u0151en a hat\u00e9konys\u00e1g n\u00f6vel\u00e9s\u00e9re \u00e9s a meg\u00fajul\u00f3 er\u0151forr\u00e1sokra \u00e9p\u00edtse az orsz\u00e1g energiarendszer\u00e9t. Jap\u00e1n, a vil\u00e1g harmadik legnagyobb gazdas\u00e1g\u00fa orsz\u00e1ga holnap v\u00e1lik atomenergia-mentess\u00e9, amikor az 54 reaktorb\u00f3l az utols\u00f3, m\u00e9g \u00fczemel\u0151 er\u0151m\u0171vet is lekapcsolj\u00e1k a h\u00e1l\u00f3zatr\u00f3l.\n<\/div>\n<div>\n<p>Szat\u00f3 Junicsi, a jap\u00e1n Greenpeace igazgat\u00f3ja \u00fcdv\u00f6z\u00f6lte az atomer\u0151m\u0171vek le\u00e1ll\u00edt\u00e1s\u00e1t \u00e9s elmondta: \u201eAmikor m\u00e9g mindig t\u00f6bb sz\u00e1zezer ember szenved a fukusimai nukle\u00e1ris katasztr\u00f3fa hat\u00e1sait\u00f3l, nagyon fontos, hogy ne k\u00e9nyszer\u00edts\u00fck a jap\u00e1n embereket tov\u00e1bbi nukle\u00e1ris kock\u00e1zatok elvisel\u00e9s\u00e9re. Csak az atomenergia-mentes Jap\u00e1n lehet biztons\u00e1gosabb a mostanin\u00e1l. A biztons\u00e1gos \u00e9s vir\u00e1gz\u00f3 j\u00f6v\u0151 megteremt\u00e9s\u00e9hez pedig lekapcsolva kell hagyni az atomer\u0151m\u0171veket, \u00e9s el kell h\u00e1r\u00edtani az akad\u00e1lyokat a meg\u00fajul\u00f3s ipar er\u0151s\u00f6d\u00e9se el\u0151l.\u201d<\/p>\n<p>Rohonyi P\u00e9ter, a Greenpeace Magyarorsz\u00e1g kamp\u00e1nyfelel\u0151se szerint: \u201eJap\u00e1n \u00e1ram\u00e1nak nagyj\u00e1b\u00f3l harmad\u00e1t biztos\u00edtotta az 54 reaktor, \u00e9s ezeket \u00fagy siker\u00fclt b\u0151 egy \u00e9v alatt kiv\u00e1ltani, hogy az nem okozott \u00e1thidalhatatlan probl\u00e9m\u00e1kat sem a t\u00e1rsadalom, sem az ipar, azon bel\u00fcl az igen jelent\u0151s jap\u00e1n neh\u00e9zipar sz\u00e1m\u00e1ra. Mindezt \u00fagy siker\u00fclt el\u00e9rni, hogy az \u00fcvegh\u00e1zg\u00e1z-kibocs\u00e1t\u00e1sok sem ugrottak meg, 2012 v\u00e9g\u00e9ig maximum is 2-5%-kal n\u0151hetnek meg. Ebb\u0151l is l\u00e1that\u00f3, hogy ma m\u00e1r az atomenergia r\u00f6vid t\u00e1von helyettes\u00edthet\u0151. Sz\u00e9pen egyes\u00e9vel, a norm\u00e1lis \u00e9lettartamuk v\u00e9g\u00e9n Magyarorsz\u00e1g is ki tudja v\u00e1ltani az el\u00f6regedett, komoly nukle\u00e1ris vesz\u00e9lyekkel fenyeget\u0151 n\u00e9gy paksi reaktorblokkot. A paksi blokkok kiv\u00e1lthat\u00f3s\u00e1g\u00e1ra ma m\u00e1r nem csak a Greenpeace, de egyetemi kutat\u00f3k, szakint\u00e9zetek is k\u00e9sz\u00edtettek javaslatokat.\u201d\u00a0<\/p>\n<p>A Greenpeace tavaly szeptemberben elemezte \u00e9s mutatta be az Energia[Forradalom] c\u00edm\u0171 tanulm\u00e1nysorozat Jap\u00e1nt elemz\u0151 kiad\u00e1s\u00e1ban, hogy mik\u00e9nt tarthatja az orsz\u00e1g v\u00e9gleg lekapcsolt \u00e1llapotban az \u00f6sszes reaktor\u00e1t, \u00e9s \u00e9rheti el a k\u00f6vetkez\u0151 nyolc \u00e9vben a 2020-ra kit\u0171z\u00f6tt \u00fcvegh\u00e1zhat\u00e1s\u00fa g\u00e1zkibocs\u00e1t\u00e1si c\u00e9ljait. Az Energia[Forradalom] l\u00e9nyege, hogy a meg\u00fajul\u00f3k el\u0151tti t\u00e9r megnyit\u00e1sa mellett az energiahat\u00e9konys\u00e1gban rejl\u0151 hatalmas lehet\u0151s\u00e9geket \u00e9s az okos fogyaszt\u00e1si oldali szab\u00e1lyoz\u00e1st akn\u00e1zza ki.\u00a0<\/p>\n<p>Toda Hiszajo, a jap\u00e1n Greenpeace kl\u00edma \u00e9s energia kamp\u00e1nyosa elmondta, hogy \u201eannak ellen\u00e9re, hogy holnap az utols\u00f3 is le\u00e1ll Jap\u00e1n 54 reaktor\u00e1b\u00f3l, az \u00e1ramell\u00e1t\u00e1s biztons\u00e1ga nem ker\u00fcl vesz\u00e9lybe. A 2012 nyar\u00e1n v\u00e1rhat\u00f3 \u00e1ramfogyaszt\u00e1si cs\u00facs is kezelhet\u0151 lesz az energiahat\u00e9konys\u00e1gi int\u00e9zked\u00e9sekkel, a terhel\u00e9sek megfelel\u0151 kiegyenl\u00edt\u00e9s\u00e9vel \u00e9s az energiatakar\u00e9koss\u00e1ggal.\u201d\u00a0<\/p>\n<p>\u201eFukusima megmutatta nek\u00fcnk, hogy Jap\u00e1n atomer\u0151m\u0171vei \u00e9s a kapcsol\u00f3d\u00f3 int\u00e9zm\u00e9nyrendszerei nincsenek olyan \u00e1llapotban, hogy m\u00e9g egy komolyabb f\u00f6ldreng\u00e9st t\u00fal\u00e9ljenek \u2013 pedig szak\u00e9rt\u0151k arra figyelmeztetnek, hogy a k\u00f6vetkez\u0151 \u00e9vekben egy \u00fajabb nagy reng\u00e9s es\u00e9lye igen nagy \u2013 mondta Szat\u00f3 Junichi. \u2013 Ha m\u00e9g egy blokk leolvad, az \u00f6sszeroppanthatja a jap\u00e1n gazdas\u00e1g gerinc\u00e9t, \u00e9s m\u00e9g sokkal-sokkal t\u00f6bb ember szenved\u00e9s\u00e9t okozn\u00e1. Egyszer\u0171en nem \u00e9ri meg a rizik\u00f3t, pl\u00e1ne, hogy a biztons\u00e1gos \u00e9s tiszta megold\u00e1sok itt vannak a kez\u00fcnk \u00fcgy\u00e9ben.\u201d<\/p>\n<\/div>\n","protected":false},"excerpt":{"rendered":"<div>\n\tA Greenpeace felsz\u00f3l\u00edtotta a jap\u00e1n korm\u00e1nyt, hogy az utols\u00f3 atomreaktoruk le\u00e1ll\u00edt\u00e1sa ut\u00e1n a jap\u00e1n szak\u00e9rt\u0151k \u00e9s v\u00e1laszt\u00f3k akarat\u00e1nak megfelel\u0151en a hat\u00e9konys\u00e1g n\u00f6vel\u00e9s\u00e9re \u00e9s a meg\u00fajul\u00f3 er\u0151forr\u00e1sokra \u00e9p\u00edtse az orsz\u00e1g energiarendszer\u00e9t. Jap\u00e1n, a vil\u00e1g harmadik legnagyobb gazdas\u00e1g\u00fa orsz\u00e1ga holnap v\u00e1lik atomenergia-mentess\u00e9, amikor az 54 reaktorb\u00f3l az utols\u00f3, m\u00e9g \u00fczemel\u0151 er\u0151m\u0171vet is lekapcsolj\u00e1k a h\u00e1l\u00f3zatr\u00f3l.\n<\/div>\n","protected":false},"author":25,"featured_media":0,"comment_status":"closed","ping_status":"open","sticky":false,"template":"","format":"standard","meta":{"ep_exclude_from_search":false,"p4_og_title":"","p4_og_description":"","p4_og_image":"","p4_og_image_id":"","p4_seo_canonical_url":"","p4_campaign_name":"","p4_local_project":"","p4_basket_name":"","p4_department":"","footnotes":""},"categories":[2],"tags":[17],"p4-page-type":[37],"class_list":["post-1606","post","type-post","status-publish","format-standard","hentry","category-klima-energia","tag-atomenergia","p4-page-type-sajtokozlemeny"],"_links":{"self":[{"href":"https:\/\/www.greenpeace.org\/hungary\/wp-json\/wp\/v2\/posts\/1606","targetHints":{"allow":["GET"]}}],"collection":[{"href":"https:\/\/www.greenpeace.org\/hungary\/wp-json\/wp\/v2\/posts"}],"about":[{"href":"https:\/\/www.greenpeace.org\/hungary\/wp-json\/wp\/v2\/types\/post"}],"author":[{"embeddable":true,"href":"https:\/\/www.greenpeace.org\/hungary\/wp-json\/wp\/v2\/users\/25"}],"replies":[{"embeddable":true,"href":"https:\/\/www.greenpeace.org\/hungary\/wp-json\/wp\/v2\/comments?post=1606"}],"version-history":[{"count":1,"href":"https:\/\/www.greenpeace.org\/hungary\/wp-json\/wp\/v2\/posts\/1606\/revisions"}],"predecessor-version":[{"id":1607,"href":"https:\/\/www.greenpeace.org\/hungary\/wp-json\/wp\/v2\/posts\/1606\/revisions\/1607"}],"wp:attachment":[{"href":"https:\/\/www.greenpeace.org\/hungary\/wp-json\/wp\/v2\/media?parent=1606"}],"wp:term":[{"taxonomy":"category","embeddable":true,"href":"https:\/\/www.greenpeace.org\/hungary\/wp-json\/wp\/v2\/categories?post=1606"},{"taxonomy":"post_tag","embeddable":true,"href":"https:\/\/www.greenpeace.org\/hungary\/wp-json\/wp\/v2\/tags?post=1606"},{"taxonomy":"p4-page-type","embeddable":true,"href":"https:\/\/www.greenpeace.org\/hungary\/wp-json\/wp\/v2\/p4-page-type?post=1606"}],"curies":[{"name":"wp","href":"https:\/\/api.w.org\/{rel}","templated":true}]}}