{"id":1641,"date":"2013-10-25T00:00:00","date_gmt":"2013-10-24T22:00:00","guid":{"rendered":"https:\/\/www.greenpeace.org\/hungary\/uncategorized\/1641\/magyar-muveszek-is-kialltak-a-greenpeace-aktivistakert\/"},"modified":"2021-02-16T14:17:53","modified_gmt":"2021-02-16T13:17:53","slug":"magyar-muveszek-is-kialltak-a-greenpeace-aktivistakert","status":"publish","type":"post","link":"https:\/\/www.greenpeace.org\/hungary\/sajtokozlemeny\/1641\/magyar-muveszek-is-kialltak-a-greenpeace-aktivistakert\/","title":{"rendered":"Magyar m\u0171v\u00e9szek is ki\u00e1lltak a Greenpeace-aktivist\u00e1k\u00e9rt"},"content":{"rendered":"<div class=\"leader\">F\u00fcr Anik\u00f3, Haj\u00f3s Andr\u00e1s, Kulka J\u00e1nos \u00e9s R\u00e9z Andr\u00e1s is ki\u00e1ll azok mellett a Greenpeace-aktivist\u00e1k mellett, akiket jelenleg egy oroszorsz\u00e1gi b\u00f6rt\u00f6nben tartanak fogva, miut\u00e1n b\u00e9k\u00e9sen tiltakoztak az \u00e9szaki-sarkvid\u00e9ki k\u0151olaj-kitermel\u00e9s ellen. A n\u00e9gy m\u0171v\u00e9sz al\u00e1\u00edrta azt az Orosz Nagyk\u00f6vets\u00e9gnek c\u00edmzett levelet is, amelyben a z\u00f6ld szervezet az aktivist\u00e1i szabadon enged\u00e9s\u00e9t k\u00f6veteli.<\/div>\n<div>\n<p>\u201eSz\u00e1momra egy\u00e9rtelm\u0171 volt a kamp\u00e1nyban val\u00f3 r\u00e9szv\u00e9tel, hiszen a jelenleg b\u00f6rt\u00f6nben \u00fcl\u0151 k\u00f6rnyezetv\u00e9d\u0151 aktivist\u00e1kat teljesen jogtalanul tartj\u00e1k fogva. \u0150k olyan emberek, akik b\u00e1tran ki\u00e1lltak a k\u00f6rnyezetrombol\u00e1s ellen; most rajtunk a sor, hogy mell\u00e9j\u00fck \u00e1lljunk! Ez nem csak k\u00f6rnyezetv\u00e9delmi \u00fcgy, a b\u00e9k\u00e9s v\u00e9lem\u00e9nynyilv\u00e1n\u00edt\u00e1s szabads\u00e1g\u00e1hoz mindenkinek joga van\u201d \u2013 adott hangot v\u00e9lem\u00e9ny\u00e9nek Haj\u00f3s Andr\u00e1s.<\/p>\n<p>\u201eA \u00bbsarkvid\u00e9ki harmincak\u00ab meggy\u0151z\u0151d\u00e9sb\u0151l cselekedtek a kl\u00edmav\u00e1ltoz\u00e1s megf\u00e9kez\u00e9s\u00e9\u00e9rt, \u00e9s b\u00e9k\u00e9sen t\u00fcntettek a sarkvid\u00e9ki olajf\u00far\u00e1sok ellen. Nem a b\u00e9k\u00e9s tiltakoz\u00f3kat, hanem a k\u00f6rnyezetszennyez\u0151ket kell kitiltani a sarkvid\u00e9kr\u0151l \u2013 ahogy m\u00e1shonnan is\u201d \u2013 tette hozz\u00e1 F\u00fcr Anik\u00f3.<\/p>\n<p>\u201eK\u00f6sz\u00f6nj\u00fck F\u00fcr Anik\u00f3nak, Haj\u00f3s Andr\u00e1snak, Kulka J\u00e1nosnak \u00e9s R\u00e9z Andr\u00e1snak, hogy igent mondtak a felk\u00e9r\u00e9s\u00fcnkre, \u00e9s ki\u00e1ll\u00e1sukkal er\u0151s\u00edtik az aktivist\u00e1ink szabadon enged\u00e9s\u00e9\u00e9rt folytatott k\u00fczdelm\u00fcnket. A vil\u00e1gon minden\u00fctt egyre t\u00f6bben csatlakoznak hozz\u00e1nk, m\u00e1r t\u00f6bb mint 1,7 milli\u00f3 ember \u00edrta al\u00e1 az Orosz Nagyk\u00f6vets\u00e9geknek c\u00edmzett level\u00fcnket. C\u00e9lunk, hogy a beb\u00f6rt\u00f6nz\u00f6tt t\u00e1rsainkat min\u00e9l hamarabb szabadon engedj\u00e9k \u00e9s sz\u00fcntess\u00e9k be az olajf\u00far\u00e1st a sarkvid\u00e9ken\u201d \u2013 mondta Mez\u0151 J\u00e1nos, a Greenpeace Magyarorsz\u00e1g sarkvid\u00e9kkamp\u00e1ny-felel\u0151se.<\/p>\n<p>A 28 Greenpeace-aktivist\u00e1t \u00e9s a k\u00e9t szabad\u00fasz\u00f3 fot\u00f3riportert szeptemberben vett\u00e9k \u0151rizetbe kal\u00f3zkod\u00e1s v\u00e1dj\u00e1val, amikor egy orosz f\u00far\u00f3toronyn\u00e1l tiltakoztak a k\u0151olaj-kitermel\u00e9s ellen a Barents-tengeren tal\u00e1lhat\u00f3 Pecsora-\u00f6b\u00f6lben. Jelenleg az \u00e9szak-oroszorsz\u00e1gi Murmanszkban tartj\u00e1k fogva \u0151ket, a v\u00e1dat ellen\u00fck gar\u00e1zdas\u00e1gra m\u00f3dos\u00edtott\u00e1k, ami\u00e9rt az orosz jog 7 \u00e9ves b\u00f6rt\u00f6nb\u00fcntet\u00e9s kiszab\u00e1s\u00e1t is lehet\u0151v\u00e9 teszi. A Greenpeace elutas\u00edtja ezeket a v\u00e1dakat, 42 \u00e9ve tart t\u00f6retlen\u00fcl b\u00e9k\u00e9s tiltakoz\u00e1sokat.<\/p>\n<p>Az Orosz Nagyk\u00f6vets\u00e9gnek sz\u00f3l\u00f3 lev\u00e9lhez a\u00a0<a href=\"http:\/\/www.greenpeace.hu\/30\">www.greenpeace.hu\/30<\/a> weboldalon lehet csatlakozni.<\/p>\n<p>V\u00c9GE<\/p>\n<p><strong>Fot\u00f3k:<\/strong><br \/>\n<a href=\"ftp:\/\/greenpeace.hu\">ftp:\/\/greenpeace.hu<\/a><br \/>\nFelhaszn\u00e1l\u00f3n\u00e9v: sajto<br \/>\nJelsz\u00f3: 3e4r5t<\/p>\n<p><strong>H\u00e1tt\u00e9rinform\u00e1ci\u00f3k \u2013 folyamatosan friss\u00fcl\u0151 blogbejegyz\u00e9s:<\/strong><br \/>\n<a href=\"http:\/\/greenpeace.blog.hu\/2013\/09\/24\/az_ex-kgb-vel_a_greenpeace_ellen\">http:\/\/greenpeace.blog.hu\/2013\/09\/24\/az_ex-kgb-vel_a_greenpeace_ellen<\/a><\/p>\n<p>A Greenpeace f\u00fcggetlen, energikus \u00e9s konfront\u00e1ci\u00f3ra k\u00e9sz k\u00f6rnyezetv\u00e9d\u0151 szervezet, mely a vil\u00e1g t\u00f6bb mint 45 orsz\u00e1g\u00e1ban k\u00e9sz arra, hogy fell\u00e9pjen a F\u00f6ld \u00e9rt\u00e9keinek v\u00e9delm\u00e9ben. Radik\u00e1lis, de teljes m\u00e9rt\u00e9kben er\u0151szakmentes, a legjobb tudom\u00e1nyos kutat\u00f3int\u00e9zetekkel m\u0171k\u00f6dik egy\u00fctt, t\u00e1rgyal \u00e9s lobbizik, ha kell aut\u00f3p\u00e1ly\u00e1kat, korm\u00e1ny\u00e9p\u00fcleteket z\u00e1r le. Egyik kez\u00e9vel tiltakozik, a m\u00e1sikkal az alternat\u00edv megold\u00e1sokat mutatja fel. Minden NEM! mell\u00e9 mond egy IGEN!-t is.<\/p>\n<\/div>\n","protected":false},"excerpt":{"rendered":"<div>\n\tF\u00fcr Anik\u00f3, Haj\u00f3s Andr\u00e1s, Kulka J\u00e1nos \u00e9s R\u00e9z Andr\u00e1s is ki\u00e1ll azok mellett a Greenpeace-aktivist\u00e1k mellett, akiket jelenleg egy oroszorsz\u00e1gi b\u00f6rt\u00f6nben tartanak fogva, miut\u00e1n b\u00e9k\u00e9sen tiltakoztak az \u00e9szaki-sarkvid\u00e9ki k\u0151olaj-kitermel\u00e9s ellen. A n\u00e9gy m\u0171v\u00e9sz al\u00e1\u00edrta azt az Orosz Nagyk\u00f6vets\u00e9gnek c\u00edmzett levelet is, amelyben a z\u00f6ld szervezet az aktivist\u00e1i szabadon enged\u00e9s\u00e9t k\u00f6veteli.\n<\/div>\n","protected":false},"author":25,"featured_media":0,"comment_status":"closed","ping_status":"open","sticky":false,"template":"","format":"standard","meta":{"ep_exclude_from_search":false,"p4_og_title":"","p4_og_description":"","p4_og_image":"","p4_og_image_id":"","p4_seo_canonical_url":"","p4_campaign_name":"not set","p4_local_project":"not set","p4_basket_name":"not set","p4_department":"","footnotes":""},"categories":[2],"tags":[18,28,6],"p4-page-type":[37],"class_list":["post-1641","post","type-post","status-publish","format-standard","hentry","category-klima-energia","tag-beke","tag-sarkvidek","tag-klimavedelem","p4-page-type-sajtokozlemeny"],"_links":{"self":[{"href":"https:\/\/www.greenpeace.org\/hungary\/wp-json\/wp\/v2\/posts\/1641","targetHints":{"allow":["GET"]}}],"collection":[{"href":"https:\/\/www.greenpeace.org\/hungary\/wp-json\/wp\/v2\/posts"}],"about":[{"href":"https:\/\/www.greenpeace.org\/hungary\/wp-json\/wp\/v2\/types\/post"}],"author":[{"embeddable":true,"href":"https:\/\/www.greenpeace.org\/hungary\/wp-json\/wp\/v2\/users\/25"}],"replies":[{"embeddable":true,"href":"https:\/\/www.greenpeace.org\/hungary\/wp-json\/wp\/v2\/comments?post=1641"}],"version-history":[{"count":2,"href":"https:\/\/www.greenpeace.org\/hungary\/wp-json\/wp\/v2\/posts\/1641\/revisions"}],"predecessor-version":[{"id":7967,"href":"https:\/\/www.greenpeace.org\/hungary\/wp-json\/wp\/v2\/posts\/1641\/revisions\/7967"}],"wp:attachment":[{"href":"https:\/\/www.greenpeace.org\/hungary\/wp-json\/wp\/v2\/media?parent=1641"}],"wp:term":[{"taxonomy":"category","embeddable":true,"href":"https:\/\/www.greenpeace.org\/hungary\/wp-json\/wp\/v2\/categories?post=1641"},{"taxonomy":"post_tag","embeddable":true,"href":"https:\/\/www.greenpeace.org\/hungary\/wp-json\/wp\/v2\/tags?post=1641"},{"taxonomy":"p4-page-type","embeddable":true,"href":"https:\/\/www.greenpeace.org\/hungary\/wp-json\/wp\/v2\/p4-page-type?post=1641"}],"curies":[{"name":"wp","href":"https:\/\/api.w.org\/{rel}","templated":true}]}}