{"id":1666,"date":"2013-12-13T00:00:00","date_gmt":"2013-12-12T22:00:00","guid":{"rendered":"https:\/\/www.greenpeace.org\/hungary\/uncategorized\/1666\/magyarorszagnak-volt-igaza-torvenyserto-az-amflora-gm-burgonya-unios-engedelye-es-maga-az-engedelyezesi-eljaras-is\/"},"modified":"2019-11-06T09:41:45","modified_gmt":"2019-11-06T08:41:45","slug":"magyarorszagnak-volt-igaza-torvenyserto-az-amflora-gm-burgonya-unios-engedelye-es-maga-az-engedelyezesi-eljaras-is","status":"publish","type":"post","link":"https:\/\/www.greenpeace.org\/hungary\/sajtokozlemeny\/1666\/magyarorszagnak-volt-igaza-torvenyserto-az-amflora-gm-burgonya-unios-engedelye-es-maga-az-engedelyezesi-eljaras-is\/","title":{"rendered":"Magyarorsz\u00e1gnak volt igaza: t\u00f6rv\u00e9nys\u00e9rt\u0151 az Amflora GM-burgonya uni\u00f3s enged\u00e9lye \u00e9s maga az enged\u00e9lyez\u00e9si elj\u00e1r\u00e1s is"},"content":{"rendered":"<div class=\"leader\">\n\t\u00dajabb siker az eg\u00e9szs\u00e9ges \u00e9lelmiszereink\u00e9rt \u00e9s GMO-mentes termel\u00e9s\u00fcnk\u00e9rt v\u00edvott harcban! Az Amflora g\u00e9nm\u00f3dos\u00edtott burgonya uni\u00f3s enged\u00e9lyez\u00e9s\u00e9t Magyarorsz\u00e1g 2010-ben t\u00e1madta meg az Eur\u00f3pai B\u00edr\u00f3s\u00e1gon, mert v\u00e9lem\u00e9nye szerint az elj\u00e1r\u00e1s sor\u00e1n a Bizotts\u00e1g t\u00f6bb elj\u00e1r\u00e1si hib\u00e1t is v\u00e9tett: t\u00f6bbek k\u00f6z\u00f6tt nem k\u00e9rte ki a tag\u00e1llamok v\u00e9lem\u00e9ny\u00e9t a m\u00f3dos\u00edtott javaslatr\u00f3l, vagyis nem megfelel\u0151en vonta be \u0151ket a d\u00f6nt\u00e9shozatali folyamatba. Az uni\u00f3s b\u00edr\u00f3s\u00e1g ma hirdetett \u00edt\u00e9letet, melyben kimondta, hogy Magyarorsz\u00e1gnak volt igaza. A B\u00edr\u00f3s\u00e1g arra a meg\u00e1llap\u00edt\u00e1sra jutott, hogy a Bizotts\u00e1g s\u00falyosan megs\u00e9rtette az elj\u00e1r\u00e1sjogi k\u00f6telezetts\u00e9geit, \u00edgy a T\u00f6rv\u00e9nysz\u00e9k megsemmis\u00edti az enged\u00e9lyez\u00e9shez kapcsol\u00f3d\u00f3 megt\u00e1madott hat\u00e1rozatokat. (1)\n<\/div>\n<div>\n<p>A Greenpeace gratul\u00e1l Magyarorsz\u00e1gnak a b\u00e1tors\u00e1g\u00e1\u00e9rt, hogy elind\u00edtotta az elj\u00e1r\u00e1st. B\u00fcszk\u00e9k vagyunk arra, hogy Magyarorsz\u00e1g \u00e9s a perben k\u00e9s\u0151bb hozz\u00e1 csatlakoz\u00f3 tagorsz\u00e1gok \u2013 Ausztria, Lengyelorsz\u00e1g, Luxemburg \u00e9s Franciaorsz\u00e1g \u2013 az Eur\u00f3pai B\u00edr\u00f3s\u00e1gon ki\u00e1lltak igazuk\u00e9rt az enged\u00e9lyez\u00e9sben v\u00e9tett nyilv\u00e1nval\u00f3 hib\u00e1kat tapasztalva. K\u00fcl\u00f6n \u00f6r\u00f6m sz\u00e1munkra, hogy a jogi elj\u00e1r\u00e1s f\u0151 kezdem\u00e9nyez\u0151je, dr. Rodics Katalin az\u00f3ta a Greenpeace agr\u00e1rt\u00e9m\u00e1kkal foglalkoz\u00f3 region\u00e1lis munkat\u00e1rsa lett, \u00e9s tov\u00e1bbra is harcol eg\u00e9szs\u00e9ges \u00e9lelmiszereink\u00e9rt, a magyar mez\u0151gazdas\u00e1g j\u00f6v\u0151j\u00e9\u00e9rt.<\/p>\n<p>A 2010-ben az enged\u00e9lyez\u00e9si elj\u00e1r\u00e1s hib\u00e1i miatt ind\u00edtott jogi elj\u00e1r\u00e1s \u00e9s a meghozott \u00edt\u00e9let komoly hat\u00e1ssal lehet a 1507-es GM-kukorica \u00e9s m\u00e1s GM-n\u00f6v\u00e9nyek enged\u00e9lyez\u00e9si elj\u00e1r\u00e1s\u00e1ra is. Az Amflora-\u00fcgy indokl\u00e1s\u00e1ban az Eur\u00f3pai B\u00edr\u00f3s\u00e1g al\u00e1t\u00e1masztja a Greenpeace \u00e9rvel\u00e9s\u00e9t, miszerint ha a tag\u00e1llamok szak\u00e9rt\u0151i \u00e1ltal megszavazott eur\u00f3pai bizotts\u00e1gi javaslat m\u00f3dosul, akkor arr\u00f3l a tag\u00e1llamoknak \u00fajra kell szavazniuk. Azt rem\u00e9lj\u00fck, hogy a b\u00edr\u00f3s\u00e1gi d\u00f6nt\u00e9snek k\u00f6sz\u00f6nhet\u0151en a j\u00f6v\u0151ben m\u00e1r nem fordulhat el\u0151 olyan eset, amikor a tag\u00e1llami szak\u00e9rt\u0151k nem vehetnek r\u00e9szt megfelel\u0151 s\u00fallyal az enged\u00e9lyez\u00e9si folyamatban.<\/p>\n<p>Miut\u00e1n kider\u00fclt, hogy nem is volt val\u00f3s piaci ig\u00e9ny erre a g\u00e9nm\u00f3dos\u00edtott burgony\u00e1ra, a 2010-ben az enged\u00e9lyezett Amflor\u00e1t az Eur\u00f3pai Uni\u00f3 ter\u00fclet\u00e9n \u00f6sszesen alig t\u00f6bb mint 100 hekt\u00e1ron vetett\u00e9k (2), \u00edgy val\u00f3j\u00e1ban nagyon hamar a gazdas\u00e1gi kudarc szimb\u00f3luma is lett. Vet\u00e9se csak eg\u00e9szs\u00e9g\u00fcgyi \u00e9s k\u00f6rnyezetv\u00e9delmi kock\u00e1zatokkal j\u00e1rt, piaci el\u0151ny\u00f6ket nem hozott. Ez\u00e9rt az ezt el\u0151\u00e1ll\u00edt\u00f3 BASF v\u00e1llalat 2 \u00e9vvel az Amflora enged\u00e9lyez\u00e9se ut\u00e1n le\u00e1ll\u00edtott a GM-burgonya forgalmaz\u00e1s\u00e1t, s\u0151t g\u00e9ntechnol\u00f3giai tev\u00e9kenys\u00e9g\u00e9vel is kivonult Eur\u00f3p\u00e1b\u00f3l, \u00e9s Amerik\u00e1ba telepedett \u00e1t. (3)<\/p>\n<p>\u00d6sszefoglalva: az Eur\u00f3pai B\u00edr\u00f3s\u00e1gnak ez a precedens \u00e9rt\u00e9k\u0171 d\u00f6nt\u00e9se a GM-n\u00f6v\u00e9nyek j\u00f6v\u0151ben zajl\u00f3 enged\u00e9lyez\u00e9si folyamatai szempontj\u00e1b\u00f3l kiemelked\u0151 jelent\u0151s\u00e9g\u0171.<\/p>\n<p>V\u00c9GE<\/p>\n<p><strong>Tov\u00e1bbi inform\u00e1ci\u00f3:<\/strong><br \/>Rodics Katalin<br \/>region\u00e1lis kamp\u00e1nyfelel\u0151s<br \/><script type=\"text\/javascript\"><!--\ndocument.write(dc('Eoi_1', '62_17_0A_4C_07_01_03_07_12_0C_07_07_10_05_22_11_01_0B_06_0D_10_4C_0C_0B_0E_03_16_03_09'));\/\/--><\/script><br \/>+36 20 479 1916<\/p>\n<p><strong>Jegyzetek:<\/strong><br \/>(1) Az Eur\u00f3pai B\u00edr\u00f3s\u00e1g r\u00e9szletes sajt\u00f3k\u00f6zlem\u00e9nye az \u00fcgyben: http:\/\/curia.europa.eu\/jcms\/upload\/docs\/application\/pdf\/2013-12\/cp130160hu.pdf<\/p>\n<p>(2) R\u00e1ad\u00e1sul ennek jelent\u0151s r\u00e9sz\u00e9t meg is kellett semmis\u00edteni, mert a frissen enged\u00e9lyezett Amflora burgonya Sv\u00e9dorsz\u00e1gban \u00f6sszekeveredett egy enged\u00e9ly n\u00e9lk\u00fcli GM-burgonya fajt\u00e1val: <a href=\"http:\/\/www.greenfo.hu\/hirek\/2010\/09\/25\/a-basf-elismerte-gm-hibajat_1285409514\">http:\/\/www.greenfo.hu\/hirek\/2010\/09\/25\/a-basf-elismerte-gm-hibajat_1285409514<\/a><\/p>\n<p>(3) <a href=\"http:\/\/www.vg.hu\/vallalatok\/vallalati-hirek\/a-basf-kivonul-az-europai-genpiacrol-366782\">http:\/\/www.vg.hu\/vallalatok\/vallalati-hirek\/a-basf-kivonul-az-europai-genpiacrol-366782<\/a> \u00e9s az eredeti sajt\u00f3k\u00f6zlem\u00e9ny: <a href=\"http:\/\/www.basf.com\/group\/pressrelease\/P-12-109\">http:\/\/www.basf.com\/group\/pressrelease\/P-12-109<\/a><\/p>\n<p>A Greenpeace f\u00fcggetlen, energikus \u00e9s konfront\u00e1ci\u00f3ra k\u00e9sz k\u00f6rnyezetv\u00e9d\u0151 szervezet, mely a vil\u00e1g t\u00f6bb mint 45 orsz\u00e1g\u00e1ban k\u00e9sz arra, hogy fell\u00e9pjen a F\u00f6ld \u00e9rt\u00e9keinek v\u00e9delm\u00e9ben. Radik\u00e1lis, de teljes m\u00e9rt\u00e9ben er\u0151szakmentes, a legjobb tudom\u00e1nyos kutat\u00f3int\u00e9zetekkel m\u0171k\u00f6dik egy\u00fctt, t\u00e1rgyal \u00e9s lobbizik, ha kell aut\u00f3p\u00e1ly\u00e1kat, korm\u00e1ny\u00e9p\u00fcleteket z\u00e1r le. Egyik kez\u00e9vel tiltakozik, a m\u00e1sikkal az alternat\u00edv megold\u00e1sokat mutatja fel. Minden NEM! mell\u00e9 mond egy IGEN!-t is.<\/p>\n<\/div>\n","protected":false},"excerpt":{"rendered":"<div>\n\t\u00dajabb siker az eg\u00e9szs\u00e9ges \u00e9lelmiszereink\u00e9rt \u00e9s GMO-mentes termel\u00e9s\u00fcnk\u00e9rt v\u00edvott harcban! Az Amflora g\u00e9nm\u00f3dos\u00edtott burgonya uni\u00f3s enged\u00e9lyez\u00e9s\u00e9t Magyarorsz\u00e1g 2010-ben t\u00e1madta meg az Eur\u00f3pai B\u00edr\u00f3s\u00e1gon, mert v\u00e9lem\u00e9nye szerint az elj\u00e1r\u00e1s sor\u00e1n a Bizotts\u00e1g t\u00f6bb elj\u00e1r\u00e1si hib\u00e1t is v\u00e9tett: t\u00f6bbek k\u00f6z\u00f6tt nem k\u00e9rte ki a tag\u00e1llamok v\u00e9lem\u00e9ny\u00e9t a m\u00f3dos\u00edtott javaslatr\u00f3l, vagyis nem megfelel\u0151en vonta be \u0151ket a d\u00f6nt\u00e9shozatali folyamatba. Az uni\u00f3s b\u00edr\u00f3s\u00e1g ma hirdetett \u00edt\u00e9letet, melyben kimondta, hogy Magyarorsz\u00e1gnak volt igaza. A B\u00edr\u00f3s\u00e1g arra a meg\u00e1llap\u00edt\u00e1sra jutott, hogy a Bizotts\u00e1g s\u00falyosan megs\u00e9rtette az elj\u00e1r\u00e1sjogi k\u00f6telezetts\u00e9geit, \u00edgy a T\u00f6rv\u00e9nysz\u00e9k megsemmis\u00edti az enged\u00e9lyez\u00e9shez kapcsol\u00f3d\u00f3 megt\u00e1madott hat\u00e1rozatokat. (1)\n<\/div>\n","protected":false},"author":25,"featured_media":0,"comment_status":"closed","ping_status":"open","sticky":false,"template":"","format":"standard","meta":{"ep_exclude_from_search":false,"p4_og_title":"","p4_og_description":"","p4_og_image":"","p4_og_image_id":"","p4_seo_canonical_url":"","p4_campaign_name":"","p4_local_project":"","p4_basket_name":"","p4_department":"","footnotes":""},"categories":[3],"tags":[35,24],"p4-page-type":[37],"class_list":["post-1666","post","type-post","status-publish","format-standard","hentry","category-termeszet-kornyezet","tag-okogazdalkodas","tag-szennyezes","p4-page-type-sajtokozlemeny"],"_links":{"self":[{"href":"https:\/\/www.greenpeace.org\/hungary\/wp-json\/wp\/v2\/posts\/1666","targetHints":{"allow":["GET"]}}],"collection":[{"href":"https:\/\/www.greenpeace.org\/hungary\/wp-json\/wp\/v2\/posts"}],"about":[{"href":"https:\/\/www.greenpeace.org\/hungary\/wp-json\/wp\/v2\/types\/post"}],"author":[{"embeddable":true,"href":"https:\/\/www.greenpeace.org\/hungary\/wp-json\/wp\/v2\/users\/25"}],"replies":[{"embeddable":true,"href":"https:\/\/www.greenpeace.org\/hungary\/wp-json\/wp\/v2\/comments?post=1666"}],"version-history":[{"count":1,"href":"https:\/\/www.greenpeace.org\/hungary\/wp-json\/wp\/v2\/posts\/1666\/revisions"}],"predecessor-version":[{"id":1667,"href":"https:\/\/www.greenpeace.org\/hungary\/wp-json\/wp\/v2\/posts\/1666\/revisions\/1667"}],"wp:attachment":[{"href":"https:\/\/www.greenpeace.org\/hungary\/wp-json\/wp\/v2\/media?parent=1666"}],"wp:term":[{"taxonomy":"category","embeddable":true,"href":"https:\/\/www.greenpeace.org\/hungary\/wp-json\/wp\/v2\/categories?post=1666"},{"taxonomy":"post_tag","embeddable":true,"href":"https:\/\/www.greenpeace.org\/hungary\/wp-json\/wp\/v2\/tags?post=1666"},{"taxonomy":"p4-page-type","embeddable":true,"href":"https:\/\/www.greenpeace.org\/hungary\/wp-json\/wp\/v2\/p4-page-type?post=1666"}],"curies":[{"name":"wp","href":"https:\/\/api.w.org\/{rel}","templated":true}]}}