{"id":1677,"date":"2012-04-25T00:00:00","date_gmt":"2012-04-24T22:00:00","guid":{"rendered":"https:\/\/www.greenpeace.org\/hungary\/uncategorized\/1677\/az-apple-piszkos-energiaval-uzemelteti-az-icloudot\/"},"modified":"2019-11-06T09:42:01","modified_gmt":"2019-11-06T08:42:01","slug":"az-apple-piszkos-energiaval-uzemelteti-az-icloudot","status":"publish","type":"post","link":"https:\/\/www.greenpeace.org\/hungary\/sajtokozlemeny\/1677\/az-apple-piszkos-energiaval-uzemelteti-az-icloudot\/","title":{"rendered":"Az Apple piszkos energi\u00e1val \u00fczemelteti az iCloudot"},"content":{"rendered":"<h2>Aktivist\u00e1k Apple-boltokn\u00e1l demonstr\u00e1ltak<\/h2>\n<\/p>\n<div class=\"leader\">\n\tGreenpeace-aktivist\u00e1k ma d\u00e9lel\u0151tt az Apple Andr\u00e1ssy \u00fati \u00fczlete el\u0151tt sz\u00e9nport\u00f3l tiszt\u00edtottak meg egy \u00f3ri\u00e1si alm\u00e1t. Magyarorsz\u00e1gon k\u00edv\u00fcl Ausztr\u00e1li\u00e1ban, az Egyes\u00fclt \u00c1llamokban, az Egyes\u00fclt Kir\u00e1lys\u00e1gban, Hong Kongban, Hollandi\u00e1ban \u00e9s Kanad\u00e1ban l\u00e1togattak meg Apple-boltokat a Greenpeace aktivist\u00e1i.\n<\/div>\n<div>\n<p>A Greenpeace <a href=\"http:\/\/www.greenpeace.org\/hungary\/hu\/hirek\/publikaciok\/Maszatos-adatok\/\">Maszatos adatok c\u00edm\u0171 jelent\u00e9se<\/a> 14 IT-c\u00e9get \u00e9rt\u00e9kelt a tiszta <a href=\"http:\/\/hu.wikipedia.org\/wiki\/Sz%C3%A1m%C3%ADt%C3%A1si_felh%C5%91\">sz\u00e1m\u00edt\u00e1si felh\u0151<\/a> l\u00e9trej\u00f6tt\u00e9hez sz\u00fcks\u00e9ges szempontok alapj\u00e1n. A jelent\u00e9s arra jutott, hogy a Google, a Facebook \u00e9s a Yahoo! val\u00f3di elk\u00f6telezetts\u00e9get mutat a meg\u00fajul\u00f3 energia ir\u00e1nt. Ezzel szemben az Apple, az Amazon \u00e9s a Microsoft az idej\u00e9tm\u00falt sz\u00e9n- \u00e9s atomenergi\u00e1ra t\u00e1maszkodik a felh\u0151szolg\u00e1ltat\u00e1sok adatk\u00f6zpontjainak \u00e1ramell\u00e1t\u00e1s\u00e1ban.<\/p>\n<\/p>\n<div class=\"embedded-image-gallery promo general-form\">\n<h1>Tiszt\u00edtjuk az alm\u00e1t<\/h1>\n<div class=\"gallery\">\n<div class=\"img-view galleria_container\">\n        <input type=\"hidden\" value=\"\/hungary\/ReSizes\/ImageGalleryLarge\/Global\/hungary\/kepek\/TisztitsukAzAlmat\/IMG_2044k.jpg\" class=\"hidStartImage\"><\/p>\n<div class=\"galleria_wrapper\">\n            <img decoding=\"async\" src=\"https:\/\/www.greenpeace.org\/static\/planet4-hungary-stateless\/2018\/10\/39a8e444-39a8e444-img_2044k.jpg\" class=\"replaced\" title=\"IMG_2044k.jpg\" alt=\"IMG_2044k.jpg\"><\/p>\n<\/div>\n<p>        <span class=\"caption\"><\/span>\n    <\/div>\n<div class=\"img-nav\">\n<div class=\"carousel\">\n<ul class=\"img-list galleria\">\n<li class=\"active\">\n                            <a title=\"IMG_2044k.jpg\" href=\"http:\/\/www.greenpeace.org\/hungary\/hu\/hirek\/fotok\/galeria\/Tisztitjuk-az-almat1\/IMG_2044kjpg\/\" rel=\"IMG_2044k.jpg~^~^\/hungary\/ReSizes\/ImageGalleryLarge\/Global\/hungary\/kepek\/TisztitsukAzAlmat\/IMG_2044k.jpg~^303705\"><br \/>\n                                <img decoding=\"async\" id=\"ctl00_cphContentArea_Property3_ctl00_ctl04_ctl00_repImages_ctl00_thumbImg\" title=\"IMG_2044k.jpg\" src=\"https:\/\/www.greenpeace.org\/static\/planet4-hungary-stateless\/2018\/10\/39a8e444-39a8e444-img_2044k.jpg\" alt=\"IMG_2044k.jpg\" style=\"border-width:0px;\"><br \/>\n                            <\/a>\n                        <\/li>\n<li>\n                            <a title=\"IMG_2188k.jpg\" href=\"http:\/\/www.greenpeace.org\/hungary\/hu\/hirek\/fotok\/galeria\/Tisztitjuk-az-almat1\/IMG_2188kjpg\/\" rel=\"IMG_2188k.jpg~^~^\/hungary\/ReSizes\/ImageGalleryLarge\/Global\/hungary\/kepek\/TisztitsukAzAlmat\/IMG_2188k.jpg~^303706\"><br \/>\n                                <img decoding=\"async\" id=\"ctl00_cphContentArea_Property3_ctl00_ctl04_ctl00_repImages_ctl01_thumbImg\" title=\"IMG_2188k.jpg\" src=\"https:\/\/www.greenpeace.org\/static\/planet4-hungary-stateless\/2018\/10\/39a8e444-39a8e444-img_2044k.jpg\" alt=\"IMG_2188k.jpg\" style=\"border-width:0px;\"><br \/>\n                            <\/a>\n                        <\/li>\n<li>\n                            <a title=\"IMG_2202k.jpg\" href=\"http:\/\/www.greenpeace.org\/hungary\/hu\/hirek\/fotok\/galeria\/Tisztitjuk-az-almat1\/IMG_2202kjpg\/\" rel=\"IMG_2202k.jpg~^~^\/hungary\/ReSizes\/ImageGalleryLarge\/Global\/hungary\/kepek\/TisztitsukAzAlmat\/IMG_2202k.jpg~^303707\"><br \/>\n                                <img decoding=\"async\" id=\"ctl00_cphContentArea_Property3_ctl00_ctl04_ctl00_repImages_ctl02_thumbImg\" title=\"IMG_2202k.jpg\" src=\"https:\/\/www.greenpeace.org\/static\/planet4-hungary-stateless\/2018\/10\/39a8e444-39a8e444-img_2044k.jpg\" alt=\"IMG_2202k.jpg\" style=\"border-width:0px;\"><br \/>\n                            <\/a>\n                        <\/li>\n<\/ul>\n<\/div>\n<div class=\"navi\">\n<div class=\"link-wrap\">\n\t\t        <a href=\"javascript:void(0);\" class=\"link-prev gal-pre\" title=\"El\u0151z\u0151\"><span class=\"prev\">El\u0151z\u0151<\/span><\/a><br \/>\n\t\t        <a href=\"javascript:void(0);\" class=\"link-next gal-next\" title=\"K\u00f6vetkez\u0151\"><span class=\"next\">K\u00f6vetkez\u0151<\/span><\/a>\n\t        <\/div>\n<div class=\"play-holder\">\n\t\t        <span class=\"number-img\"><em><span class=\"galindex\">1<\/span>\/3<\/em><\/span><br \/>\n\t\t        <a href=\"javascript:void(0);\" class=\"link-play\" title=\"Lej\u00e1tsz\u00e1s\">Lej\u00e1tsz\u00e1s<\/a>\n\t        <\/div>\n<\/p>\n<\/div>\n<\/div>\n<\/div>\n<div class=\"text\">\n<p class=\"description\">Az Apple Andr\u00e1ssy \u00fati \u00fczlete el\u0151tt sz\u00e9nport\u00f3l tiszt\u00edtottunk meg egy \u00f3ri\u00e1si alm\u00e1t. Magyarorsz\u00e1gon k\u00edv\u00fcl Ausztr\u00e1li\u00e1ban, az Egyes\u00fclt \u00c1llamokban, az Egyes\u00fclt Kir\u00e1lys\u00e1gban, Hong Kongban, Hollandi\u00e1ban \u00e9s Kanad\u00e1ban l\u00e1togattak meg Apple boltokat a Greenpeace aktivist\u00e1i.<br \/>\nA Maszatos adatok (Clean our cloud) a Greenpeace leg\u00fajabb nemzetk\u00f6zi kamp\u00e1nya, melyben az IT szektor vezet\u0151 szerepl\u0151it k\u00e9rj\u00fck, hogy \u00e1lljanak \u00e1t a piszkos energi\u00e1kr\u00f3l a meg\u00fajul\u00f3kra. A kamp\u00e1nyt megalapoz\u00f3 jelent\u00e9s szerint a tiszta energi\u00e1k haszn\u00e1lat\u00e1ban a Facebook, a Google \u00e9s a Yahoo! a legjobb, a sereghajt\u00f3 pedig az Apple, a Microsoft \u00e9s az Amazon.com.<\/p>\n<p class=\"copyright\">\u00a9 Veljanovic Anna \/ Greenpeace<\/p>\n<\/div>\n<\/div>\n<p>\u00a0<\/p>\n<p>Stoll Barbara, a Greenpeace kl\u00edma \u00e9s energia kamp\u00e1nyfelel\u0151se elmondta: \u201eA Maszatos adatok c\u00edm\u0171 friss jelent\u00e9s\u00fcnkben megvizsg\u00e1lt \u00f6sszes IT-v\u00e1llalat k\u00f6z\u00fcl az Apple-nek van a legink\u00e1bb lehet\u0151s\u00e9ge arra, hogy az \u00e1gazat vezet\u0151j\u00e9v\u00e9 v\u00e1ljon a meg\u00fajul\u00f3 energia ter\u00e9n. Az Apple innovat\u00edv gondolkod\u00e1sa \u00e9s \u00f3ri\u00e1si k\u00e9szp\u00e9nztartal\u00e9ka miatt a legalkalmasabb arra, hogy meghat\u00e1rozza a szektoron bel\u00fcl az ir\u00e1nyokat.&#8221;<\/p>\n<p>A Google, a Facebook \u00e9s a Yahoo! m\u00e1r megtett\u00e9k az els\u0151 l\u00e9p\u00e9seket ahhoz, hogy az ipar\u00e1g vezet\u0151iv\u00e9 v\u00e1ljanak a tiszta energia \u00fatj\u00e1n. Elk\u00f6telezt\u00e9k magukat az energiahat\u00e9konys\u00e1gi innov\u00e1ci\u00f3 mellett, el\u0151nyben r\u00e9szes\u00edtik a meg\u00fajul\u00f3khoz val\u00f3 hozz\u00e1f\u00e9r\u00e9st az adatk\u00f6zpontok elhelyez\u00e9sekor, \u00e9s jobb energetikai lehet\u0151s\u00e9geket k\u00f6vetelnek a szolg\u00e1ltat\u00f3kt\u00f3l \u00e9s a d\u00f6nt\u00e9shoz\u00f3kt\u00f3l.<\/p>\n<p>Az Apple nemr\u00e9giben napenergia beruh\u00e1z\u00e1sba fogott az \u00e9szak-karolinai adatk\u00f6zpontja \u00e1ramig\u00e9nyeinek r\u00e9szleges fedez\u00e9s\u00e9re, de enn\u00e9l sokkal t\u00f6bbre is k\u00e9pes a gyorsan gyarapod\u00f3 iCloud megtiszt\u00edt\u00e1sa \u00e9rdek\u00e9ben.<\/p>\n<p>A Greenpeace felsz\u00f3l\u00edtja az \u00f6sszes felh\u0151szolg\u00e1ltat\u00e1st ny\u00fajt\u00f3 c\u00e9get, \u00edgy az Apple-t is, hogy:<\/p>\n<ul>\n<li>k\u00f6telezze el mag\u00e1t a felh\u0151k meg\u00fajul\u00f3 energi\u00e1val t\u00f6rt\u00e9n\u0151 ell\u00e1t\u00e1sa mellett, \u00e9s a j\u00f6v\u0151beli adatk\u00f6zpontok elhelyez\u00e9s\u00e9r\u0151l sz\u00f3l\u00f3 d\u00f6nt\u00e9sekben tegye kulcsfontoss\u00e1g\u00fa t\u00e9nyez\u0151v\u00e9 a meg\u00fajul\u00f3khoz val\u00f3 hozz\u00e1f\u00e9r\u00e9st;<\/li>\n<li>ruh\u00e1zzon be meg\u00fajul\u00f3 energi\u00e1ba, vagy v\u00e1s\u00e1roljon meg\u00fajul\u00f3kat k\u00f6zvetlen\u00fcl;<\/li>\n<li>k\u00f6vetelje, hogy a korm\u00e1nyok \u00e9s az \u00e1ramszolg\u00e1ltat\u00f3k n\u00f6velj\u00e9k a h\u00e1l\u00f3zaton el\u00e9rhet\u0151 meg\u00fajul\u00f3 energia ar\u00e1ny\u00e1t;<\/li>\n<li>legyen \u00e1tl\u00e1that\u00f3bb az energiahaszn\u00e1lat\u00e1t \u00e9s a sz\u00e9n-dioxid-l\u00e1bnyom\u00e1t illet\u0151en, \u00e9s ossza meg az innovat\u00edv megold\u00e1sokat, hogy a szektor eg\u00e9sze fejl\u0151dhessen.<\/li>\n<\/ul>\n<p>A Greenpeace \u00faj Apple-t c\u00e9lz\u00f3 \u00e1lrekl\u00e1mja megtekinthet\u0151 a <a href=\"http:\/\/maszatosadatok.hu\/\">maszatosadatok.hu<\/a> oldalon.<\/p>\n<p><strong>Kapcsolat:<\/strong><br \/>Stoll Barbara \u2013 Greenpeace kl\u00edma \u00e9s energia kamp\u00e1nyfelel\u0151s: +36-20-417-06-26; <script type=\"text\/javascript\"><!--\ndocument.write(dc('Eoi_1', '2D_58_45_03_48_4E_4C_48_5D_43_48_48_5F_4A_6D_41_41_42_59_5E_03_4C_5F_4C_4F_5F_4C_4F'));\/\/--><\/script><\/p>\n<\/div>\n","protected":false},"excerpt":{"rendered":"<div>\n\tGreenpeace-aktivist\u00e1k ma d\u00e9lel\u0151tt az Apple Andr\u00e1ssy \u00fati \u00fczlete el\u0151tt sz\u00e9nport\u00f3l tiszt\u00edtottak meg egy \u00f3ri\u00e1si alm\u00e1t. Magyarorsz\u00e1gon k\u00edv\u00fcl Ausztr\u00e1li\u00e1ban, az Egyes\u00fclt \u00c1llamokban, az Egyes\u00fclt Kir\u00e1lys\u00e1gban, Hong Kongban, Hollandi\u00e1ban \u00e9s Kanad\u00e1ban l\u00e1togattak meg Apple-boltokat a Greenpeace aktivist\u00e1i.\n<\/div>\n","protected":false},"author":25,"featured_media":1678,"comment_status":"closed","ping_status":"open","sticky":false,"template":"","format":"standard","meta":{"ep_exclude_from_search":false,"p4_og_title":"","p4_og_description":"","p4_og_image":"","p4_og_image_id":"","p4_seo_canonical_url":"","p4_campaign_name":"","p4_local_project":"","p4_basket_name":"","p4_department":"","footnotes":""},"categories":[2],"tags":[6,26],"p4-page-type":[37],"class_list":["post-1677","post","type-post","status-publish","format-standard","has-post-thumbnail","hentry","category-klima-energia","tag-klimavedelem","tag-fosszilis","p4-page-type-sajtokozlemeny"],"_links":{"self":[{"href":"https:\/\/www.greenpeace.org\/hungary\/wp-json\/wp\/v2\/posts\/1677","targetHints":{"allow":["GET"]}}],"collection":[{"href":"https:\/\/www.greenpeace.org\/hungary\/wp-json\/wp\/v2\/posts"}],"about":[{"href":"https:\/\/www.greenpeace.org\/hungary\/wp-json\/wp\/v2\/types\/post"}],"author":[{"embeddable":true,"href":"https:\/\/www.greenpeace.org\/hungary\/wp-json\/wp\/v2\/users\/25"}],"replies":[{"embeddable":true,"href":"https:\/\/www.greenpeace.org\/hungary\/wp-json\/wp\/v2\/comments?post=1677"}],"version-history":[{"count":1,"href":"https:\/\/www.greenpeace.org\/hungary\/wp-json\/wp\/v2\/posts\/1677\/revisions"}],"predecessor-version":[{"id":1682,"href":"https:\/\/www.greenpeace.org\/hungary\/wp-json\/wp\/v2\/posts\/1677\/revisions\/1682"}],"wp:featuredmedia":[{"embeddable":true,"href":"https:\/\/www.greenpeace.org\/hungary\/wp-json\/wp\/v2\/media\/1678"}],"wp:attachment":[{"href":"https:\/\/www.greenpeace.org\/hungary\/wp-json\/wp\/v2\/media?parent=1677"}],"wp:term":[{"taxonomy":"category","embeddable":true,"href":"https:\/\/www.greenpeace.org\/hungary\/wp-json\/wp\/v2\/categories?post=1677"},{"taxonomy":"post_tag","embeddable":true,"href":"https:\/\/www.greenpeace.org\/hungary\/wp-json\/wp\/v2\/tags?post=1677"},{"taxonomy":"p4-page-type","embeddable":true,"href":"https:\/\/www.greenpeace.org\/hungary\/wp-json\/wp\/v2\/p4-page-type?post=1677"}],"curies":[{"name":"wp","href":"https:\/\/api.w.org\/{rel}","templated":true}]}}