{"id":1691,"date":"2013-09-27T00:00:00","date_gmt":"2013-09-26T22:00:00","guid":{"rendered":"https:\/\/www.greenpeace.org\/hungary\/uncategorized\/1691\/fotoriporter-is-a-megvadoltak-kozt-a-greenpeace-akcioban\/"},"modified":"2019-11-06T09:41:53","modified_gmt":"2019-11-06T08:41:53","slug":"fotoriporter-is-a-megvadoltak-kozt-a-greenpeace-akcioban","status":"publish","type":"post","link":"https:\/\/www.greenpeace.org\/hungary\/sajtokozlemeny\/1691\/fotoriporter-is-a-megvadoltak-kozt-a-greenpeace-akcioban\/","title":{"rendered":"Fot\u00f3riporter is a megv\u00e1doltak k\u00f6zt a Greenpeace-akci\u00f3ban"},"content":{"rendered":"<h2>Az orosz hat\u00f3s\u00e1gok a megf\u00e9leml\u00edt\u00e9sre j\u00e1tszanak<\/h2>\n<\/p>\n<div class=\"leader\">\n\tBudapest, 2013. szeptember 27. \u2013 A Greenpeace el\u00edt\u00e9li az orosz b\u00edr\u00f3s\u00e1g d\u00f6nt\u00e9s\u00e9t, amely t\u00f6bb tucat aktivista fogva tart\u00e1s\u00e1t mondja ki, mik\u00f6zben azok mind\u00f6ssze er\u0151szakmentes demonstr\u00e1ci\u00f3ban vettek r\u00e9szt az \u00c9szaki-sarkvid\u00e9k v\u00e9delm\u00e9ben. A szervezet nem hagyja mag\u00e1t megf\u00e9leml\u00edteni, az \u00fcgyv\u00e9dek fellebbez\u00e9st ny\u00fajtanak be az aktivist\u00e1k azonnali szabadon bocs\u00e1t\u00e1s\u00e1\u00e9rt.\n<\/div>\n<div>\n<p>A Greenpeace International huszonnyolc aktivist\u00e1j\u00e1t, valamint egy fot\u00f3st \u00e9s egy vide\u00f3st bilincsbe verve, ketrecbe z\u00e1rva k\u00e9rdezte ki a Lenin ker\u00fcleti b\u00edr\u00f3s\u00e1g Murmanszkban. Huszonketten 2 h\u00f3napos vizsg\u00e1lati fogs\u00e1gba ker\u00fcltek, am\u00edg kivizsg\u00e1lj\u00e1k a kal\u00f3zkod\u00e1s v\u00e1dj\u00e1t, m\u00edg nyolc t\u00e1rsuk \u00fcgy\u00e9ben 3 nap m\u00falva lesz \u00faj meghallgat\u00e1s.<\/p>\n<p>A Greenpeace International \u00fcgyvezet\u0151 igazgat\u00f3ja, Kumi Naidoo elmondta: \u201eEzek a letart\u00f3ztat\u00e1sok, ahogy az orosz olajipar is, egy elm\u00falt korszak rozsd\u00e1s maradv\u00e1nyai. B\u00e9k\u00e9s aktivist\u00e1ink beb\u00f6rt\u00f6nz\u00e9se egy\u00e9rtelm\u0171en r\u00e1vil\u00e1g\u00edt a Gazprom vakmer\u0151 gondatlans\u00e1g\u00e1ra. Az \u00c9szaki-sarkvid\u00e9k a szem\u00fcnk el\u0151tt olvad, \u00e9s ezek a b\u00e1tor \u00f6nk\u00e9ntesek szemben \u00e1llnak azokkal, akik cinikus m\u00f3don kihaszn\u00e1lj\u00e1k ezt v\u00e1ls\u00e1got, hogy m\u00e9g t\u00f6bb olajat termeljenek ki.\u201d<\/p>\n<p>\u201eTett\u00fck sz\u00fcks\u00e9gess\u00e9g\u00e9t az igazolja, hogy a korm\u00e1nyzatok vil\u00e1gszerte sz\u00e1nalmasan keveset tesznek az emberis\u00e9get fenyeget\u0151 kl\u00edmav\u00e1ltoz\u00e1s ellen. Nem hagyjuk magunkat megf\u00e9leml\u00edteni, fellebbez\u00fcnk a letart\u00f3ztat\u00e1sok ellen, \u00e9s egy\u00fctt sikerre vissz\u00fck \u00fcgy\u00fcnket!\u201d<\/p>\n<p>Az orosz hat\u00f3s\u00e1gok t\u00falkap\u00e1s\u00e1t (1) meger\u0151s\u00edti az a nemzetk\u00f6zi felh\u00e1borod\u00e1s, amely Gyenyisz Szinyakov fot\u00f3riporter letart\u00f3ztat\u00e1s\u00e1t k\u00eds\u00e9ri. T\u00f6bb \u00fajs\u00e1g\u00edr\u00f3-szervezet is Szinyakov azonnali szabadon bocs\u00e1t\u00e1s\u00e1t k\u00f6veteli. (2) Sz\u00e1mos orosz sajt\u00f3org\u00e1num fekete t\u00e9glalapokat mutat k\u00e9pei hely\u00e9n (3), \u00edgy tiltakozva a v\u00e1dak \u00e9s a letart\u00f3ztat\u00e1s meghosszabb\u00edt\u00e1sa ellen.<\/p>\n<p>A Greenpeace Magyarorsz\u00e1g munkat\u00e1rsai \u00e9s \u00f6nk\u00e9ntesei virraszt\u00e1st szerveznek a budapesti orosz nagyk\u00f6vets\u00e9g el\u00e9 ma 18 \u00f3r\u00e1t\u00f3l szombat reggel 8 \u00f3r\u00e1ig. Szeretettel v\u00e1runk mindenkit, aki t\u00e1mogatja \u00fcgy\u00fcnket.<\/p>\n<p>V\u00c9GE<\/p>\n<p>&#8212;<\/p>\n<p>Nyilatkoz\u00f3:<br \/> Greenpeace Magyarorsz\u00e1g Egyes\u00fclet:<br \/> Szegfalvi Zsolt<br \/> \u00dcgyvezet\u0151 igazgat\u00f3<br \/> +36 20 573 1430<br \/> <script type=\"text\/javascript\"><!--\ndocument.write(dc('Eoi_1', '33_46_5B_1D_56_50_52_56_43_5D_56_56_41_54_73_5A_45_5F_52_55_54_56_49_40_1D_47_5F_5C_40_49'));\/\/--><\/script><\/p>\n<p>Fot\u00f3k, vide\u00f3k:<br \/> <a href=\"http:\/\/photo.greenpeace.org\/C.aspx?VP3=ViewBox&amp;STID=27MZIFV1XNFX&amp;CT=Story\">http:\/\/photo.greenpeace.org\/C.aspx?VP3=ViewBox&amp;STID=27MZIFV1XNFX&amp;CT=Story<\/a><br \/> <a href=\"http:\/\/photo.greenpeace.org\/C.aspx?VP3=ViewBox_VPage&amp;ALID=27MZIFV4HRSX&amp;CT=Album\">http:\/\/photo.greenpeace.org\/C.aspx?VP3=ViewBox_VPage&amp;ALID=27MZIFV4HRSX&amp;CT=Album<\/a><\/p>\n<p>Megjegyz\u00e9sek:<br \/> (1) Stefan Kirchner, a Lappf\u00f6ldi Egyetem alapjogi \u00e9s emberi jogi vend\u00e9gprofesszor\u00e1nak tanulm\u00e1nya az orosz hat\u00f3s\u00e1gok t\u00f6rv\u00e9nys\u00e9rt\u00e9seir\u0151l az Arctic Sunrise-zal kapcsolatos int\u00e9zked\u00e9sek sor\u00e1n:<br \/><a href=\"http:\/\/papers.ssrn.com\/sol3\/papers.cfm?abstract_id=2329446\">http:\/\/papers.ssrn.com\/sol3\/papers.cfm?abstract_id=2329446<\/a><\/p>\n<p>(2) OSCE media freedom representative calls for release of arrested photojournalist in Russia.<br \/> <a href=\"http:\/\/www.osce.org\/fom\/105790\">http:\/\/www.osce.org\/fom\/105790<\/a><br \/> Reporters Without Borders: Two months detention for Russian photographer on Greenpeace vessel.<br \/> <a href=\"http:\/\/en.rsf.org\/russia-two-months-detention-for-russian-26-09-2013,45240.html\">http:\/\/en.rsf.org\/russia-two-months-detention-for-russian-26-09-2013,45240.html<\/a><\/p>\n<p>(3) T\u00f6bbek k\u00f6z\u00f6tt:<br \/> <a href=\"http:\/\/www.echo.msk.ru\/\">http:\/\/www.echo.msk.ru\/<\/a><br \/> <a href=\"http:\/\/lenta.ru\/\">http:\/\/lenta.ru\/<\/a><br \/> <a href=\"http:\/\/www.novayagazeta.ru\/\">http:\/\/www.novayagazeta.ru\/<\/a><br \/> <a href=\"http:\/\/www.ntv.ru\/\">http:\/\/www.ntv.ru\/<\/a><\/p>\n<p>&#8212;<\/p>\n<p>Naprak\u00e9sz h\u00edrek:<br \/> Sajt\u00f3k\u00f6zpont: (<a href=\"https:\/\/www.greenpeace.org\/hungary\/hu\/sajtokozpont\">http:\/\/www.greenpeace.org\/hungary\/hu\/sajtokozpont<\/a>)<br \/> Twitter: (@GreenpeaceHU)<br \/> Blog: (<a href=\"http:\/\/greenpeace.blog.hu\/\">http:\/\/greenpeace.blog.hu<\/a>)<\/p>\n<p><em>A Greenpeace f\u00fcggetlen, energikus \u00e9s konfront\u00e1ci\u00f3ra k\u00e9sz k\u00f6rnyezetv\u00e9d\u0151 szervezet, mely a vil\u00e1g t\u00f6bb mint 45 orsz\u00e1g\u00e1ban k\u00e9sz arra, hogy fell\u00e9pjen a F\u00f6ld \u00e9rt\u00e9keinek v\u00e9delm\u00e9ben. Radik\u00e1lis, de teljes m\u00e9rt\u00e9kben er\u0151szakmentes, a legjobb tudom\u00e1nyos kutat\u00f3int\u00e9zetekkel m\u0171k\u00f6dik egy\u00fctt, t\u00e1rgyal \u00e9s lobbizik, ha kell, aut\u00f3p\u00e1ly\u00e1kat, korm\u00e1ny\u00e9p\u00fcleteket z\u00e1r le. Egyik kez\u00e9vel tiltakozik, m\u00e1sikkal az alternat\u00edv megold\u00e1sokat mutatja fel. Minden NEM! mell\u00e9 mond egy IGEN!-t is.<\/em><\/p>\n<\/div>\n","protected":false},"excerpt":{"rendered":"<div>\n\tBudapest, 2013. szeptember 27. \u2013 A Greenpeace el\u00edt\u00e9li az orosz b\u00edr\u00f3s\u00e1g d\u00f6nt\u00e9s\u00e9t, amely t\u00f6bb tucat aktivista fogva tart\u00e1s\u00e1t mondja ki, mik\u00f6zben azok mind\u00f6ssze er\u0151szakmentes demonstr\u00e1ci\u00f3ban vettek r\u00e9szt az \u00c9szaki-sarkvid\u00e9k v\u00e9delm\u00e9ben. A szervezet nem hagyja mag\u00e1t megf\u00e9leml\u00edteni, az \u00fcgyv\u00e9dek fellebbez\u00e9st ny\u00fajtanak be az aktivist\u00e1k azonnali szabadon bocs\u00e1t\u00e1s\u00e1\u00e9rt.\n<\/div>\n","protected":false},"author":25,"featured_media":0,"comment_status":"closed","ping_status":"open","sticky":false,"template":"","format":"standard","meta":{"ep_exclude_from_search":false,"p4_og_title":"","p4_og_description":"","p4_og_image":"","p4_og_image_id":"","p4_seo_canonical_url":"","p4_campaign_name":"","p4_local_project":"","p4_basket_name":"","p4_department":"","footnotes":""},"categories":[2],"tags":[6,18,28],"p4-page-type":[37],"class_list":["post-1691","post","type-post","status-publish","format-standard","hentry","category-klima-energia","tag-klimavedelem","tag-beke","tag-sarkvidek","p4-page-type-sajtokozlemeny"],"_links":{"self":[{"href":"https:\/\/www.greenpeace.org\/hungary\/wp-json\/wp\/v2\/posts\/1691","targetHints":{"allow":["GET"]}}],"collection":[{"href":"https:\/\/www.greenpeace.org\/hungary\/wp-json\/wp\/v2\/posts"}],"about":[{"href":"https:\/\/www.greenpeace.org\/hungary\/wp-json\/wp\/v2\/types\/post"}],"author":[{"embeddable":true,"href":"https:\/\/www.greenpeace.org\/hungary\/wp-json\/wp\/v2\/users\/25"}],"replies":[{"embeddable":true,"href":"https:\/\/www.greenpeace.org\/hungary\/wp-json\/wp\/v2\/comments?post=1691"}],"version-history":[{"count":1,"href":"https:\/\/www.greenpeace.org\/hungary\/wp-json\/wp\/v2\/posts\/1691\/revisions"}],"predecessor-version":[{"id":1692,"href":"https:\/\/www.greenpeace.org\/hungary\/wp-json\/wp\/v2\/posts\/1691\/revisions\/1692"}],"wp:attachment":[{"href":"https:\/\/www.greenpeace.org\/hungary\/wp-json\/wp\/v2\/media?parent=1691"}],"wp:term":[{"taxonomy":"category","embeddable":true,"href":"https:\/\/www.greenpeace.org\/hungary\/wp-json\/wp\/v2\/categories?post=1691"},{"taxonomy":"post_tag","embeddable":true,"href":"https:\/\/www.greenpeace.org\/hungary\/wp-json\/wp\/v2\/tags?post=1691"},{"taxonomy":"p4-page-type","embeddable":true,"href":"https:\/\/www.greenpeace.org\/hungary\/wp-json\/wp\/v2\/p4-page-type?post=1691"}],"curies":[{"name":"wp","href":"https:\/\/api.w.org\/{rel}","templated":true}]}}