{"id":1731,"date":"2012-01-31T00:00:00","date_gmt":"2012-01-30T22:00:00","guid":{"rendered":"https:\/\/www.greenpeace.org\/hungary\/uncategorized\/1731\/emlekezzunk-a-nagybanyai-katasztrofara-nem-kell-cianidos-aranybanya-romanianak-sem\/"},"modified":"2019-11-06T09:42:02","modified_gmt":"2019-11-06T08:42:02","slug":"emlekezzunk-a-nagybanyai-katasztrofara-nem-kell-cianidos-aranybanya-romanianak-sem","status":"publish","type":"post","link":"https:\/\/www.greenpeace.org\/hungary\/sajtokozlemeny\/1731\/emlekezzunk-a-nagybanyai-katasztrofara-nem-kell-cianidos-aranybanya-romanianak-sem\/","title":{"rendered":"Eml\u00e9kezz\u00fcnk a nagyb\u00e1nyai katasztr\u00f3f\u00e1ra \u2013 nem kell cianidos aranyb\u00e1nya Rom\u00e1ni\u00e1nak sem!"},"content":{"rendered":"<div class=\"leader\">\n\tMa d\u00e9lel\u0151tt Greenpeace aktivist\u00e1k foglalt\u00e1k el Borb\u00e9ly L\u00e1szl\u00f3, rom\u00e1n k\u00f6rnyezetv\u00e9delmi miniszter irod\u00e1j\u00e1t Bukarest belv\u00e1ros\u00e1ban. Ek\u00f6zben t\u00f6bb eur\u00f3pai v\u00e1rosban, \u00edgy Budapesten is, t\u00e1mogat\u00f3 akci\u00f3kat tartottak a helyi k\u00f6rnyezetv\u00e9d\u0151k.\n<\/div>\n<div>\n<p><span>A Greenpeace a 12 \u00e9vvel ezel\u0151tti nagyb\u00e1nyai ci\u00e1n katasztr\u00f3f\u00e1ra eml\u00e9kezve felsz\u00f3l\u00edtotta a rom\u00e1n korm\u00e1nyt, hogy ne enged\u00e9lyezze a cianidos aranyb\u00e1ny\u00e1kat.<\/span><\/p>\n<p><span> <\/span><\/p>\n<div>Bukarestben magyar, rom\u00e1n, osztr\u00e1k, n\u00e9met, olasz \u00e9s szlov\u00e1k aktivist\u00e1k felsz\u00f3l\u00edtott\u00e1k Borb\u00e9ly L\u00e1szl\u00f3t, hogy ne enged\u00e9lyezze a verespataki aranyb\u00e1nya \u00fajranyit\u00e1si k\u00e9relm\u00e9t. Ezzel egy id\u0151ben Budapesten, B\u00e9csben, Ljubljan\u00e1ban, Sz\u00f3fi\u00e1ban \u00e9s Vars\u00f3ban a rom\u00e1n nagyk\u00f6vets\u00e9gek el\u0151tt egy \u00fajabb cianidos szennyez\u00e9s k\u00f6vetkezm\u00e9nyeit illusztr\u00e1lt\u00e1k Greenpeace aktivist\u00e1k haltetemekkel teli kopors\u00f3kkal.<\/p>\n<p>A 2000-ben t\u00f6rt\u00e9nt g\u00e1tszakad\u00e1skor 100.000 k\u00f6bm\u00e9ter cianidos v\u00edz \u00f6ml\u00f6tt ki a rom\u00e1niai Nagyb\u00e1nya mellett tal\u00e1lhat\u00f3 zagyt\u00e1roz\u00f3b\u00f3l. A m\u00e9reg a Szamoson, majd a Tisz\u00e1n kereszt\u00fcl eljutott a Dun\u00e1ig. Az \u00e9rintett t\u00e9rs\u00e9gben a szennyez\u00e9s elpuszt\u00edtotta a foly\u00f3k \u00e9l\u0151vil\u00e1g\u00e1t. Ez volt Eur\u00f3pa egyik legnagyobb k\u00f6rnyezeti katasztr\u00f3f\u00e1ja. Simon Gergely a Greenpeace vegyianyag-szak\u00e9rt\u0151je elmondta: \u201eMindannyiunk k\u00f6z\u00f6s c\u00e9lja, hogy megel\u0151zz\u00fcnk minden hasonl\u00f3 katasztr\u00f3f\u00e1t. Ez\u00e9rt kell Eur\u00f3p\u00e1ban az Eur\u00f3pai Parlament 2010-es javaslat\u00e1nak [1] megfelel\u0151en betiltani a cianidos b\u00e1ny\u00e1szatot. A Greenpeace felsz\u00f3l\u00edtja a rom\u00e1n korm\u00e1nyt, hogy ne enged\u00e9lyezze a verespataki aranyb\u00e1nya projektet \u00e9s tiltsa be a cianidos b\u00e1ny\u00e1szatot.\u201d<\/p>\n<p><img loading=\"lazy\" decoding=\"async\" src=\"https:\/\/www.greenpeace.org\/static\/planet4-hungary-stateless\/2018\/10\/2012-01-31-IMG_6150w.jpg\" alt=\"\" width=\"392\" height=\"586\"><\/p>\n<p>Az erd\u00e9lyi Verespatak k\u00f6rny\u00e9k\u00e9n egy gigantikus aranyb\u00e1ny\u00e1t akar nyitni a Ro\u015fia Montan\u0103 Gold Corporation (RMGC). 300 tonna arany\u00e9rt \u00e9s 1600 tonna ez\u00fcst\u00e9rt 215 milli\u00f3 tonn\u00e1nyi k\u0151zetet oldan\u00e1nak fel t\u00f6bb sz\u00e1zezer tonna cianidban. A t\u00e1roz\u00f3 alj\u00e1nak szigetel\u00e9se nem r\u00e9sze a tervezett beruh\u00e1z\u00e1snak, a vesz\u00e9lyes anyagok elszennyezik a vizeket \u00e9s a leveg\u0151t.<\/p>\n<p>\u201eA projekt id\u0151tartama 15-17 \u00e9v lenne. Ezalatt egy 185 m\u00e9ter magas g\u00e1t m\u00f6g\u00f6tt a cianidos zagyban pusztulna el a term\u00e9szeti\u00a0 k\u00f6rnyezet, a kultur\u00e1lis eml\u00e9kek \u00e9s a t\u00f6rt\u00e9nelmi v\u00e1rosmag. A b\u00e1nyanyit\u00e1s \u00e9vsz\u00e1zadokra ellehetetlen\u00edti a t\u00e9rs\u00e9get\u201d &#8211; tette hozz\u00e1 Vetier M\u00e1rta, a Greenpeace programigazgat\u00f3ja.<\/p>\n<p><img loading=\"lazy\" decoding=\"async\" src=\"https:\/\/www.greenpeace.org\/static\/planet4-hungary-stateless\/2018\/10\/2012-01-31-IMG_6069w.jpg\" alt=\"\" width=\"392\" height=\"261\"><\/p>\n<p>2011 november\u00e9ben egy nemzetk\u00f6zi tudom\u00e1nyos konferencia [2] r\u00e9sztvev\u0151i felsz\u00f3l\u00edtott\u00e1k a rom\u00e1n \u00e1llamot, hogy \u00e1ll\u00edtsa le a verespataki aranyb\u00e1ny\u00e1szat el\u0151k\u00e9sz\u00edt\u0151 munk\u00e1latait, \u00e9s k\u00e9sz\u00edtsen olyan tervet, amely megfelel az \u00f6r\u00f6ks\u00e9gv\u00e9delmi, k\u00f6rnyezetv\u00e9delmi szempontoknak \u00e9s a fenntarthat\u00f3 fejl\u0151d\u00e9s k\u00f6vetelm\u00e9nyeinek is.<\/p>\n<\/div>\n<p><span>Jegyzet:<\/span><br \/><span>H\u00e1tt\u00e9ranyagnak aj\u00e1nljuk a Greenpeace\u00a0<\/span><a href=\"http:\/\/greenpeace.hu\/kampany\/vegyi\">Vegyi kamp\u00e1ny<\/a><span>\u00a0oldal\u00e1t \u00e9s a jelenleg is akt\u00edv\u00a0<\/span><a href=\"http:\/\/verespatak.greenpeace.hu\/\" target=\"_blank\" rel=\"noopener noreferrer\">Verespatak kamp\u00e1ny<\/a><span>\u00a0oldal\u00e1t.<\/span><br \/><span>[1]\u00a0<\/span><a href=\"http:\/\/www.europarl.europa.eu\/sides\/getDoc.do?pubRef=-\/\/EP\/\/TEXT+MOTION+B7-2010-0240+0+DOC+XML+V0\/\/HU\" target=\"_blank\" rel=\"noopener noreferrer\">http:\/\/www.europarl.europa.eu\/sides\/getDoc.do?pubRef=-\/\/EP\/\/TEXT+MOTION+B7-2010-0240+0+DOC+XML+V0\/\/HU<\/a><br \/><span>[2]\u00a0<\/span><a href=\"http:\/\/greenfo.hu\/hirek\/2011\/11\/15\/tudosok-a-verespataki-aranybanya-ellen\" target=\"_blank\" rel=\"noopener noreferrer\">http:\/\/greenfo.hu\/hirek\/2011\/11\/15\/tudosok-a-verespataki-aranybanya-ellen<\/a><\/p>\n<p>\u00a0<\/p>\n<\/div>\n","protected":false},"excerpt":{"rendered":"<div>\n\tMa d\u00e9lel\u0151tt Greenpeace aktivist\u00e1k foglalt\u00e1k el Borb\u00e9ly L\u00e1szl\u00f3, rom\u00e1n k\u00f6rnyezetv\u00e9delmi miniszter irod\u00e1j\u00e1t Bukarest belv\u00e1ros\u00e1ban. Ek\u00f6zben t\u00f6bb eur\u00f3pai v\u00e1rosban, \u00edgy Budapesten is, t\u00e1mogat\u00f3 akci\u00f3kat tartottak a helyi k\u00f6rnyezetv\u00e9d\u0151k.\n<\/div>\n","protected":false},"author":25,"featured_media":0,"comment_status":"closed","ping_status":"open","sticky":false,"template":"","format":"standard","meta":{"ep_exclude_from_search":false,"p4_og_title":"","p4_og_description":"","p4_og_image":"","p4_og_image_id":"","p4_seo_canonical_url":"","p4_campaign_name":"","p4_local_project":"","p4_basket_name":"","p4_department":"","footnotes":""},"categories":[3],"tags":[24],"p4-page-type":[37],"class_list":["post-1731","post","type-post","status-publish","format-standard","hentry","category-termeszet-kornyezet","tag-szennyezes","p4-page-type-sajtokozlemeny"],"_links":{"self":[{"href":"https:\/\/www.greenpeace.org\/hungary\/wp-json\/wp\/v2\/posts\/1731","targetHints":{"allow":["GET"]}}],"collection":[{"href":"https:\/\/www.greenpeace.org\/hungary\/wp-json\/wp\/v2\/posts"}],"about":[{"href":"https:\/\/www.greenpeace.org\/hungary\/wp-json\/wp\/v2\/types\/post"}],"author":[{"embeddable":true,"href":"https:\/\/www.greenpeace.org\/hungary\/wp-json\/wp\/v2\/users\/25"}],"replies":[{"embeddable":true,"href":"https:\/\/www.greenpeace.org\/hungary\/wp-json\/wp\/v2\/comments?post=1731"}],"version-history":[{"count":2,"href":"https:\/\/www.greenpeace.org\/hungary\/wp-json\/wp\/v2\/posts\/1731\/revisions"}],"predecessor-version":[{"id":5799,"href":"https:\/\/www.greenpeace.org\/hungary\/wp-json\/wp\/v2\/posts\/1731\/revisions\/5799"}],"wp:attachment":[{"href":"https:\/\/www.greenpeace.org\/hungary\/wp-json\/wp\/v2\/media?parent=1731"}],"wp:term":[{"taxonomy":"category","embeddable":true,"href":"https:\/\/www.greenpeace.org\/hungary\/wp-json\/wp\/v2\/categories?post=1731"},{"taxonomy":"post_tag","embeddable":true,"href":"https:\/\/www.greenpeace.org\/hungary\/wp-json\/wp\/v2\/tags?post=1731"},{"taxonomy":"p4-page-type","embeddable":true,"href":"https:\/\/www.greenpeace.org\/hungary\/wp-json\/wp\/v2\/p4-page-type?post=1731"}],"curies":[{"name":"wp","href":"https:\/\/api.w.org\/{rel}","templated":true}]}}