{"id":1740,"date":"2012-05-03T00:00:00","date_gmt":"2012-05-02T22:00:00","guid":{"rendered":"https:\/\/www.greenpeace.org\/hungary\/uncategorized\/1740\/greenpeace-aktivistak-foglaltak-el-egy-jegtoro-hajot-helsinki-kikotojeben\/"},"modified":"2019-11-06T09:42:01","modified_gmt":"2019-11-06T08:42:01","slug":"greenpeace-aktivistak-foglaltak-el-egy-jegtoro-hajot-helsinki-kikotojeben","status":"publish","type":"post","link":"https:\/\/www.greenpeace.org\/hungary\/sajtokozlemeny\/1740\/greenpeace-aktivistak-foglaltak-el-egy-jegtoro-hajot-helsinki-kikotojeben\/","title":{"rendered":"Greenpeace aktivist\u00e1k foglaltak el egy j\u00e9gt\u00f6r\u0151 haj\u00f3t Helsinki kik\u00f6t\u0151j\u00e9ben"},"content":{"rendered":"<div class=\"leader\">\n\tA k\u00f6rnyezetrombol\u00f3 \u00e9szaki-sarki olajkitermel\u00e9s ellen tiltakozott t\u00f6bb tucatnyi Greenpeace aktivista, amikor megsz\u00e1llta a Shell olajv\u00e1llalat egyik j\u00e9gt\u00f6r\u0151j\u00e9t a helsinki kik\u00f6t\u0151ben. Az egyik motorcs\u00f3nakot Szegfalvi Zsolt, a Greenpeace Magyarorsz\u00e1g igazgat\u00f3ja vezette, akit az akci\u00f3 sor\u00e1n szint\u00e9n el\u0151\u00e1ll\u00edtott\u00e1k.\n<\/div>\n<div>\n<p>Sz\u00e1mos orsz\u00e1gb\u00f3l \u00f6sszegy\u0171lt aktivist\u00e1k sz\u00e1lltak a Nordica nev\u0171 j\u00e9gt\u00f6r\u0151 haj\u00f3 fed\u00e9lzet\u00e9re, blokkolva annak minden r\u00e9sz\u00e9t a kabinokt\u00f3l az \u00e1rbocig. Kif\u00fcggesztett transzparenseiken ez olvashat\u00f3: \u201eMegmentheted az \u00c9szaki-sarkot!\u201d, \u201eYou can save the Arctic!\u201d A Greenpeace azt k\u00f6veteli a Shellt\u0151l, hogy hagyjon fel a k\u00fcl\u00f6n\u00f6sen kock\u00e1zatos sarkvid\u00e9ki olajf\u00far\u00e1sokkal.<\/p>\n<p>\u00a0\u201eK\u00f6zel 400.000 embert k\u00e9pvisel\u00fcnk most. \u0150k n\u00e9h\u00e1ny h\u00f3napja folyamatosan hangot adnak k\u00f6vetel\u00e9s\u00fcknek, hogy a Shell \u00e1ll\u00edtsa le felel\u0151tlen tev\u00e9kenys\u00e9g\u00e9t, amely t\u00f6nkreteheti az \u00c9szaki-sarkot\u201d \u2013 mondta a Greenpeace Nordic kl\u00edma kamp\u00e1ny\u00e1nak felel\u0151se, Sini Harkki. \u201eAz olajv\u00e1llalatok pontosan tiszt\u00e1ban vannak azzal, hogy egy olajszennyez\u00e9s a sarkvid\u00e9keken teljes m\u00e9rt\u00e9kben t\u00f6nkreteheti a k\u00f6rnyezetet, mivel a ki\u00f6ml\u00f6tt olaj \u00f6sszegy\u0171jt\u00e9se lehetetlen\u201d \u2013 tette hozz\u00e1.<\/p>\n<p>Az aktivist\u00e1kat letart\u00f3ztatt\u00e1k, Szegfalvi Zsolt, a Greenpeace Magyarorsz\u00e1g igazgat\u00f3ja 20 \u00f3r\u00e1t t\u00f6lt\u00f6tt a b\u00f6rt\u00f6nben. Szabadul\u00e1suk ut\u00e1n, ma hajnalban a ny\u00edlt tengeren \u00e9rt\u00e9k utol a Nordic\u00e1t, ahol \u00fajra sikeresen feljutottak a j\u00e9gt\u00f6r\u0151 fed\u00e9lzet\u00e9re. A Nordica emiatt k\u00e9nytelen visszafordulni a sz\u00e1razf\u00f6ld fel\u00e9, amivel a r\u00f6vid sarki ny\u00e1r miatt rendk\u00edv\u00fcl \u00e9rt\u00e9kes napokat nyert az \u00c9szaki-sark \u00e9l\u0151vil\u00e1ga.<\/p>\n<p>\u201eT\u00f6rt\u00e9nelm\u00fcnk sor\u00e1n el\u0151sz\u00f6r n\u00e9z\u00fcnk szembe egy j\u00e9g n\u00e9lk\u00fcli \u00c9szaki-sark lehet\u0151s\u00e9g\u00e9vel, \u00e9s l\u00e1thatjuk az \u00e9lett\u00e9r n\u00e9lk\u00fcl maradt jegesmedv\u00e9k pusztul\u00e1s\u00e1t is. El\u00edt\u00e9lend\u0151nek tartom, hogy a Shell azon a vil\u00e1gm\u00e9ret\u0171 katasztr\u00f3f\u00e1n keres p\u00e9nzt, amit saj\u00e1t maga id\u00e9z el\u0151\u201d \u2013 mondta Szegfalvi Zsolt a magyar Greenpeace igazgat\u00f3ja, aki aktivistak\u00e9nt vett r\u00e9szt a demonstr\u00e1ci\u00f3n. \u201eAz\u00e9rt vagyok itt, ennek a haj\u00f3nak a fed\u00e9lzet\u00e9n, hogy nemet mondjak az \u00e9szaki-sarki olajf\u00far\u00e1sokra, \u00e9s hogy megv\u00e9djem a vil\u00e1g egyik legs\u00e9r\u00fcl\u00e9kenyebb \u00e9s leggy\u00f6ny\u00f6r\u0171bb \u00e9l\u0151vil\u00e1g\u00e1t.\u201d<\/p>\n<p>A Shell az els\u0151 olyan nagy nemzetk\u00f6zi olajipari v\u00e1llalat, amely az \u00e9szaki-sarki r\u00e9gi\u00f3ban tal\u00e1lhat\u00f3 olaj kiakn\u00e1z\u00e1s\u00e1t tervezi. Ha siker\u00fcl olajra lelni\u00fck id\u00e9n ny\u00e1ron, m\u00e1s, olajban \u00e9rdekelt \u00f3ri\u00e1sc\u00e9gek is k\u00f6vetik \u0151ket, elind\u00edtva ezzel a vesz\u00e9lyes, olaj ut\u00e1ni hajsz\u00e1t ezen az \u00e9rz\u00e9keny ter\u00fcleten.<\/p>\n<p>Az \u00e9szaki-sarki r\u00e9gi\u00f3t az extr\u00e9m id\u0151j\u00e1r\u00e1si k\u00f6r\u00fclm\u00e9nyek \u00e9s az igen r\u00f6vid ny\u00e1r jellemzi, ami miatt a Shellnek nagyon kev\u00e9s ideje van a kutat\u00f3 f\u00far\u00e1sok elv\u00e9gz\u00e9s\u00e9re. A fagyos h\u0151m\u00e9rs\u00e9kleti viszonyok, a megj\u00f3solhatatlan id\u0151j\u00e1r\u00e1s \u00e9s az olajf\u00far\u00f3 \u00e1llom\u00e1sok elszigetelts\u00e9ge eddig soha nem tapasztalt probl\u00e9m\u00e1kat vet fel, melyek egy olajszennyez\u00e9s megsz\u00fcntet\u00e9s\u00e9t \u00e9s eltakar\u00edt\u00e1s\u00e1t lehetetlenn\u00e9 teszik.\u00a0<\/p>\n<p>Az \u00fcvegh\u00e1zhat\u00e1s\u00fa g\u00e1z kibocs\u00e1t\u00e1s gyorsabb m\u00e9rt\u00e9k\u0171 h\u0151m\u00e9rs\u00e9kletemelked\u00e9st okoz az Arktiszon, mint b\u00e1rhol m\u00e1shol a vil\u00e1gon. (2) A tengeri j\u00e9gtakar\u00f3 \u2013 mely a napsug\u00e1rz\u00e1s h\u0151j\u00e9nek nagy r\u00e9sz\u00e9t visszat\u00fckr\u00f6zi az \u0171r fel\u00e9 \u2013 gyors visszah\u00faz\u00f3d\u00e1sa pedig tov\u00e1bbi h\u0151m\u00e9rs\u00e9kletn\u00f6veked\u00e9st eredm\u00e9nyez. Tanulm\u00e1nyok ugyanakkor azt mutatj\u00e1k, hogy az itt tal\u00e1lhat\u00f3 \u00f6sszes olaj kitermel\u00e9se csup\u00e1n h\u00e1rom\u00e9vnyi glob\u00e1lis sz\u00fcks\u00e9gletet el\u00e9g\u00edtene ki.<\/p>\n<p><iframe loading=\"lazy\" align=\"center\" src=\"http:\/\/www.flickr.com\/slideShow\/index.gne?group_id=&amp;user_id=27542092@N04&amp;set_id=&amp;text=\" frameborder=\"0\" width=\"640\" height=\"560\" scrolling=\"no\"><\/iframe><br \/><small><a href=\"http:\/\/www.flickr.com\/photos\/greenpeace-sverige\/sets\/72157629582905526\/show\/\" title=\"flickrSLiDR\">K\u00e9pek az akci\u00f3r\u00f3l<\/a>.<\/small>\u00a0<\/p>\n<p>Az akci\u00f3ban az al\u00e1bbi orsz\u00e1gok aktivist\u00e1i vesznek r\u00e9szt: Finnorsz\u00e1g, D\u00e1nia, Sv\u00e9dorsz\u00e1g, Norv\u00e9gia, N\u00e9metorsz\u00e1g, Szlov\u00e1kia, Magyarorsz\u00e1g, Ausztria, Olaszorsz\u00e1g, \u00c9sztorsz\u00e1g, Argent\u00edna, Braz\u00edlia, Kolumbia, Chile, T\u00f6r\u00f6korsz\u00e1g<\/p>\n<address>(1): Az Artica Shipping Oy egy kis v\u00e1llalat, melynek a finn \u00e1llam a tulajdonosa, amely tengeri j\u00e9gt\u00f6r\u00e9sre szakosodott. Szolg\u00e1ltat\u00e1s\u00e1t multifunkcion\u00e1lis haj\u00f3kkal v\u00e9gzi, nemzetk\u00f6zi tengeri sz\u00e1ll\u00edtm\u00e1nyoz\u00e1ssal, komp\u00e1tkel\u00e9ssel \u00e9s olajszennyez\u0151d\u00e9sek kezel\u00e9s\u00e9vel foglalkozik. A c\u00e9gnek \u00f6t j\u00e9gt\u00f6r\u0151je \u00e9s h\u00e1rom j\u00e9gt\u00f6r\u0151\/multifunkcion\u00e1lis haj\u00f3ja van (Botnica, Fennica, Nordica), valamint 11 kisebb kompja, melyek a Turku k\u00f6rny\u00e9ki szigetvil\u00e1g szem\u00e9lyforgalm\u00e1t biztos\u00edtj\u00e1k.<\/address>\n<address>(2): A becsl\u00e9sek szerint a teljes \u00e9szki-sarki olajk\u00e9szlet csak h\u00e1rom \u00e9vig lenne el\u00e9g a mostani vil\u00e1gsz\u00fcks\u00e9gletet n\u00e9zve. Emellett jelent\u0151s m\u00e9rt\u00e9k\u0171 sz\u00e9ndioxid kibocs\u00e1t\u00e1ssal j\u00e1rna a kitermel\u00e9s, amely komoly kock\u00e1zatot hordoz mag\u00e1ban az ottani \u00f6kosziszt\u00e9ma sz\u00e1m\u00e1ra. Sz\u00e1mtalan tanulm\u00e1ny bizony\u00edtja, hogy az energia-hat\u00e9konys\u00e1g \u00e9s a tiszta energi\u00e1k (sz\u00e9l, nap, geoterm\u00e1lis) seg\u00edts\u00e9g\u00e9vel a glob\u00e1lis sz\u00fcks\u00e9glet kiel\u00e9g\u00edthet\u0151 an\u00e9lk\u00fcl, hogy az \u00c9szaki-sarkot megbolygatn\u00e1nk. Az Egyes\u00fclt \u00c1llamok geol\u00f3giai kutat\u00e1sai azt mutatj\u00e1k, hogy mind\u00f6ssze 90 milli\u00e1rd hord\u00f3 olaj tal\u00e1lhat\u00f3 az Arktiszon. A vil\u00e1g napi sz\u00fcks\u00e9glete jelenleg nagyj\u00e1b\u00f3l 90 milli\u00f3 hord\u00f3 naponta.<\/address>\n<\/div>\n","protected":false},"excerpt":{"rendered":"<div>\n\tA k\u00f6rnyezetrombol\u00f3 \u00e9szaki-sarki olajkitermel\u00e9s ellen tiltakozott t\u00f6bb tucatnyi Greenpeace aktivista, amikor megsz\u00e1llta a Shell olajv\u00e1llalat egyik j\u00e9gt\u00f6r\u0151j\u00e9t a helsinki kik\u00f6t\u0151ben. Az egyik motorcs\u00f3nakot Szegfalvi Zsolt, a Greenpeace Magyarorsz\u00e1g igazgat\u00f3ja vezette, akit az akci\u00f3 sor\u00e1n szint\u00e9n el\u0151\u00e1ll\u00edtott\u00e1k.\n<\/div>\n","protected":false},"author":25,"featured_media":0,"comment_status":"closed","ping_status":"open","sticky":false,"template":"","format":"standard","meta":{"ep_exclude_from_search":false,"p4_og_title":"","p4_og_description":"","p4_og_image":"","p4_og_image_id":"","p4_seo_canonical_url":"","p4_campaign_name":"","p4_local_project":"","p4_basket_name":"","p4_department":"","footnotes":""},"categories":[2],"tags":[6,26,28],"p4-page-type":[37],"class_list":["post-1740","post","type-post","status-publish","format-standard","hentry","category-klima-energia","tag-klimavedelem","tag-fosszilis","tag-sarkvidek","p4-page-type-sajtokozlemeny"],"_links":{"self":[{"href":"https:\/\/www.greenpeace.org\/hungary\/wp-json\/wp\/v2\/posts\/1740","targetHints":{"allow":["GET"]}}],"collection":[{"href":"https:\/\/www.greenpeace.org\/hungary\/wp-json\/wp\/v2\/posts"}],"about":[{"href":"https:\/\/www.greenpeace.org\/hungary\/wp-json\/wp\/v2\/types\/post"}],"author":[{"embeddable":true,"href":"https:\/\/www.greenpeace.org\/hungary\/wp-json\/wp\/v2\/users\/25"}],"replies":[{"embeddable":true,"href":"https:\/\/www.greenpeace.org\/hungary\/wp-json\/wp\/v2\/comments?post=1740"}],"version-history":[{"count":1,"href":"https:\/\/www.greenpeace.org\/hungary\/wp-json\/wp\/v2\/posts\/1740\/revisions"}],"predecessor-version":[{"id":1741,"href":"https:\/\/www.greenpeace.org\/hungary\/wp-json\/wp\/v2\/posts\/1740\/revisions\/1741"}],"wp:attachment":[{"href":"https:\/\/www.greenpeace.org\/hungary\/wp-json\/wp\/v2\/media?parent=1740"}],"wp:term":[{"taxonomy":"category","embeddable":true,"href":"https:\/\/www.greenpeace.org\/hungary\/wp-json\/wp\/v2\/categories?post=1740"},{"taxonomy":"post_tag","embeddable":true,"href":"https:\/\/www.greenpeace.org\/hungary\/wp-json\/wp\/v2\/tags?post=1740"},{"taxonomy":"p4-page-type","embeddable":true,"href":"https:\/\/www.greenpeace.org\/hungary\/wp-json\/wp\/v2\/p4-page-type?post=1740"}],"curies":[{"name":"wp","href":"https:\/\/api.w.org\/{rel}","templated":true}]}}