{"id":1778,"date":"2017-07-10T00:00:00","date_gmt":"2017-07-09T22:00:00","guid":{"rendered":"https:\/\/www.greenpeace.org\/hungary\/uncategorized\/1778\/foldrengesveszelyes-teruletre-epulne-paks-ii\/"},"modified":"2019-11-06T09:40:49","modified_gmt":"2019-11-06T08:40:49","slug":"foldrengesveszelyes-teruletre-epulne-paks-ii","status":"publish","type":"post","link":"https:\/\/www.greenpeace.org\/hungary\/sajtokozlemeny\/1778\/foldrengesveszelyes-teruletre-epulne-paks-ii\/","title":{"rendered":"F\u00f6ldreng\u00e9svesz\u00e9lyes ter\u00fcletre \u00e9p\u00fclne Paks II?"},"content":{"rendered":"<h2>F\u00fcggetlen szak\u00e9rt\u0151i vizsg\u00e1latot \u00e9s a munk\u00e1latok azonnali le\u00e1ll\u00edt\u00e1s\u00e1t k\u00f6veteli a Greenpeace Magyarorsz\u00e1g<\/h2>\n<\/p>\n<div class=\"leader\">\n\tBudapest, 2017. j\u00falius 10. \u2013 Az atlatszo.hu szerint eltitkolt\u00e1k, hogy a Paksi Atomer\u0151m\u0171 telephelye nem felel meg a Nemzetk\u00f6zi Atomenergia-\u00fcgyn\u00f6ks\u00e9g f\u00f6ldreng\u00e9sbiztons\u00e1gi aj\u00e1nl\u00e1sainak \u00e9s a hazai jogszab\u00e1lyoknak. Mindez most der\u00fclt ki az atlatszo.hu \u00e1ltal megszerzett f\u00f6ldtani kutat\u00e1si dokument\u00e1ci\u00f3b\u00f3l. [1] A Greenpeace Magyarorsz\u00e1g ennek f\u00e9ny\u00e9ben k\u00f6veteli, hogy:<\/div>\n<div>\n<p id=\"docs-internal-guid-f7dff27a-2bf5-1996-1c90-d79fa8785710\" dir=\"ltr\">Az atlatszo.hu szerint annak ellen\u00e9re adta ki m\u00e1rciusban az Orsz\u00e1gos Atomenergia Hivatal Paks II telephelyenged\u00e9ly\u00e9t, hogy a f\u00f6ldtani kutat\u00e1sok alapj\u00e1n a telephely nem felel meg a NA\u00dc biztons\u00e1gi aj\u00e1nl\u00e1sainak.<\/p>\n<p>A most nyilv\u00e1noss\u00e1gra hozott dokumentumokb\u00f3l kider\u00fclt, hogy a ter\u00fclet alatt tektonikailag akt\u00edvnak min\u0151s\u00fcl\u0151 t\u00f6r\u00e9svonal fut, r\u00e1ad\u00e1sul t\u00edzezer \u00e9vn\u00e9l fiatalabb f\u00f6ldreng\u00e9sekre utal\u00f3 nyomokat is tal\u00e1ltak a telephely k\u00f6rnyezet\u00e9ben a felsz\u00ednen \u2013 \u00edrja az atlatszo.hu.<br \/>\n<strong>A Greenpeace Magyarorsz\u00e1g ez\u00e9rt az al\u00e1bbiakat k\u00f6veteli S\u00fcli J\u00e1nos Paks II-\u00fcgyi minisztert\u0151l:<\/strong><\/p>\n<ol>\n<li dir=\"ltr\">\nHozz\u00e1k nyilv\u00e1noss\u00e1gra a teljes kutat\u00e1si dokument\u00e1ci\u00f3t, azaz azon dokumentumokat is, amelyeket (esetleg) nem k\u00fcldtek meg az atlatszo.hu-nak.\n<\/li>\n<li dir=\"ltr\">\nF\u00fcggetlen szak\u00e9rt\u0151k vizsg\u00e1lj\u00e1k fel\u00fcl a kutat\u00e1sokat \u00e9s az eredm\u00e9nyeket.\n<\/li>\n<li dir=\"ltr\">\nA nyilv\u00e1noss\u00e1gra ker\u00fclt inform\u00e1ci\u00f3kkal eg\u00e9sz\u00edts\u00e9k ki Paks II k\u00f6rnyezeti hat\u00e1stanulm\u00e1ny\u00e1t, \u00e9s v\u00e9gezz\u00e9k el \u00fajra a k\u00f6rnyezeti hat\u00e1svizsg\u00e1latnak a szeizmikus kock\u00e1zatokra \u00e9s az abb\u00f3l fakad\u00f3 k\u00f6rnyezeti kock\u00e1zatokra vonatkoz\u00f3 r\u00e9sz\u00e9t.\n<\/li>\n<li dir=\"ltr\">\n\u00c1ll\u00edtsanak le minden Paks II-vel kapcsolatos munk\u00e1latot.\n<\/li>\n<\/ol>\n<p><strong>Jegyzetek:<\/strong><br \/>\n[1] Nem f\u00f6ldreng\u00e9smentes a paksi atomer\u0151m\u0171 telephelye: megszerezt\u00fck a f\u00f6ldtani kutat\u00e1s eltitkolt eredm\u00e9nyeit <a href=\"https:\/\/atlatszo.hu\/2017\/07\/10\/nem-foldrengesmentes-a-paksi-atomeromu-telephelye-megszereztuk-a-foldtani-kutatas-eltitkolt-eredmenyeit\/\">https:\/\/atlatszo.hu\/2017\/07\/10\/nem-foldrengesmentes-a-paksi-atomeromu-telephelye-megszereztuk-a-foldtani-kutatas-eltitkolt-eredmenyeit\/<\/a><br \/>\n<em>\u201ePaks telep\u00fcl\u00e9s t\u00e1gabb k\u00f6rnyezet\u00e9ben terepi vizsg\u00e1latokkal igazolhat\u00f3 bizony\u00edt\u00e9k van olyan m\u00e9ret\u0171 f\u00f6ldmozg\u00e1sra, amely kimutathat\u00f3 tektonikus szerkezeteket hozott l\u00e9tre a f\u00f6ldfelsz\u00edn k\u00f6zeli, r\u00e9szletesen vizsg\u00e1lt r\u00e9tegekben az elm\u00falt 10 000 \u00e9vben. Az eddigi megfigyel\u00e9sek alapj\u00e1n a ter\u00fclett\u0151l \u00c9\u00c9Ny-ra tal\u00e1lhat\u00f3 t\u00f6r\u00e9sz\u00f3na a felsz\u00edn k\u00f6zel\u00e9ben is l\u00e9trehozott ny\u00edr\u00e1sos elmozdul\u00e1sokat, \u00edgy j\u00f6v\u0151beli aktiviz\u00e1l\u00f3d\u00e1s eset\u00e9n k\u00e9pes lehet a felsz\u00ednt vagy az ahhoz k\u00f6zeli tartom\u00e1nyt (\u00fajra) elvetni.\u201d<\/em>\n<\/div><\/p>\n","protected":false},"excerpt":{"rendered":"<div>\n\tBudapest, 2017. j\u00falius 10. \u2013 Az atlatszo.hu szerint eltitkolt\u00e1k, hogy a Paksi Atomer\u0151m\u0171 telephelye nem felel meg a Nemzetk\u00f6zi Atomenergia-\u00fcgyn\u00f6ks\u00e9g f\u00f6ldreng\u00e9sbiztons\u00e1gi aj\u00e1nl\u00e1sainak \u00e9s a hazai jogszab\u00e1lyoknak. Mindez most der\u00fclt ki az atlatszo.hu \u00e1ltal megszerzett f\u00f6ldtani kutat\u00e1si dokument\u00e1ci\u00f3b\u00f3l. [1] A Greenpeace Magyarorsz\u00e1g ennek f\u00e9ny\u00e9ben k\u00f6veteli, hogy:<br \/>\n\u2013 hozz\u00e1k nyilv\u00e1noss\u00e1gra a teljes kutat\u00e1si dokument\u00e1ci\u00f3t,<br \/>\n\u2013 ind\u00edtsanak f\u00fcggetlen szak\u00e9rt\u0151i vizsg\u00e1latot,<br \/>\n\u2013 nyiss\u00e1k meg \u00fajra Paks II k\u00f6rnyezeti hat\u00e1svizsg\u00e1lat\u00e1t,<br \/>\n\u2013 \u00e1ll\u00edtsanak le minden Paks II-vel kapcsolatos munk\u00e1latot.<\/p>\n<\/div>\n","protected":false},"author":25,"featured_media":0,"comment_status":"closed","ping_status":"open","sticky":false,"template":"","format":"standard","meta":{"ep_exclude_from_search":false,"p4_og_title":"","p4_og_description":"","p4_og_image":"","p4_og_image_id":"","p4_seo_canonical_url":"","p4_campaign_name":"","p4_local_project":"","p4_basket_name":"","p4_department":"","footnotes":""},"categories":[2],"tags":[17],"p4-page-type":[37],"class_list":["post-1778","post","type-post","status-publish","format-standard","hentry","category-klima-energia","tag-atomenergia","p4-page-type-sajtokozlemeny"],"_links":{"self":[{"href":"https:\/\/www.greenpeace.org\/hungary\/wp-json\/wp\/v2\/posts\/1778","targetHints":{"allow":["GET"]}}],"collection":[{"href":"https:\/\/www.greenpeace.org\/hungary\/wp-json\/wp\/v2\/posts"}],"about":[{"href":"https:\/\/www.greenpeace.org\/hungary\/wp-json\/wp\/v2\/types\/post"}],"author":[{"embeddable":true,"href":"https:\/\/www.greenpeace.org\/hungary\/wp-json\/wp\/v2\/users\/25"}],"replies":[{"embeddable":true,"href":"https:\/\/www.greenpeace.org\/hungary\/wp-json\/wp\/v2\/comments?post=1778"}],"version-history":[{"count":1,"href":"https:\/\/www.greenpeace.org\/hungary\/wp-json\/wp\/v2\/posts\/1778\/revisions"}],"predecessor-version":[{"id":1779,"href":"https:\/\/www.greenpeace.org\/hungary\/wp-json\/wp\/v2\/posts\/1778\/revisions\/1779"}],"wp:attachment":[{"href":"https:\/\/www.greenpeace.org\/hungary\/wp-json\/wp\/v2\/media?parent=1778"}],"wp:term":[{"taxonomy":"category","embeddable":true,"href":"https:\/\/www.greenpeace.org\/hungary\/wp-json\/wp\/v2\/categories?post=1778"},{"taxonomy":"post_tag","embeddable":true,"href":"https:\/\/www.greenpeace.org\/hungary\/wp-json\/wp\/v2\/tags?post=1778"},{"taxonomy":"p4-page-type","embeddable":true,"href":"https:\/\/www.greenpeace.org\/hungary\/wp-json\/wp\/v2\/p4-page-type?post=1778"}],"curies":[{"name":"wp","href":"https:\/\/api.w.org\/{rel}","templated":true}]}}