{"id":1813,"date":"2012-07-19T00:00:00","date_gmt":"2012-07-18T22:00:00","guid":{"rendered":"https:\/\/www.greenpeace.org\/hungary\/uncategorized\/1813\/greenpeace-aktivistak-foglaltak-el-ket-shell-kutat-budapesten\/"},"modified":"2019-11-06T09:41:59","modified_gmt":"2019-11-06T08:41:59","slug":"greenpeace-aktivistak-foglaltak-el-ket-shell-kutat-budapesten","status":"publish","type":"post","link":"https:\/\/www.greenpeace.org\/hungary\/sajtokozlemeny\/1813\/greenpeace-aktivistak-foglaltak-el-ket-shell-kutat-budapesten\/","title":{"rendered":"Greenpeace-aktivist\u00e1k foglaltak el k\u00e9t Shell kutat Budapesten"},"content":{"rendered":"<h2>Az aktivist\u00e1k a v\u00e1llalat \u00e9szaki-sarki olajf\u00far\u00e1sai ellen tiltakoznak  <\/h2>\n<\/p>\n<div class=\"leader\">\n\tGreenpeace-aktivist\u00e1k ma reggel Budapesten elfoglaltak k\u00e9t Shell benzinkutat a K\u00f6nyves K\u00e1lm\u00e1n k\u00f6r\u00faton. Az aktivist\u00e1k \u00edgy tiltakoztak az ellen, hogy a vil\u00e1g legnagyobb olajv\u00e1llalata az \u00c9szaki-sarkvid\u00e9ken olajf\u00far\u00e1sba kezdjen. Hasonl\u00f3 akci\u00f3k zajlottak Nagy-Britanni\u00e1ban, D\u00e1ni\u00e1ban, Franciaorsz\u00e1gban, N\u00e9metorsz\u00e1gban, Argent\u00edn\u00e1ban, Mexik\u00f3ban \u00e9s a vil\u00e1g sz\u00e1mos egy\u00e9b pontj\u00e1n is ezen a h\u00e9ten.<\/p>\n<\/div>\n<div>\n<p style=\"text-align: center;\"><img loading=\"lazy\" decoding=\"async\" src=\"https:\/\/www.greenpeace.org\/static\/planet4-hungary-stateless\/2018\/10\/p2-180309.jpg\" alt=\"\" width=\"600\" height=\"400\"><\/p>\n<p>Az aktivist\u00e1k \u201eEl a kezekkel az \u00c9szaki-sarkvid\u00e9kt\u0151l\u201d \u00e9s \u201eGet the Shell out of the Arctic\u201d felirat\u00fa transzparenseket l\u00f3gattak le a benzinkutak tetej\u00e9r\u0151l, ahol egy aktivista jegesmedve is felt\u0171nt.<\/p>\n<p>A Shell a k\u00f6vetkez\u0151 hetekben kutat\u00f3f\u00far\u00e1sokat tervez v\u00e9grehajtani k\u00e9t helysz\u00ednen, a Beaufort- \u00e9s a Csukcs-tengereken, az \u00c9szaki-sarkvid\u00e9k alaszkai t\u00e9rs\u00e9g\u00e9ben. A Shell bevallottan (1) nem \u00e1ll k\u00e9szen egy esetleges \u2013 a Mexik\u00f3i-\u00f6b\u00f6lben t\u00f6rt\u00e9ntekhez hasonl\u00f3 \u2013 olajki\u00f6ml\u00e9s feltakar\u00edt\u00e1s\u00e1ra, amely bel\u00e1thatatlan k\u00f6vetkezm\u00e9nyeket okozna a s\u00e9r\u00fcl\u00e9keny sarkvid\u00e9ki \u00f6kosziszt\u00e9m\u00e1ban.<br \/>Az \u00c9szaki-sarkvid\u00e9ken fokozottan jelentkeznek a kl\u00edmav\u00e1ltoz\u00e1s hat\u00e1sai. A sarki j\u00e9g mennyis\u00e9g\u00e9nek 75 sz\u00e1zal\u00e9ka elt\u0171nt az elm\u00falt 30 \u00e9vben (2). A j\u00e9golvad\u00e1s k\u00f6vetkezt\u00e9ben az itt \u00e9l\u0151 jegesmedv\u00e9k m\u00e1r a kihal\u00e1s sz\u00e9l\u00e9n \u00e1llnak (3), a zsugorod\u00f3 \u00e9letter\u00fck miatt a faj k\u00f6r\u00e9ben pedig m\u00e1r a kannibalizmus is megjelent.<\/p>\n<p>Ha a Shell id\u00e9n ny\u00e1ron sikerrel j\u00e1r az olajf\u00far\u00e1sokkal, az beind\u00edthatja az \u00e9szaki-sarkvid\u00e9ki \u201eolajl\u00e1zat\u201d. Az orosz olaj\u00f3ri\u00e1s, a Gazprom szint\u00e9n tervez olajf\u00far\u00e1sokat a Jeges-tenger ter\u00fclet\u00e9n ebben az \u00e9vben, \u00e9s m\u00e1s olajipari \u00f3ri\u00e1sok is v\u00e1llalkozn\u00e1nak a mind\u00f6ssze h\u00e1rom\u00e9vnyi olajmennyis\u00e9g kitermel\u00e9s\u00e9re.<\/p>\n<p>Stoll Barbara, a Greenpeace kl\u00edma \u00e9s energia kamp\u00e1nyfelel\u0151se elmondta: \u201eA sarkvid\u00e9ki tengereken az olajkitermel\u00e9s m\u00e9g a szok\u00e1sosn\u00e1l is vesz\u00e9lyesebb \u2013 j\u00f3 p\u00e9lda erre, hogy b\u00e1r a f\u00far\u00e1sok m\u00e9g meg sem kezd\u0151dtek, a Shell egyik f\u00far\u00f3haj\u00f3ja m\u00e1r z\u00e1tonyra is futott Alaszka partjain\u00e1l (4). Nem engedhetj\u00fck, hogy a F\u00f6ld j\u00e9gszekr\u00e9nyek\u00e9nt is szolg\u00e1l\u00f3, szinte egyetlen, m\u00e9g \u00e9rintetlen ter\u00fcletet is feld\u00falj\u00e1k a r\u00f6vidt\u00e1v\u00fa ipari \u00e9rdekek miatt. A vil\u00e1gnak b\u00facs\u00fat kell intenie az olajnak \u00e9s a meg\u00fajul\u00f3k fel\u00e9 kell fordulnia.\u201d<\/p>\n<p>A Greenpeace j\u00fanius 21-\u00e9n vil\u00e1gm\u00e9ret\u0171 kamp\u00e1nyt ind\u00edtott az\u00e9rt, hogy az \u00c9szaki-sarkvid\u00e9ket v\u00e9dett\u00e9 nyilv\u00e1n\u00edts\u00e1k. Az ENSZ seg\u00edts\u00e9g\u00e9vel a szervezet 20 \u00e9vvel ezel\u0151tt m\u00e1r el\u00e9rte, hogy az Antarktisz nemzetk\u00f6zi v\u00e9detts\u00e9get kapjon. \u00a0<\/p>\n<\/div>\n","protected":false},"excerpt":{"rendered":"<div>\n\tGreenpeace-aktivist\u00e1k ma reggel Budapesten elfoglaltak k\u00e9t Shell benzinkutat a K\u00f6nyves K\u00e1lm\u00e1n k\u00f6r\u00faton. Az aktivist\u00e1k \u00edgy tiltakoztak az ellen, hogy a vil\u00e1g legnagyobb olajv\u00e1llalata az \u00c9szaki-sarkvid\u00e9ken olajf\u00far\u00e1sba kezdjen. Hasonl\u00f3 akci\u00f3k zajlottak Nagy-Britanni\u00e1ban, D\u00e1ni\u00e1ban, Franciaorsz\u00e1gban, N\u00e9metorsz\u00e1gban, Argent\u00edn\u00e1ban, Mexik\u00f3ban \u00e9s a vil\u00e1g sz\u00e1mos egy\u00e9b pontj\u00e1n is ezen a h\u00e9ten.<\/p>\n<\/div>\n","protected":false},"author":25,"featured_media":1312,"comment_status":"closed","ping_status":"open","sticky":false,"template":"","format":"standard","meta":{"ep_exclude_from_search":false,"p4_og_title":"","p4_og_description":"","p4_og_image":"","p4_og_image_id":"","p4_seo_canonical_url":"","p4_campaign_name":"","p4_local_project":"","p4_basket_name":"","p4_department":"","footnotes":""},"categories":[2],"tags":[26,28,6],"p4-page-type":[37],"class_list":["post-1813","post","type-post","status-publish","format-standard","has-post-thumbnail","hentry","category-klima-energia","tag-fosszilis","tag-sarkvidek","tag-klimavedelem","p4-page-type-sajtokozlemeny"],"_links":{"self":[{"href":"https:\/\/www.greenpeace.org\/hungary\/wp-json\/wp\/v2\/posts\/1813","targetHints":{"allow":["GET"]}}],"collection":[{"href":"https:\/\/www.greenpeace.org\/hungary\/wp-json\/wp\/v2\/posts"}],"about":[{"href":"https:\/\/www.greenpeace.org\/hungary\/wp-json\/wp\/v2\/types\/post"}],"author":[{"embeddable":true,"href":"https:\/\/www.greenpeace.org\/hungary\/wp-json\/wp\/v2\/users\/25"}],"replies":[{"embeddable":true,"href":"https:\/\/www.greenpeace.org\/hungary\/wp-json\/wp\/v2\/comments?post=1813"}],"version-history":[{"count":1,"href":"https:\/\/www.greenpeace.org\/hungary\/wp-json\/wp\/v2\/posts\/1813\/revisions"}],"predecessor-version":[{"id":1814,"href":"https:\/\/www.greenpeace.org\/hungary\/wp-json\/wp\/v2\/posts\/1813\/revisions\/1814"}],"wp:featuredmedia":[{"embeddable":true,"href":"https:\/\/www.greenpeace.org\/hungary\/wp-json\/wp\/v2\/media\/1312"}],"wp:attachment":[{"href":"https:\/\/www.greenpeace.org\/hungary\/wp-json\/wp\/v2\/media?parent=1813"}],"wp:term":[{"taxonomy":"category","embeddable":true,"href":"https:\/\/www.greenpeace.org\/hungary\/wp-json\/wp\/v2\/categories?post=1813"},{"taxonomy":"post_tag","embeddable":true,"href":"https:\/\/www.greenpeace.org\/hungary\/wp-json\/wp\/v2\/tags?post=1813"},{"taxonomy":"p4-page-type","embeddable":true,"href":"https:\/\/www.greenpeace.org\/hungary\/wp-json\/wp\/v2\/p4-page-type?post=1813"}],"curies":[{"name":"wp","href":"https:\/\/api.w.org\/{rel}","templated":true}]}}