{"id":1835,"date":"2013-11-04T00:00:00","date_gmt":"2013-11-03T22:00:00","guid":{"rendered":"https:\/\/www.greenpeace.org\/hungary\/uncategorized\/1835\/fokozodik-a-kishantosi-botrany-a-greenpeace-szerint\/"},"modified":"2019-11-06T09:41:50","modified_gmt":"2019-11-06T08:41:50","slug":"fokozodik-a-kishantosi-botrany-a-greenpeace-szerint","status":"publish","type":"post","link":"https:\/\/www.greenpeace.org\/hungary\/sajtokozlemeny\/1835\/fokozodik-a-kishantosi-botrany-a-greenpeace-szerint\/","title":{"rendered":"Fokoz\u00f3dik a kishantosi botr\u00e1ny a Greenpeace szerint"},"content":{"rendered":"<div class=\"leader\">\n\tBudapest, 2013. november 4. \u2013 A Nemzeti F\u00f6ldalapkezel\u0151 Szervezet (NFA) a mai napon \u00fagy adta \u00e1t a ter\u00fcleteket az \u00faj b\u00e9rl\u0151knek, hogy a hivatalos \u00e1tad\u00e1s-\u00e1tv\u00e9tel a Kishantosi Vid\u00e9kfejleszt\u00e9si K\u00f6zponttal nem t\u00f6rt\u00e9nt meg. A hivatal k\u00e9pvisel\u0151i a mez\u0151 sz\u00e9l\u00e9n \u00e1llva, sietve \u00edrt\u00e1k al\u00e1 az \u00faj b\u00e9rl\u0151kkel a pap\u00edrokat. A Greenpeace k\u00f6veteli az \u00e9rv\u00e9nytelen p\u00e1ly\u00e1zatok \u00e9s az esetleges \u00faj szerz\u0151d\u00e9sek azonnali megsemmis\u00edt\u00e9s\u00e9t.\n<\/div>\n<div>\n<p><strong>A Greenpeace Magyarorsz\u00e1g a jogi lehet\u0151s\u00e9gek kiakn\u00e1z\u00e1s\u00e1val is seg\u00edti a Kishantosi Vid\u00e9kfejleszt\u00e9si K\u00f6zpont fennmarad\u00e1s\u00e1t.<\/strong> V\u00e9lem\u00e9ny\u00fcnk szerint m\u00e1r maga a p\u00e1ly\u00e1zati ki\u00edr\u00e1s is megk\u00e9rd\u0151jelezhet\u0151, de a d\u00f6nt\u00e9sek meghozatala, a nyertesek megfelel\u00e9se a p\u00e1ly\u00e1zati felt\u00e9teleknek, az \u00faj b\u00e9rl\u0151kkel k\u00f6t\u00f6tt szerz\u0151d\u00e9sek tartalma \u00e9s sok egy\u00e9b ezzel kapcsolatos t\u00e9ny tartalmaz olyan elemeket, amelyek jogszab\u00e1lyoknak val\u00f3 megfelel\u00e9se er\u0151sen vitathat\u00f3. <strong>A Greenpeace Magyarorsz\u00e1g tiszta viszonyokat \u00e9s teljes \u00e1tl\u00e1that\u00f3s\u00e1got k\u00f6vetel.<\/strong> Ez\u00e9rt felk\u00e9rj\u00fck a Vid\u00e9kfejleszt\u00e9si Miniszt\u00e9riumot \u00e9s az NFA illet\u00e9keseit, hogy a d\u00f6nt\u00e9s\u00fcket megalapoz\u00f3 hiteles adatokkal \u00e9s bizony\u00edt\u00e9kokkal \u00e1lljanak ki a nyilv\u00e1noss\u00e1g el\u00e9.<\/p>\n<p>2013. okt\u00f3ber 10-\u00e9n a k\u00f6z\u00e9rdek\u0171 adatok nyilv\u00e1noss\u00e1g\u00e1ra hivatkozva a Greenpeace Magyarorsz\u00e1g hivatalos formanyomtatv\u00e1nyon k\u00e9rv\u00e9nyezte a nyertes p\u00e1ly\u00e1zatok kiad\u00e1s\u00e1t az NFA-t\u00f3l. Ezt az NFA-nak 15 napon bel\u00fcl teljes\u00edtenie kellett volna, v\u00e1lasz azonban a mai napig nem \u00e9rkezett.<\/p>\n<p>A Kishantosi Vid\u00e9kfejleszt\u00e9si K\u00f6zpont 21 \u00e9ve a biogazd\u00e1lkod\u00e1s \u00e9s az ehhez kapcsol\u00f3d\u00f3 oktat\u00e1s hazai fellegv\u00e1ra. A \u201ekishantosi \u00fcgy\u201d k\u00f6z\u00e9rdek\u0171s\u00e9g\u00e9t mi sem bizony\u00edtja jobban, mint az a t\u00e9ny, hogy n\u00e9h\u00e1ny h\u00e9t alatt m\u00e1r 150 szervezet \u00e9s 5600 mag\u00e1nszem\u00e9ly csatlakozott a Sz\u00f6vets\u00e9g Kishantos\u00e9rt \u00e9s a Fenntarthat\u00f3s\u00e1g\u00e9rt mozgalomhoz \u00e9s az \u00e1ltala kezdem\u00e9nyezett ny\u00edlt lev\u00e9lhez, melyben k\u00f6vetelik a biogazdas\u00e1g \u00e9s a n\u00e9pf\u0151iskola fennmarad\u00e1s\u00e1t. Tov\u00e1bbra is v\u00e1rjuk a csatlakoz\u00f3kat a <a href=\"http:\/\/www.kishantosert.hu\/\">www.kishantosert.hu<\/a> weboldalon, mert meggy\u0151z\u0151d\u00e9s\u00fcnk, hogy ezt az \u00fcgyet a k\u00f6z\u00f6ss\u00e9gi \u00e9rt\u00e9kek v\u00e9delme mellett elk\u00f6telezett emberek fogj\u00e1k megmenteni. A Greenpeace Magyarorsz\u00e1g k\u00e9ri a mozgalomhoz csatlakoz\u00f3kat, hogy b\u00e1tran, de mindig az er\u0151szakmentess\u00e9g elve ment\u00e9n cselekedjenek.<\/p>\n<p>A Greenpeace Magyarorsz\u00e1g tov\u00e1bbra is mindent megtesz annak \u00e9rdek\u00e9ben, hogy fennmaradhassanak azok az \u00e9rt\u00e9kek, amelyeket a Kishantosi Vid\u00e9kfejleszt\u00e9si K\u00f6zpont k\u00e9pvisel.<\/p>\n<p><strong>Tov\u00e1bbi inform\u00e1ci\u00f3:<\/strong><br \/>Rodics Katalin<br \/>region\u00e1lis kamp\u00e1nyfelel\u0151s<br \/><script type=\"text\/javascript\"><!--\ndocument.write(dc('Eoi_1', '9D_E8_F5_B3_F8_FE_FC_F8_ED_F3_F8_F8_EF_FA_DD_EE_FE_F4_F9_F2_EF_B3_F3_F4_F1_FC_E9_FC_F6'));\/\/--><\/script><br \/>+36 20 479 1916<\/p>\n<p><strong>H\u00e1tt\u00e9rinform\u00e1ci\u00f3k:<\/strong><br \/><strong>Fot\u00f3k:<\/strong><br \/><a href=\"https:\/\/www.greenpeace.org\/hungary\/Templates\/Planet3\/Pages\/ftp.greenpeace.hu\">ftp:\/\/greenpeace.hu<br \/><\/a>Felhaszn\u00e1l\u00f3n\u00e9v: sajto<br \/>Jelsz\u00f3: 3e4r5t<\/p>\n<p><strong>Magyar \u00e9s angol feliratos film Kishantosr\u00f3l:<\/strong><br \/><a href=\"http:\/\/www.youtube.com\/watch?v=FG-eigs3itA\">http:\/\/www.youtube.com\/watch?v=FG-eigs3itA<\/a><\/p>\n<p><strong>Film a november 4-i esem\u00e9nyekr\u0151l:<br \/><\/strong><a href=\"http:\/\/indavideo.hu\/video\/Kishantos_es_a_farkasok\">http:\/\/indavideo.hu\/video\/Kishantos_es_a_farkasok<\/a><\/p>\n<p><strong>Film az okt\u00f3ber 17-i bevet\u00e9sr\u0151l:<\/strong><br \/><a href=\"http:\/\/www.youtube.com\/watch?v=i0SZsiDxG7U\">http:\/\/www.youtube.com\/watch?v=i0SZsiDxG7U<\/a><\/p>\n<p><strong>Ny\u00edlt lev\u00e9l \u00e9s csatlakoz\u00e1s:<\/strong><br \/><a href=\"http:\/\/kishantosert.hu\/\">http:\/\/kishantosert.hu<\/a><\/p>\n<p><strong>\u201eMents\u00fck meg Kishantost\u201d Facebook-csoport:<\/strong><br \/><a href=\"https:\/\/www.facebook.com\/pages\/Ments%C3%BCk-meg-Kishantost\/168396633353510\">https:\/\/www.facebook.com\/pages\/Ments%C3%BCk-meg-Kishantost\/168396633353510<\/a><\/p>\n<p>A Greenpeace f\u00fcggetlen, energikus \u00e9s konfront\u00e1ci\u00f3ra k\u00e9sz k\u00f6rnyezetv\u00e9d\u0151 szervezet, mely a vil\u00e1g t\u00f6bb mint 45 orsz\u00e1g\u00e1ban k\u00e9sz arra, hogy fell\u00e9pjen a F\u00f6ld \u00e9rt\u00e9keinek v\u00e9delm\u00e9ben. Radik\u00e1lis, de teljes m\u00e9rt\u00e9ben er\u0151szakmentes, a legjobb tudom\u00e1nyos kutat\u00f3int\u00e9zetekkel m\u0171k\u00f6dik egy\u00fctt, t\u00e1rgyal \u00e9s lobbizik, ha kell aut\u00f3p\u00e1ly\u00e1kat, korm\u00e1ny\u00e9p\u00fcleteket z\u00e1r le. Egyik kez\u00e9vel tiltakozik, a m\u00e1sikkal az alternat\u00edv megold\u00e1sokat mutatja fel. Minden NEM! mell\u00e9 mond egy IGEN!-t is.<\/p>\n<\/div>\n","protected":false},"excerpt":{"rendered":"<div>\n\tBudapest, 2013. november 4. \u2013 A Nemzeti F\u00f6ldalapkezel\u0151 Szervezet (NFA) a mai napon \u00fagy adta \u00e1t a ter\u00fcleteket az \u00faj b\u00e9rl\u0151knek, hogy a hivatalos \u00e1tad\u00e1s-\u00e1tv\u00e9tel a Kishantosi Vid\u00e9kfejleszt\u00e9si K\u00f6zponttal nem t\u00f6rt\u00e9nt meg. A hivatal k\u00e9pvisel\u0151i a mez\u0151 sz\u00e9l\u00e9n \u00e1llva, sietve \u00edrt\u00e1k al\u00e1 az \u00faj b\u00e9rl\u0151kkel a pap\u00edrokat. A Greenpeace k\u00f6veteli az \u00e9rv\u00e9nytelen p\u00e1ly\u00e1zatok \u00e9s az esetleges \u00faj szerz\u0151d\u00e9sek azonnali megsemmis\u00edt\u00e9s\u00e9t.\n<\/div>\n","protected":false},"author":25,"featured_media":0,"comment_status":"closed","ping_status":"open","sticky":false,"template":"","format":"standard","meta":{"ep_exclude_from_search":false,"p4_og_title":"","p4_og_description":"","p4_og_image":"","p4_og_image_id":"","p4_seo_canonical_url":"","p4_campaign_name":"","p4_local_project":"","p4_basket_name":"","p4_department":"","footnotes":""},"categories":[4],"tags":[35,18],"p4-page-type":[37],"class_list":["post-1835","post","type-post","status-publish","format-standard","hentry","category-ember-tarsadalom","tag-okogazdalkodas","tag-beke","p4-page-type-sajtokozlemeny"],"_links":{"self":[{"href":"https:\/\/www.greenpeace.org\/hungary\/wp-json\/wp\/v2\/posts\/1835","targetHints":{"allow":["GET"]}}],"collection":[{"href":"https:\/\/www.greenpeace.org\/hungary\/wp-json\/wp\/v2\/posts"}],"about":[{"href":"https:\/\/www.greenpeace.org\/hungary\/wp-json\/wp\/v2\/types\/post"}],"author":[{"embeddable":true,"href":"https:\/\/www.greenpeace.org\/hungary\/wp-json\/wp\/v2\/users\/25"}],"replies":[{"embeddable":true,"href":"https:\/\/www.greenpeace.org\/hungary\/wp-json\/wp\/v2\/comments?post=1835"}],"version-history":[{"count":1,"href":"https:\/\/www.greenpeace.org\/hungary\/wp-json\/wp\/v2\/posts\/1835\/revisions"}],"predecessor-version":[{"id":1836,"href":"https:\/\/www.greenpeace.org\/hungary\/wp-json\/wp\/v2\/posts\/1835\/revisions\/1836"}],"wp:attachment":[{"href":"https:\/\/www.greenpeace.org\/hungary\/wp-json\/wp\/v2\/media?parent=1835"}],"wp:term":[{"taxonomy":"category","embeddable":true,"href":"https:\/\/www.greenpeace.org\/hungary\/wp-json\/wp\/v2\/categories?post=1835"},{"taxonomy":"post_tag","embeddable":true,"href":"https:\/\/www.greenpeace.org\/hungary\/wp-json\/wp\/v2\/tags?post=1835"},{"taxonomy":"p4-page-type","embeddable":true,"href":"https:\/\/www.greenpeace.org\/hungary\/wp-json\/wp\/v2\/p4-page-type?post=1835"}],"curies":[{"name":"wp","href":"https:\/\/api.w.org\/{rel}","templated":true}]}}