{"id":1841,"date":"2013-10-17T00:00:00","date_gmt":"2013-10-16T22:00:00","guid":{"rendered":"https:\/\/www.greenpeace.org\/hungary\/uncategorized\/1841\/bevetesen-a-greenpeace-kishantosert\/"},"modified":"2021-12-01T13:28:33","modified_gmt":"2021-12-01T12:28:33","slug":"bevetesen-a-greenpeace-kishantosert","status":"publish","type":"post","link":"https:\/\/www.greenpeace.org\/hungary\/sajtokozlemeny\/1841\/bevetesen-a-greenpeace-kishantosert\/","title":{"rendered":"Bevet\u00e9sen a Greenpeace Kishantos\u00e9rt"},"content":{"rendered":"<p><strong>Kishantos, 2013. okt\u00f3ber 17. \u2013 A Greenpeace Magyarorsz\u00e1g egy gigantikus m\u00e9ret\u0171 \u201eSAVE KISHANTOS\u201d feliratot k\u00e9sz\u00edtett a Kishantosi Vid\u00e9kfejleszt\u00e9si K\u00f6zpont f\u00f6ldj\u00e9n. Az 500 x 150 m\u00e9teres felirattal a szervezet a f\u00f6ldek elveszt\u00e9s\u00e9nek s\u00falyos vesz\u00e9lyeire\u00a0h\u00edvja fel a figyelmet.<\/strong><\/p>\n<p><img loading=\"lazy\" decoding=\"async\" class=\"aligncenter size-large wp-image-4381\" src=\"https:\/\/www.greenpeace.org\/static\/planet4-hungary-stateless\/2013\/10\/a17a06a6-21708386153_c4e0b11134_k-1024x683.jpg\" alt=\"\" width=\"1024\" height=\"683\" srcset=\"https:\/\/www.greenpeace.org\/static\/planet4-hungary-stateless\/2013\/10\/a17a06a6-21708386153_c4e0b11134_k-1024x683.jpg 1024w, https:\/\/www.greenpeace.org\/static\/planet4-hungary-stateless\/2013\/10\/a17a06a6-21708386153_c4e0b11134_k-300x200.jpg 300w, https:\/\/www.greenpeace.org\/static\/planet4-hungary-stateless\/2013\/10\/a17a06a6-21708386153_c4e0b11134_k-768x512.jpg 768w, https:\/\/www.greenpeace.org\/static\/planet4-hungary-stateless\/2013\/10\/a17a06a6-21708386153_c4e0b11134_k.jpg 2048w, https:\/\/www.greenpeace.org\/static\/planet4-hungary-stateless\/2013\/10\/a17a06a6-21708386153_c4e0b11134_k-510x340.jpg 510w\" sizes=\"auto, (max-width: 1024px) 100vw, 1024px\" \/><\/p>\n<p><em>\u201eEz az \u00f3ri\u00e1si felirat a f\u00f6ldr\u0151l n\u00e9zve nehezen \u00e1ll \u00f6ssze, csak megfelel\u0151 r\u00e1l\u00e1t\u00e1ssal olvashat\u00f3 ki az \u00fczenet. Meggy\u0151z\u0151d\u00e9sem, hogy a Kishantosi Vid\u00e9kfejleszt\u00e9si K\u00f6zpont \u00fcgye is csak kell\u0151 perspekt\u00edv\u00e1b\u00f3l \u00e9s a hossz\u00fa t\u00e1v\u00fa \u00e9rdekek figyelembe v\u00e9tel\u00e9vel \u00e9rthet\u0151 meg. A \u00bbkishantosi \u00fcgy\u00ab ugyanis nem csak arr\u00f3l sz\u00f3l, hogy ki haszn\u00e1lja a f\u00f6ldet, hanem arr\u00f3l is, hogy milyen m\u0171vel\u00e9si m\u00f3ddal, mennyire fenntarthat\u00f3an teszi ezt. S aki haszn\u00e1lja a ter\u00fcletet, az a t\u00e1rsadalom sz\u00e1m\u00e1ra hasznos, hi\u00e1nyp\u00f3tl\u00f3 \u00e9rt\u00e9ket hoz-e l\u00e9tre, ahogy teszi ezt jelenleg is a Kishantosi Vid\u00e9kfejleszt\u00e9si K\u00f6zpont csapata\u201d<\/em> \u2013 mondta Szegfalvi Zsolt, a Greenpeace Magyarorsz\u00e1g igazgat\u00f3ja a szervezet Kishantoson tartott sajt\u00f3rendezv\u00e9ny\u00e9n.<\/p>\n<p>A Kishantosi Vid\u00e9kfejleszt\u00e9si K\u00f6zpont a magyar \u00e9s a n\u00e9met korm\u00e1ny meg\u00e1llapod\u00e1sa alapj\u00e1n j\u00f6tt l\u00e9tre 15 \u00e9vvel ezel\u0151tt. Az\u00f3ta ez a nonprofit szervezet egy eur\u00f3pai szinten is egyed\u00fcl\u00e1ll\u00f3 programot val\u00f3s\u00edt meg. A legszigor\u00fabb min\u0151s\u00edt\u00e9s\u0171 (BioSuisse) biovet\u0151mag el\u0151\u00e1ll\u00edt\u00e1sa \u00e9s a biogazdas\u00e1g \u00fczemeltet\u00e9se mellett egy n\u00e9pf\u0151iskol\u00e1t is l\u00e9trehoztak, ahol t\u00f6bb sz\u00e1z gazd\u00e1lkod\u00f3t k\u00e9peztek ki. A k\u00f6zpont k\u00fcl\u00f6nb\u00f6z\u0151 kutat\u00e1sokat is v\u00e9gez, \u00e9s jelent\u0151sen hozz\u00e1j\u00e1rul a helyi k\u00f6z\u00f6ss\u00e9gek \u00e9let\u00e9hez. \u201eEz egy k\u00e9t \u00e9vtizede j\u00f3l m\u0171k\u00f6d\u0151, \u00f6sszetett modell, egy nemzeti kincs, amelyet mindenkinek meg kell ismernie, \u00e9s amelynek fenn kell maradnia!\u201d \u2013 tette hozz\u00e1 Szegfalvi Zsolt.<\/p>\n<p><strong>A Greenpeace Magyarorsz\u00e1g 52 csatlakoz\u00f3 szervezettel egy\u00fctt hisz abban, hogy a Kishantosi Vid\u00e9kfejleszt\u00e9si K\u00f6zpont ellehetetlen\u00edt\u00e9s\u00e9r\u0151l hozott d\u00f6nt\u00e9s visszaford\u00edthat\u00f3<\/strong>, a mintagazdas\u00e1g fennmaradhat \u00e9s tov\u00e1bbra is m\u0171velheti a f\u00f6ldeket. <strong>Ez\u00e9rt 2013. okt\u00f3ber 17-\u00e9n a Kishantosi Vid\u00e9kfejleszt\u00e9si K\u00f6zpont, a Greenpeace Magyarorsz\u00e1g \u00e9s a csatlakozott szervezetek k\u00e9pvisel\u0151i bevetett\u00e9k a f\u00f6ldeket<\/strong> (egy r\u00e9sz\u00e9n szimbolikusan, k\u00e9zzel sz\u00f3rva a vet\u0151magot, a nagyobb r\u00e9sz\u00e9n pedig vet\u0151g\u00e9pekkel), ezzel is mutatva, hogy a k\u00f6zpont m\u00e9g jelent\u0151s anyagi kock\u00e1zatot v\u00e1llalva is mindent megtesz az\u00e9rt, hogy a ter\u00fcleten a legmagasabb szint\u0171 \u00a0\u00f6kol\u00f3giai gazd\u00e1lkod\u00e1s fennmaradjon. A BioSuisse min\u0151s\u00edt\u00e9s megtart\u00e1s\u00e1nak egyik felt\u00e9tele ugyanis, hogy a ter\u00fclet fel\u00e9nek t\u00e9len is z\u00f6ldnek kell lennie.<\/p>\n<p><em>\u201eA \u00bbSave Kishantos\u00ab felirat messzire l\u00e1tszik, rem\u00e9lj\u00fck, hogy a magvet\u00e9s \u00fczenete is sokakhoz, \u00edgy a d\u00f6nt\u00e9shoz\u00f3khoz is el\u00e9r. A mai k\u00f6z\u00f6s bevet\u00e9ssel, ezzel a szimbolikus \u00e9s b\u00e9k\u00e9s tettel megmutattuk, hogy ez a gazdas\u00e1g sokunk sz\u00e1m\u00e1ra fontos, egyben nemzeti \u00e9s eur\u00f3pai jelent\u0151s\u00e9ggel b\u00edr. C\u00e9lunk az, hogy a k\u00f6zpont fennmaradjon, megtarts\u00e1k az \u00f6kol\u00f3giai gazd\u00e1lkod\u00e1st \u00e9s a k\u00f6vetkez\u0151 id\u0151szakban is folytat\u00f3djon itt a gazd\u00e1lkod\u00f3k \u00f6kol\u00f3giai szeml\u00e9letre val\u00f3 oktat\u00e1sa\u201d<\/em> \u2013 mondta Rodics Katalin, a Greenpeace region\u00e1lis kamp\u00e1nyfelel\u0151se a civil szervezet akci\u00f3ja sor\u00e1n.<\/p>\n<p><strong>11 ok, ami\u00e9rt meg kell menten\u00fcnk Kishantost:<\/strong><\/p>\n<ul>\n<li>21 \u00e9ve bio m\u00f3don termel eg\u00e9szs\u00e9ges \u00e9lelmiszert, a legszigor\u00fabb BioSuisse min\u0151s\u00edt\u00e9snek megfelel\u0151en. Nem szennyezi a talajt, a leveg\u0151t, a vizeket, nem puszt\u00edtja az \u00e9l\u0151vil\u00e1got.<\/li>\n<li>452 hekt\u00e1ron m\u0171k\u00f6dik, ami bizony\u00edtja, hogy nagy\u00fczemi m\u00e9retekben is m\u0171k\u00f6dtethet\u0151 a vegyszermentes mez\u0151gazdas\u00e1g.<\/li>\n<li>A biogazd\u00e1lkod\u00e1sban alkalmazhat\u00f3 legkorszer\u0171bb g\u00e9p\u00e1llom\u00e1nnyal rendelkezik.<\/li>\n<li>15 \u00e9ve Vid\u00e9kfejleszt\u00e9si K\u00f6zpontot, n\u00e9pf\u0151iskol\u00e1t m\u0171k\u00f6dtet.<\/li>\n<li>N\u00e9met\u2013magyar korm\u00e1nyk\u00f6zi meg\u00e1llapod\u00e1ssal j\u00f6tt l\u00e9tre.<\/li>\n<li>T\u00f6bb mint 200 magyar fiatalt k\u00fcld\u00f6tt ki tanulm\u00e1ny\u00fatra a d\u00e1n n\u00e9pf\u0151iskolai partner\u00e9hez.<\/li>\n<li>Nonprofit, a bev\u00e9teleit visszaforgatja az oktat\u00e1sba.<\/li>\n<li>Mindig minden fizet\u00e9si k\u00f6telezetts\u00e9gnek eleget tett.<\/li>\n<li>Helyi kezdem\u00e9nyez\u00e9sb\u0151l, a helyi k\u00f6z\u00f6ss\u00e9gre t\u00e1maszkodva alakult ki \u00e9s m\u0171k\u00f6dik.<\/li>\n<li>18 embert foglalkoztat \u00e1lland\u00f3an, id\u00e9nyben pedig 50-100 embernek ad bev\u00e9teli forr\u00e1st.<\/li>\n<\/ul>\n<p><strong>Tov\u00e1bbi inform\u00e1ci\u00f3:<\/strong><br \/>\nRodics Katalin<br \/>\nregion\u00e1lis kamp\u00e1nyfelel\u0151s<br \/>\n+36 20 479 1916<\/p>\n<p><strong>H\u00e1tt\u00e9rinform\u00e1ci\u00f3k:<\/strong><br \/>\n<strong>Fot\u00f3k \u00e9s vide\u00f3k:<\/strong><br \/>\n<a href=\"http:\/\/www.greenpeace.org\/hungary\/Templates\/Planet3\/Pages\/ftp.greenpeace.hu\">ftp:\/\/greenpeace.hu<\/a><br \/>\nFelhaszn\u00e1l\u00f3n\u00e9v: sajto<br \/>\nJelsz\u00f3: 3e4r5t<\/p>\n<p><strong>Magyar \u00e9s angol feliratos film Kishantosr\u00f3l:<\/strong><br \/>\n<a href=\"http:\/\/www.youtube.com\/watch?v=FG-eigs3itA\">http:\/\/www.youtube.com\/watch?v=FG-eigs3itA<\/a><\/p>\n<p><strong>Ny\u00edlt lev\u00e9l:<\/strong><br \/>\n<a href=\"http:\/\/lmv.hu\/El_a_kezekkel_Kishantostol__nyilt_level\">http:\/\/lmv.hu\/El_a_kezekkel_Kishantostol__nyilt_level<\/a><\/p>\n<p><strong>\u201eMents\u00fck meg Kishantost\u201d Facebook-csoport:<\/strong><br \/>\n<a href=\"https:\/\/www.facebook.com\/pages\/Ments%C3%BCk-meg-Kishantost\/168396633353510\">https:\/\/www.facebook.com\/pages\/Ments%C3%BCk-meg-Kishantost\/168396633353510<\/a><\/p>\n<p>A Greenpeace f\u00fcggetlen, energikus \u00e9s konfront\u00e1ci\u00f3ra k\u00e9sz k\u00f6rnyezetv\u00e9d\u0151 szervezet, mely a vil\u00e1g t\u00f6bb mint 45 orsz\u00e1g\u00e1ban k\u00e9sz arra, hogy fell\u00e9pjen a F\u00f6ld \u00e9rt\u00e9keinek v\u00e9delm\u00e9ben. Radik\u00e1lis, de teljes m\u00e9rt\u00e9ben er\u0151szakmentes, a legjobb tudom\u00e1nyos kutat\u00f3int\u00e9zetekkel m\u0171k\u00f6dik egy\u00fctt, t\u00e1rgyal \u00e9s lobbizik, ha kell aut\u00f3p\u00e1ly\u00e1kat, korm\u00e1ny\u00e9p\u00fcleteket z\u00e1r le. Egyik kez\u00e9vel tiltakozik, a m\u00e1sikkal az alternat\u00edv megold\u00e1sokat mutatja fel. Minden NEM! mell\u00e9 mond egy IGEN!-t is.<\/p>\n\t\t\t<section\n\t\t\tclass=\"boxout post-854 \"\n\t\t\t\n\t\t>\n\t\t\t<a\n\t\t\t\tdata-ga-category=\"Take Action Boxout\"\n\t\t\t\tdata-ga-action=\"Image\"\n\t\t\t\tdata-ga-label=\"n\/a\"\n\t\t\t\tclass=\"cover-card-overlay\"\n\t\t\t\thref=\"https:\/\/www.greenpeace.org\/hungary\/cselekedj\/valaszd-az-okogazdalkodast\/\" \n\t\t\t><\/a>\n\t\t\t\t\t\t\t<img\n\t\t\t\t\t\tsrc=\"https:\/\/www.greenpeace.org\/static\/planet4-hungary-stateless\/2018\/10\/ebbb871d-gp0strfu4-1024x683.jpg\"\n\t\t\t\t\t\tsrcset=\"https:\/\/www.greenpeace.org\/static\/planet4-hungary-stateless\/2018\/10\/ebbb871d-gp0strfu4-300x200.jpg 300w, https:\/\/www.greenpeace.org\/static\/planet4-hungary-stateless\/2018\/10\/ebbb871d-gp0strfu4-768x512.jpg 768w, https:\/\/www.greenpeace.org\/static\/planet4-hungary-stateless\/2018\/10\/ebbb871d-gp0strfu4-1024x683.jpg 1024w, https:\/\/www.greenpeace.org\/static\/planet4-hungary-stateless\/2018\/10\/ebbb871d-gp0strfu4-510x340.jpg 510w, https:\/\/www.greenpeace.org\/static\/planet4-hungary-stateless\/2018\/10\/ebbb871d-gp0strfu4.jpg 1200w\"\n\t\t\t\t\t\tsizes=\"(min-width: 1000px) 358px, (min-width: 780px) 313px, 88px\"\n\t\t\t\t\t\talt=\"Organic Vegetables in Hungary. \u00a9 Bence Jardany\" title=\"Organic Vegetables in Hungary. \u00a9 Bence Jardany\"\n\t\t\t\t\/>\n            \t\t\t<div class=\"boxout-content\">\n\t\t\t\t\t\t\t\t\t<a\n\t\t\t\t\t\tclass=\"boxout-heading medium\"\n\t\t\t\t\t\tdata-ga-category=\"Take Action Boxout\"\n\t\t\t\t\t\tdata-ga-action=\"Title\"\n\t\t\t\t\t\tdata-ga-label=\"n\/a\"\n\t\t\t\t\t\thref=\"https:\/\/www.greenpeace.org\/hungary\/cselekedj\/valaszd-az-okogazdalkodast\/\"\n\t\t\t\t\t\t\n\t\t\t\t\t>\n\t\t\t\t\t\tV\u00e1laszd az \u00f6kogazd\u00e1lkod\u00e1st\n\t\t\t\t\t<\/a>\n\t\t\t\t\t\t\t\t\t\t\t\t\t<p class=\"boxout-excerpt\">N\u00e9zz ut\u00e1na annak, hogy mit eszel! Keresd az \u00f6kol\u00f3giai gazd\u00e1lkod\u00e1sb\u00f3l sz\u00e1rmaz\u00f3 term\u00e9keket, \u00e9s v\u00e1laszd a helyi, szezon\u00e1lis \u00e9lelmiszereket.<\/p>\n\t\t\t\t                                    <a\n                        class=\"btn btn-primary\"\n                        data-ga-category=\"Take Action Boxout\"\n                        data-ga-action=\"Call to Action\"\n                        data-ga-label=\"n\/a\"\n                        href=\"https:\/\/www.greenpeace.org\/hungary\/cselekedj\/valaszd-az-okogazdalkodast\/\"\n                        \n                    >\n                        Cselekszem\n                    <\/a>\n                \t\t\t<\/div>\n\t\t\t\t\t<\/section>\n\t","protected":false},"excerpt":{"rendered":"<p>A Greenpeace Magyarorsz\u00e1g egy gigantikus m\u00e9ret\u0171 \u201eSAVE KISHANTOS\u201d feliratot k\u00e9sz\u00edtett a Kishantosi Vid\u00e9kfejleszt\u00e9si K\u00f6zpont f\u00f6ldj\u00e9n. Az 500 x 150 m\u00e9teres felirattal a szervezet a f\u00f6ldek elveszt\u00e9s\u00e9nek s\u00falyos vesz\u00e9lyeire\u00a0h\u00edvja fel a figyelmet.<\/p>\n","protected":false},"author":25,"featured_media":4381,"comment_status":"closed","ping_status":"open","sticky":false,"template":"","format":"standard","meta":{"ep_exclude_from_search":false,"p4_og_title":"","p4_og_description":"","p4_og_image":"","p4_og_image_id":"","p4_seo_canonical_url":"","p4_campaign_name":"","p4_local_project":"","p4_basket_name":"","p4_department":"","footnotes":""},"categories":[3],"tags":[35,18],"p4-page-type":[37],"class_list":["post-1841","post","type-post","status-publish","format-standard","has-post-thumbnail","hentry","category-termeszet-kornyezet","tag-okogazdalkodas","tag-beke","p4-page-type-sajtokozlemeny"],"_links":{"self":[{"href":"https:\/\/www.greenpeace.org\/hungary\/wp-json\/wp\/v2\/posts\/1841","targetHints":{"allow":["GET"]}}],"collection":[{"href":"https:\/\/www.greenpeace.org\/hungary\/wp-json\/wp\/v2\/posts"}],"about":[{"href":"https:\/\/www.greenpeace.org\/hungary\/wp-json\/wp\/v2\/types\/post"}],"author":[{"embeddable":true,"href":"https:\/\/www.greenpeace.org\/hungary\/wp-json\/wp\/v2\/users\/25"}],"replies":[{"embeddable":true,"href":"https:\/\/www.greenpeace.org\/hungary\/wp-json\/wp\/v2\/comments?post=1841"}],"version-history":[{"count":5,"href":"https:\/\/www.greenpeace.org\/hungary\/wp-json\/wp\/v2\/posts\/1841\/revisions"}],"predecessor-version":[{"id":9024,"href":"https:\/\/www.greenpeace.org\/hungary\/wp-json\/wp\/v2\/posts\/1841\/revisions\/9024"}],"wp:featuredmedia":[{"embeddable":true,"href":"https:\/\/www.greenpeace.org\/hungary\/wp-json\/wp\/v2\/media\/4381"}],"wp:attachment":[{"href":"https:\/\/www.greenpeace.org\/hungary\/wp-json\/wp\/v2\/media?parent=1841"}],"wp:term":[{"taxonomy":"category","embeddable":true,"href":"https:\/\/www.greenpeace.org\/hungary\/wp-json\/wp\/v2\/categories?post=1841"},{"taxonomy":"post_tag","embeddable":true,"href":"https:\/\/www.greenpeace.org\/hungary\/wp-json\/wp\/v2\/tags?post=1841"},{"taxonomy":"p4-page-type","embeddable":true,"href":"https:\/\/www.greenpeace.org\/hungary\/wp-json\/wp\/v2\/p4-page-type?post=1841"}],"curies":[{"name":"wp","href":"https:\/\/api.w.org\/{rel}","templated":true}]}}