{"id":1845,"date":"2013-11-16T00:00:00","date_gmt":"2013-11-15T22:00:00","guid":{"rendered":"https:\/\/www.greenpeace.org\/hungary\/uncategorized\/1845\/az-orosz-hatosagok-a-sarkvideki-harmincak-fogva-tartasanak-harom-honapos-meghosszabbitasat-kerik\/"},"modified":"2021-02-16T14:17:26","modified_gmt":"2021-02-16T13:17:26","slug":"az-orosz-hatosagok-a-sarkvideki-harmincak-fogva-tartasanak-harom-honapos-meghosszabbitasat-kerik","status":"publish","type":"post","link":"https:\/\/www.greenpeace.org\/hungary\/sajtokozlemeny\/1845\/az-orosz-hatosagok-a-sarkvideki-harmincak-fogva-tartasanak-harom-honapos-meghosszabbitasat-kerik\/","title":{"rendered":"Az orosz hat\u00f3s\u00e1gok a sarkvid\u00e9ki harmincak fogva tart\u00e1s\u00e1nak h\u00e1rom h\u00f3napos meghosszabb\u00edt\u00e1s\u00e1t k\u00e9rik"},"content":{"rendered":"<div class=\"leader\">Budapest, 2013. november 16. \u2013 Az orosz nyomoz\u00f3 hat\u00f3s\u00e1g tegnap bejelentette, hogy a sarkvid\u00e9ki harmincak fogva tart\u00e1s\u00e1nak h\u00e1rom h\u00f3nappal t\u00f6rt\u00e9n\u0151 meghosszabb\u00edt\u00e1s\u00e1t javasolja; err\u0151l a b\u00edr\u00f3s\u00e1g a j\u00f6v\u0151 h\u00e9ten d\u00f6nt. Amennyiben a b\u00edr\u00f3 a k\u00e9r\u00e9st nem hagyja j\u00f3v\u00e1, a harmincakat elengedik.<\/div>\n<div>\n<p>A h\u00edrekre v\u00e1laszolva a Greenpeace International igazgat\u00f3ja, Kumi Naidoo \u00edgy nyilatkozott:<\/p>\n<p><em>\u201eMegszakad a sz\u00edv\u00fcnk beb\u00f6rt\u00f6nz\u00f6tt bar\u00e1taink\u00e9rt, \u00e9s kint l\u00e9v\u0151 szeretteik\u00e9rt. Kem\u00e9nyen dolgozunk azon, hogy ezeket a n\u0151ket \u00e9s f\u00e9rfiakat ne tarts\u00e1k tov\u00e1bbra is b\u00f6rt\u00f6nben olyan b\u0171ncselekm\u00e9nyek miatt, amelyeket el sem k\u00f6vettek. Amennyiben a hat\u00f3s\u00e1gok sikerrel j\u00e1rnak, fellebbez\u00fcnk, \u00e9s k\u00e9rni fogjuk a harmincak szabadon bocs\u00e1t\u00e1s\u00e1t, amint a b\u00edr\u00f3s\u00e1g kijel\u00f6li a meghallgat\u00e1s id\u0151pontj\u00e1t.<\/em><\/p>\n<p><em>Ez egy kom\u00e9dia, amely cs\u00fafot \u0171z az igazs\u00e1gszolg\u00e1ltat\u00e1sunkb\u00f3l. A Greenpeace minden lehets\u00e9ges eszk\u00f6zzel folytatja a harcot a kiszabadul\u00e1suk\u00e9rt, azonban egyed\u00fcl nem vagyunk k\u00e9pesek erre. Sz\u00fcks\u00e9g\u00fcnk van r\u00e1tok, Oroszorsz\u00e1gban \u00e9s a vil\u00e1g minden t\u00e1j\u00e1n, hogy ki\u00e1lljatok vel\u00fcnk egy\u00fctt a m\u00e9lt\u00f3s\u00e1g\u00e9rt, a szabads\u00e1g\u00e9rt \u00e9s a b\u00e9k\u00e9s tiltakoz\u00e1shoz val\u00f3 alapvet\u0151 emberi jog\u00e9rt.\u201d<\/em><\/p>\n<p>A Greenpeace 2013. november 16-\u00e1n, szombaton a vil\u00e1g t\u00f6bb mint 40 orsz\u00e1g\u00e1ban, 260 v\u00e1rosban b\u00e9k\u00e9s szolidarit\u00e1si esem\u00e9nyeket tart, amelyekkel aktivist\u00e1inak azonnali szabadon enged\u00e9s\u00e9t k\u00f6veteli. A budapesti rendezv\u00e9nyre 2013. november 16-\u00e1n, szombaton 15 \u00f3rakor a budapesti Szent Istv\u00e1n-bazilika el\u0151tt ker\u00fcl sor.<\/p>\n<p>Ami\u00f3ta nyolc h\u00e9ttel ezel\u0151tt elfogt\u00e1k az Arctic Sunrise-t, a vil\u00e1g minden t\u00e1j\u00e1r\u00f3l rengeteg t\u00e1mogat\u00e1s \u00e9rkezett a sarkvid\u00e9ki harmincaknak. Vezet\u0151 politikusok, eln\u00f6k\u00f6k \u2013 t\u00f6bbek k\u00f6z\u00f6tt a brazil Dilma Roussef eln\u00f6k, a n\u00e9met kancell\u00e1r, Angela Merkel \u00e9s a brit minisztereln\u00f6k, David Cameron \u2013 fejezt\u00e9k ki egy\u00fctt\u00e9rz\u00e9s\u00fcket a foglyok sors\u00e1val kapcsolatban. Tizenh\u00e1rom Nobel-b\u00e9ked\u00edjas is felsz\u00f3lalt, t\u00f6bbek k\u00f6z\u00f6tt Desmond Tutu \u00e9rsek, Ang Sz\u00e1n Szu Cs\u00ed \u00e9s Lech Wa\u0142\u0119sa. Tegnap Madonna is csatlakozott a k\u00f6z\u00f6ss\u00e9gi oldalain kereszt\u00fcl a sarkvid\u00e9ki harmincak szabadon enged\u00e9s\u00e9t k\u00f6vetel\u0151 milli\u00f3khoz.<\/p>\n<p>A mai napig t\u00f6bb mint 2 milli\u00f3 ember k\u00fcld\u00f6tt levelet \u00e9s e-mailt, amelyben azt k\u00e9rik, hogy engedj\u00e9k szabadon a sarkvid\u00e9ki harmincakat. A mai napig t\u00f6bb mint 2 milli\u00f3 ember k\u00fcld\u00f6tt levelet \u00e9s e-mailt, amelyben azt k\u00e9rik, hogy engedj\u00e9k szabadon a sarkvid\u00e9ki harmincakat. Csatlakoz\u00e1s a pet\u00edci\u00f3hoz: <a href=\"http:\/\/www.greenpeace.hu\/30\">www.greenpeace.hu\/30<\/a><\/p>\n<p><strong>Folyamatosan friss\u00fcl\u0151 blogbejegyz\u00e9s:<\/strong><br \/>\n<a href=\"http:\/\/greenpeace.blog.hu\/2013\/09\/24\/az_ex-kgb-vel_a_greenpeace_ellen\">http:\/\/greenpeace.blog.hu\/2013\/09\/24\/az_ex-kgb-vel_a_greenpeace_ellen<\/a><\/p>\n<p><strong>Sajt\u00f3k\u00f6zlem\u00e9nyek a t\u00e9m\u00e1ban:<br \/>\n<\/strong><a href=\"https:\/\/www.greenpeace.org\/hungary\/hu\/sajtokozpont\/Tizenegy-Nobel-bekedijas-ir-Putyin-elnoknek-a-Greenpeace-ugy-kapcsan\/\">http:\/\/www.greenpeace.org\/hungary\/hu\/sajtokozpont\/Magyar-mveszek-is-kialltak-a-Greenpeace-aktivistakert\/<br \/>\nhttp:\/\/www.greenpeace.org\/hungary\/hu\/sajtokozpont\/Tizenegy-Nobel-bekedijas-ir-Putyin-elnoknek-a-Greenpeace-ugy-kapcsan\/<\/a><br \/>\n<a href=\"https:\/\/www.greenpeace.org\/hungary\/hu\/sajtokozpont\/A-Greenpeace-International-valasza-az-Orosz-Nyomozobizottsag-legutobbi-allitasaira\/\">http:\/\/www.greenpeace.org\/hungary\/hu\/sajtokozpont\/A-Greenpeace-International-valasza-az-Orosz-Nyomozobizottsag-legutobbi-allitasaira\/<\/a><br \/>\n<a href=\"https:\/\/www.greenpeace.org\/hungary\/hu\/sajtokozpont\/A-Greenpeace-aktivistak-szabadon-engedeseert--tuntettek-ma-delutan-a-vilag-50-orszagaban\/\">http:\/\/www.greenpeace.org\/hungary\/hu\/sajtokozpont\/A-Greenpeace-aktivistak-szabadon-engedeseert\u2013tuntettek-ma-delutan-a-vilag-50-orszagaban\/<\/a><br \/>\n<a href=\"https:\/\/www.greenpeace.org\/hungary\/hu\/sajtokozpont\/Fotoriporter-is-a-megvadoltak-kozt-a-Greenpeace-akcioban\/\">http:\/\/www.greenpeace.org\/hungary\/hu\/sajtokozpont\/Fotoriporter-is-a-megvadoltak-kozt-a-Greenpeace-akcioban\/<\/a><\/p>\n<\/div>\n","protected":false},"excerpt":{"rendered":"<div>\n\tBudapest, 2013. november 16. \u2013 Az orosz nyomoz\u00f3 hat\u00f3s\u00e1g tegnap bejelentette, hogy a sarkvid\u00e9ki harmincak fogva tart\u00e1s\u00e1nak h\u00e1rom h\u00f3nappal t\u00f6rt\u00e9n\u0151 meghosszabb\u00edt\u00e1s\u00e1t javasolja; err\u0151l a b\u00edr\u00f3s\u00e1g a j\u00f6v\u0151 h\u00e9ten d\u00f6nt. Amennyiben a b\u00edr\u00f3 a k\u00e9r\u00e9st nem hagyja j\u00f3v\u00e1, a harmincakat elengedik.\n<\/div>\n","protected":false},"author":25,"featured_media":0,"comment_status":"closed","ping_status":"open","sticky":false,"template":"","format":"standard","meta":{"ep_exclude_from_search":false,"p4_og_title":"","p4_og_description":"","p4_og_image":"","p4_og_image_id":"","p4_seo_canonical_url":"","p4_campaign_name":"not set","p4_local_project":"not set","p4_basket_name":"not set","p4_department":"","footnotes":""},"categories":[2],"tags":[6,28,18],"p4-page-type":[37],"class_list":["post-1845","post","type-post","status-publish","format-standard","hentry","category-klima-energia","tag-klimavedelem","tag-sarkvidek","tag-beke","p4-page-type-sajtokozlemeny"],"_links":{"self":[{"href":"https:\/\/www.greenpeace.org\/hungary\/wp-json\/wp\/v2\/posts\/1845","targetHints":{"allow":["GET"]}}],"collection":[{"href":"https:\/\/www.greenpeace.org\/hungary\/wp-json\/wp\/v2\/posts"}],"about":[{"href":"https:\/\/www.greenpeace.org\/hungary\/wp-json\/wp\/v2\/types\/post"}],"author":[{"embeddable":true,"href":"https:\/\/www.greenpeace.org\/hungary\/wp-json\/wp\/v2\/users\/25"}],"replies":[{"embeddable":true,"href":"https:\/\/www.greenpeace.org\/hungary\/wp-json\/wp\/v2\/comments?post=1845"}],"version-history":[{"count":2,"href":"https:\/\/www.greenpeace.org\/hungary\/wp-json\/wp\/v2\/posts\/1845\/revisions"}],"predecessor-version":[{"id":7966,"href":"https:\/\/www.greenpeace.org\/hungary\/wp-json\/wp\/v2\/posts\/1845\/revisions\/7966"}],"wp:attachment":[{"href":"https:\/\/www.greenpeace.org\/hungary\/wp-json\/wp\/v2\/media?parent=1845"}],"wp:term":[{"taxonomy":"category","embeddable":true,"href":"https:\/\/www.greenpeace.org\/hungary\/wp-json\/wp\/v2\/categories?post=1845"},{"taxonomy":"post_tag","embeddable":true,"href":"https:\/\/www.greenpeace.org\/hungary\/wp-json\/wp\/v2\/tags?post=1845"},{"taxonomy":"p4-page-type","embeddable":true,"href":"https:\/\/www.greenpeace.org\/hungary\/wp-json\/wp\/v2\/p4-page-type?post=1845"}],"curies":[{"name":"wp","href":"https:\/\/api.w.org\/{rel}","templated":true}]}}