{"id":1849,"date":"2016-04-26T00:00:00","date_gmt":"2016-04-25T22:00:00","guid":{"rendered":"https:\/\/www.greenpeace.org\/hungary\/uncategorized\/1849\/csernobil-30-eve-tortent-es-meg-tobb-tizezer-evig-tart\/"},"modified":"2019-11-06T09:41:07","modified_gmt":"2019-11-06T08:41:07","slug":"csernobil-30-eve-tortent-es-meg-tobb-tizezer-evig-tart","status":"publish","type":"post","link":"https:\/\/www.greenpeace.org\/hungary\/sajtokozlemeny\/1849\/csernobil-30-eve-tortent-es-meg-tobb-tizezer-evig-tart\/","title":{"rendered":"Csernobil 30 \u00e9ve t\u00f6rt\u00e9nt, \u00e9s m\u00e9g t\u00f6bb t\u00edzezer \u00e9vig tart"},"content":{"rendered":"<h2>A nukle\u00e1ris szennyez\u00e9s ott van az erd\u0151ben, a f\u00f6ldben, az \u00e1llatokban \u00e9s az emberekben<\/h2>\n<\/p>\n<div class=\"leader\">\n\tBudapest, 2016. \u00e1prilis 26. \u2013 A csernobili atomer\u0151m\u0171-baleset 30 \u00e9ve t\u00f6rt\u00e9nt. Hat\u00e1s\u00e1ra 150 000 km\u00b2-nyi f\u00f6ldter\u00fclet v\u00e1lt sug\u00e1rszennyezett\u00e9, ahol 8 milli\u00f3 ember \u00e9lt. \u00c9let\u00fck \u00e9s \u00e9letter\u00fck m\u00e9g hossz\u00fa \u00e9veken \u00e1t mag\u00e1n viseli a katasztr\u00f3fa nyomait: genetikai mut\u00e1ci\u00f3k n\u00f6v\u00e9nyekben, \u00e1llatokban; fogyat\u00e9koss\u00e1g, depresszi\u00f3 \u00e9s r\u00e1kos megbeteged\u00e9sek az emberek eset\u00e9ben. A romok eltakar\u00edt\u00e1s\u00e1ra m\u00e1ig nincs megold\u00e1s. A fukusimai \u00e9s csernobili katasztr\u00f3f\u00e1k \u00f6r\u00f6ks\u00e9g\u00e9vel felel\u0151tlens\u00e9g az atomenergi\u00e1ban gondolkodni. A meg\u00fajul\u00f3 energiarendszerek ki\u00e9p\u00edt\u00e9se az egyetlen k\u00f6rnyezetv\u00e9delmi \u00e9s t\u00e1rsadalmi szempontb\u00f3l is j\u00e1rhat\u00f3 \u00fat.\n<\/div>\n<div>\n<p><iframe loading=\"lazy\" frameborder=\"0\" height=\"338\" src=\"https:\/\/www.greenpeace.org\/static\/planet4-hungary-stateless\/2018\/10\/0eaa3394-0eaa3394-nuclear_scars.pdf\" width=\"600\"><\/iframe><\/p>\n<p>1986. \u00e1prilis 26-\u00e1n felrobbant a 4. sz\u00e1m\u00fa reaktor, melynek hat\u00e1s\u00e1ra \u00f3ri\u00e1si ter\u00fcletek szennyez\u0151dtek el. Sz\u00e1zezreket kellett kitelep\u00edteni a k\u00f6rny\u00e9kr\u0151l, de eg\u00e9sz Eur\u00f3pa \u00e9rintett\u00e9 v\u00e1lt. A\u00a0h\u00edrr\u0151l a sv\u00e9d hat\u00f3s\u00e1gokt\u00f3l \u00e9rtes\u00fclt a vil\u00e1g, ugyanis a szovjet korm\u00e1ny eleinte titokban tartotta a balesetet. A Csernobilt \u00f6vez\u0151 kb. 4700 km\u00b2-nyi, Veszpr\u00e9m megy\u00e9nyi ter\u00fclet m\u00e1ig tiltott z\u00f3n\u00e1nak min\u0151s\u00fcl, ahov\u00e1 tilos visszak\u00f6lt\u00f6zni. \u00c9s m\u00e9g tilos lesz t\u00f6bb t\u00edzezer \u00e9vig. [1]<\/p>\n<p>Csernobil ut\u00e1n 30 \u00e9vvel m\u00e1ig 5 milli\u00f3an \u00e9lnek sug\u00e1rszennyezett ter\u00fcleteken Ukrajn\u00e1ban, Oroszorsz\u00e1gban \u00e9s Feh\u00e9roroszorsz\u00e1gban. Az oroszorsz\u00e1gi Brjanszki ter\u00fclet legt\u00f6bb telep\u00fcl\u00e9s\u00e9t \u201eevaku\u00e1ci\u00f3s z\u00f3nak\u00e9nt\u201d sorolt\u00e1k be a magas sug\u00e1rz\u00e1si szintek miatt, \u00e1m lakosaikat soha nem evaku\u00e1lt\u00e1k. Noha a sug\u00e1rz\u00e1s szinte egy\u00e1ltal\u00e1n nem cs\u00f6kken, \u00e9vr\u0151l \u00e9vre egyre kevesebb p\u00e9nzt ford\u00edtanak v\u00e9d\u0151int\u00e9zked\u00e9sekre. Csernobil t\u00e9rs\u00e9g\u00e9ben megsz\u00fcntett\u00e9k a k\u00f6rnyezeti \u00e9s \u00e9lelmiszer\u00fcgyi monitoring programokat. [2]<\/p>\n<p>A Csernobil k\u00f6r\u00fcli erd\u0151k, ahonnan a helyiek a t\u00fczel\u0151f\u00e1t gy\u0171jtik, m\u00e1ig szennyezettek; \u00e9pp\u00fagy, mint a talaj, amelyben az \u00e9lelmiszereket termesztik, \u00e9s a foly\u00f3k, amelyekb\u0151l a halakat fogj\u00e1k. A Csernobilt\u00f3l 200 kilom\u00e9terre l\u00e9v\u0151 Rivnei ter\u00fcleten a Greenpeace \u00e1ltal vett 50 teh\u00e9ntejmint\u00e1b\u00f3l 46 haladta meg a feln\u0151ttekre vonatkoz\u00f3 eg\u00e9szs\u00e9g\u00fcgyi hat\u00e1r\u00e9rt\u00e9keket, \u00e9s az \u00f6sszes minta t\u00fall\u00e9pte a gyermekekre vonatkoz\u00f3 eg\u00e9szs\u00e9g\u00fcgyi hat\u00e1r\u00e9rt\u00e9keket. Az Ukrajna \u00e9s Oroszorsz\u00e1g t\u00f6bb ter\u00fclet\u00e9r\u0151l vett hal-, gabona- \u00e9s gombamint\u00e1k is meghaladt\u00e1k a megengedett hat\u00e1r\u00e9rt\u00e9ket. [2]<\/p>\n<p>H\u00e1rom \u00e9vtizeddel a baleset ut\u00e1n kimutathat\u00f3, hogy a sug\u00e1rz\u00e1s hat\u00e1s\u00e1ra megemelkedett a pajzsmirigy-, eml\u0151r\u00e1kos megbeteged\u00e9sek \u00e9s a fogyat\u00e9koss\u00e1gok ar\u00e1nya, valamint n\u0151tt a hal\u00e1loz\u00e1sok sz\u00e1ma. A t\u00fal\u00e9l\u0151k k\u00f6z\u00fcl rengetegen szenvednek ment\u00e1lis \u00e9s neuropszichi\u00e1triai betegs\u00e9gekben. A csernobili baleset az \u00e9l\u0151vil\u00e1gra is hat\u00e1ssal volt. A szennyezett ter\u00fcleteken cs\u00f6kkent a madarak agym\u00e9rete, \u00e9s megn\u00f6vekedett k\u00f6r\u00fckben a r\u00e1kos megbeteged\u00e9sek \u00e9s az albinizmus gyakoris\u00e1ga. [3]<\/p>\n<p>A katasztr\u00f3fa \u00f3ta eltelt 30 \u00e9v, \u00e9s tov\u00e1bbra sem l\u00e1tszik, hogy valaha fel fogj\u00e1k-e tudni sz\u00e1molni a baleset \u00e1ltal h\u00e1trahagyott, vesz\u00e9lyesen sug\u00e1rz\u00f3 romokat. A sebt\u00e9ben \u00e9p\u00edtett szarkof\u00e1g helyett \u00fajabb v\u00e9d\u0151burok \u00e9p\u00edt\u00e9se v\u00e1lt sz\u00fcks\u00e9gess\u00e9. Ezt j\u00f6v\u0151re tervezik befejezni, de csak 100 \u00e9vre ny\u00fajt megold\u00e1st a sz\u00fcks\u00e9ges t\u00f6bb t\u00edzezer \u00e9v helyett. [4]<\/p>\n<p>\u201eA nukle\u00e1ris ipar \u00e9s a korm\u00e1nyok igyekeznek elhitetni vel\u00fcnk, hogy egy nukle\u00e1ris katasztr\u00f3fa ut\u00e1n az emberek \u00e9lete egy id\u0151 ut\u00e1n vissza\u00e1ll a norm\u00e1lis ker\u00e9kv\u00e1g\u00e1sba. Azonban a rendelkez\u00e9sre \u00e1ll\u00f3 bizony\u00edt\u00e9kaink alapj\u00e1n ez nem igaz\u201d \u2013 mondta Perger Andr\u00e1s, a Greenpeace energiakamp\u00e1ny-felel\u0151se.<\/p>\n<p>A Greenpeace \u00e1ll\u00e1spontja szerint a fukusimai \u00e9s csernobili atomer\u0151m\u0171-katasztr\u00f3f\u00e1k ut\u00e1n felel\u0151tlens\u00e9g az atomenergi\u00e1ban gondolkodni. Halaszthatatlanul \u00e1t kell \u00e1llni a meg\u00fajul\u00f3 energiaforr\u00e1sok haszn\u00e1lat\u00e1ra, amelyek 2050-re m\u00e1r 100%-ban biztons\u00e1gos \u00e9s tiszta energi\u00e1val tudn\u00e1k fedezni a vil\u00e1g energiasz\u00fcks\u00e9glet\u00e9t. [5]<\/p>\n<p><strong>Jegyzetek:<\/strong><br \/> [1] 15 dolog, amit eddig tal\u00e1n nem tudt\u00e1l Csernobilr\u00f3l:<br \/> <a href=\"http:\/\/greenpeace.blog.hu\/2016\/04\/25\/15_dolog_amit_eddig_talan_nem_tudtal_csernobilrol\">http:\/\/greenpeace.blog.hu\/2016\/04\/25\/15_dolog_amit_eddig_talan_nem_tudtal_csernobilrol<\/a><\/p>\n<p>[2] A Greenpeace Nuclear Scars: The lasting legacy of Chernobyl and Fukushima (Nukle\u00e1ris sebhelyek: Csernobil \u00e9s Fukusima vel\u00fcnk \u00e9l\u0151 \u00f6r\u00f6ks\u00e9ge) (2016) c\u00edm\u0171 leg\u00fajabb tanulm\u00e1nya a fukusimai \u00e9s csernobili nukle\u00e1ris balesetek m\u00e1ig tart\u00f3 hat\u00e1s\u00e1t t\u00e1rja f\u00f6l. A jelent\u00e9s egyar\u00e1nt t\u00e1maszkodik tudom\u00e1nyos kutat\u00e1si eredm\u00e9nyekre, a t\u00fal\u00e9l\u0151k \u00e9let\u00fatj\u00e1nak bemutat\u00e1s\u00e1ra \u00e9s a Greenpeace szak\u00e9rt\u0151i \u00e1ltal Jap\u00e1nban, Ukrajn\u00e1ban \u00e9s Oroszorsz\u00e1gban v\u00e9gzett sug\u00e1rz\u00e1sm\u00e9r\u00e9sekre.<br \/> A tanulm\u00e1ny magyar nyelv\u0171 \u00f6sszefoglal\u00f3ja:<br \/> <a href=\"https:\/\/www.greenpeace.org\/hungary\/hu\/sajtokozpont\/Fukusima-5-Csernobil-30-atom-helyett-forduljunk-a-megujulok-fele\/Nuklearis-sebhelyek-Csernobil-es-Fukusima-velunk-el-hagyateka\/\">http:\/\/www.greenpeace.org\/hungary\/hu\/sajtokozpont\/Fukusima-5-Csernobil-30-atom-helyett-forduljunk-a-megujulok-fele\/Nuklearis-sebhelyek-Csernobil-es-Fukusima-velunk-el-hagyateka\/<\/a><br \/> A teljes tanulm\u00e1ny angol nyelven:<br \/> <a href=\"https:\/\/www.greenpeace.org\/static\/planet4-hungary-stateless\/2018\/10\/0eaa3394-0eaa3394-nuclear_scars.pdf\">http:\/\/www.greenpeace.org\/international\/Global\/international\/publications\/nuclear\/2016\/Nuclear_Scars.pdf<\/a><\/p>\n<p> [3]\u00a0A Greenpeace Radiation Reloaded, Ecological Impacts of the Fukushima Daiichi Nuclear Accident 5 years Later (2016) c\u00edm\u0171 jelent\u00e9se a Fukusima prefekt\u00far\u00e1ban tal\u00e1lhat\u00f3 erd\u0151k, foly\u00f3k, \u00e1rter\u00fcletek, torkolatok radioakt\u00edv szennyezetts\u00e9g\u00e9t vizsg\u00e1lja. <a href=\"https:\/\/www.greenpeace.org\/static\/planet4-hungary-stateless\/2018\/10\/0eaa3394-0eaa3394-nuclear_scars.pdf\">http:\/\/www.greenpeace.org\/japan\/Global\/japan\/pdf\/GPJ-%20Fukushima-Radiation%20Reloaded%20Report.pdf<\/a><br \/> Genetic and Ecological Studies of Animals in Chernobyl and Fukushima:<br \/> <a href=\"http:\/\/jhered.oxfordjournals.org\/content\/105\/5\/704.full\">http:\/\/jhered.oxfordjournals.org\/content\/105\/5\/704.full<\/a><\/p>\n<p>[4] Chernobyl: 30 years later<br \/> <a href=\"https:\/\/www.greenpeace.org\/static\/planet4-hungary-stateless\/2018\/10\/0eaa3394-0eaa3394-nuclear_scars.pdf\">https:\/\/www.greenpeace.org\/static\/planet4-hungary-stateless\/2018\/10\/0eaa3394-0eaa3394-nuclear_scars.pdf<\/a><\/p>\n<p>[5] Az Energia[Forradalom] 2015 tanulm\u00e1ny legfontosabb \u00fczenetei:<br \/> <a href=\"https:\/\/www.greenpeace.org\/hungary\/hu\/sajtokozpont\/100-megujulo-energia-mindenkinek\/EnergiaForradalom-2015\/\">http:\/\/www.greenpeace.org\/hungary\/hu\/sajtokozpont\/100-megujulo-energia-mindenkinek\/EnergiaForradalom-2015\/<\/a><br \/> Az Energia[Forradalom] 2015 c\u00edm\u0171 teljes tanulm\u00e1ny itt \u00e9rhet\u0151 el angolul:<br \/> <a href=\"https:\/\/www.greenpeace.org\/static\/planet4-hungary-stateless\/2018\/10\/0eaa3394-0eaa3394-nuclear_scars.pdf\">http:\/\/www.greenpeace.org\/international\/Global\/international\/publications\/climate\/2015\/Energy-Revolution-2015-Full.pdf<\/a><br \/> A tanulm\u00e1nyr\u00f3l k\u00e9sz\u00fclt 12 oldalas \u00f6sszefoglal\u00f3 (angolul):<br \/> <a href=\"https:\/\/www.greenpeace.org\/static\/planet4-hungary-stateless\/2018\/10\/0eaa3394-0eaa3394-nuclear_scars.pdf\">http:\/\/www.greenpeace.org\/international\/Global\/international\/publications\/climate\/2015\/Energy-Revolution-2015-Summary.pdf<\/a><\/p>\n<\/div>\n","protected":false},"excerpt":{"rendered":"<div>\n\tBudapest, 2016. \u00e1prilis 26. \u2013 A csernobili atomer\u0151m\u0171-baleset 30 \u00e9ve t\u00f6rt\u00e9nt. Hat\u00e1s\u00e1ra 150 000 km\u00b2-nyi f\u00f6ldter\u00fclet v\u00e1lt sug\u00e1rszennyezett\u00e9, ahol 8 milli\u00f3 ember \u00e9lt. \u00c9let\u00fck \u00e9s \u00e9letter\u00fck m\u00e9g hossz\u00fa \u00e9veken \u00e1t mag\u00e1n viseli a katasztr\u00f3fa nyomait: genetikai mut\u00e1ci\u00f3k n\u00f6v\u00e9nyekben, \u00e1llatokban; fogyat\u00e9koss\u00e1g, depresszi\u00f3 \u00e9s r\u00e1kos megbeteged\u00e9sek az emberek eset\u00e9ben. A romok eltakar\u00edt\u00e1s\u00e1ra m\u00e1ig nincs megold\u00e1s. A fukusimai \u00e9s csernobili katasztr\u00f3f\u00e1k \u00f6r\u00f6ks\u00e9g\u00e9vel felel\u0151tlens\u00e9g az atomenergi\u00e1ban gondolkodni. A meg\u00fajul\u00f3 energiarendszerek ki\u00e9p\u00edt\u00e9se az egyetlen k\u00f6rnyezetv\u00e9delmi \u00e9s t\u00e1rsadalmi szempontb\u00f3l is j\u00e1rhat\u00f3 \u00fat.\n<\/div>\n","protected":false},"author":25,"featured_media":0,"comment_status":"closed","ping_status":"open","sticky":false,"template":"","format":"standard","meta":{"ep_exclude_from_search":false,"p4_og_title":"","p4_og_description":"","p4_og_image":"","p4_og_image_id":"","p4_seo_canonical_url":"","p4_campaign_name":"","p4_local_project":"","p4_basket_name":"","p4_department":"","footnotes":""},"categories":[2],"tags":[17,19],"p4-page-type":[37],"class_list":["post-1849","post","type-post","status-publish","format-standard","hentry","category-klima-energia","tag-atomenergia","tag-egeszseg","p4-page-type-sajtokozlemeny"],"_links":{"self":[{"href":"https:\/\/www.greenpeace.org\/hungary\/wp-json\/wp\/v2\/posts\/1849","targetHints":{"allow":["GET"]}}],"collection":[{"href":"https:\/\/www.greenpeace.org\/hungary\/wp-json\/wp\/v2\/posts"}],"about":[{"href":"https:\/\/www.greenpeace.org\/hungary\/wp-json\/wp\/v2\/types\/post"}],"author":[{"embeddable":true,"href":"https:\/\/www.greenpeace.org\/hungary\/wp-json\/wp\/v2\/users\/25"}],"replies":[{"embeddable":true,"href":"https:\/\/www.greenpeace.org\/hungary\/wp-json\/wp\/v2\/comments?post=1849"}],"version-history":[{"count":1,"href":"https:\/\/www.greenpeace.org\/hungary\/wp-json\/wp\/v2\/posts\/1849\/revisions"}],"predecessor-version":[{"id":1854,"href":"https:\/\/www.greenpeace.org\/hungary\/wp-json\/wp\/v2\/posts\/1849\/revisions\/1854"}],"wp:attachment":[{"href":"https:\/\/www.greenpeace.org\/hungary\/wp-json\/wp\/v2\/media?parent=1849"}],"wp:term":[{"taxonomy":"category","embeddable":true,"href":"https:\/\/www.greenpeace.org\/hungary\/wp-json\/wp\/v2\/categories?post=1849"},{"taxonomy":"post_tag","embeddable":true,"href":"https:\/\/www.greenpeace.org\/hungary\/wp-json\/wp\/v2\/tags?post=1849"},{"taxonomy":"p4-page-type","embeddable":true,"href":"https:\/\/www.greenpeace.org\/hungary\/wp-json\/wp\/v2\/p4-page-type?post=1849"}],"curies":[{"name":"wp","href":"https:\/\/api.w.org\/{rel}","templated":true}]}}