{"id":1868,"date":"2016-09-30T00:00:00","date_gmt":"2016-09-29T22:00:00","guid":{"rendered":"https:\/\/www.greenpeace.org\/hungary\/uncategorized\/1868\/az-energiaklub-es-a-greenpeace-megfellebbezi-paks-ii-kornyezetvedelmi-engedelyet\/"},"modified":"2019-11-06T09:41:02","modified_gmt":"2019-11-06T08:41:02","slug":"az-energiaklub-es-a-greenpeace-megfellebbezi-paks-ii-kornyezetvedelmi-engedelyet","status":"publish","type":"post","link":"https:\/\/www.greenpeace.org\/hungary\/sajtokozlemeny\/1868\/az-energiaklub-es-a-greenpeace-megfellebbezi-paks-ii-kornyezetvedelmi-engedelyet\/","title":{"rendered":"Az Energiaklub \u00e9s a Greenpeace megfellebbezi Paks II k\u00f6rnyezetv\u00e9delmi enged\u00e9ly\u00e9t"},"content":{"rendered":"<div class=\"leader\">\n\tBudapest 2016. szeptember 30. \u2013 A  Baranya Megyei Korm\u00e1nyhivatal kiadta a tervezett Paks II projekt k\u00f6rnyezetv\u00e9delmi enged\u00e9ly\u00e9t. A k\u00f6rnyezeti hat\u00e1stanulm\u00e1nyt az Energiaklub \u00e9s a Greenpeace Magyarorsz\u00e1g kor\u00e1bban v\u00e9lem\u00e9nyezte, azt t\u00f6bb ponton hi\u00e1nyosnak \u00e9s hom\u00e1lyosnak tal\u00e1lta. Mivel a megfogalmazott kritik\u00e1kra a most kiadott enged\u00e9ly alapj\u00e1t k\u00e9pez\u0151 hat\u00e1stanulm\u00e1ny nem ad kiel\u00e9g\u00edt\u0151 v\u00e1laszt, a k\u00e9t szervezet fellebbez\u00e9st ny\u00fajt be a m\u00e1sodfok\u00fa hat\u00f3s\u00e1ghoz.\n<\/div>\n<div>\n<div>A tervezett \u00faj paksi atomer\u0151m\u0171 k\u00f6rnyezeti enged\u00e9lyez\u00e9si elj\u00e1r\u00e1sa 2014 decembere \u00f3ta zajlik. Az elj\u00e1r\u00e1sban az Energiaklub \u00e9s a Greenpeace a kezdetek \u00f3ta \u00fcgyfelekk\u00e9nt vesz r\u00e9szt. Az MVM Paks II. Zrt. \u00e1ltal k\u00e9sz\u00edtett \u00e9s beny\u00fajtott hat\u00e1svizsg\u00e1lati dokumentumokat mindk\u00e9t szervezet a hat\u00f3s\u00e1gnak elk\u00fcld\u00f6tt elemz\u00e9sben \u00e9rt\u00e9kelte. [1, 2] A vonatkoz\u00f3 jogszab\u00e1ly \u00e9rtelm\u00e9ben ezeket a hat\u00f3s\u00e1gnak figyelembe kell vennie az enged\u00e9lyez\u00e9si elj\u00e1r\u00e1s sor\u00e1n.<\/p>\n<p> 2016. szeptember 29-\u00e9n a Baranya Megyei Korm\u00e1nyhivatal hat\u00e1rozatban kiadta Paks II k\u00f6rnyezetv\u00e9delmi enged\u00e9ly\u00e9t. Az \u00edgy elfogadott k\u00f6rnyezeti hat\u00e1stanulm\u00e1ny azonban sz\u00e1mos kulcsk\u00e9rd\u00e9st tov\u00e1bbra sem tiszt\u00e1z, valamint sz\u00e1mos helyen megalapozatlan. Ez\u00e9rt az Energiaklub \u00e9s a Greenpeace \u00e9lni fog a rendelkez\u00e9s\u00e9re \u00e1ll\u00f3 jogi lehet\u0151s\u00e9gekkel.<\/p>\n<p> <em>\u201eAz a c\u00e9lunk, hogy alapos \u00e9s mindenki sz\u00e1m\u00e1ra megnyugtat\u00f3 v\u00e1laszokat kapjunk a k\u00f6rnyezeti hat\u00e1stanulm\u00e1nnyal kapcsolatban feltett k\u00e9rd\u00e9seinkre. Tov\u00e1bbra is meg vagyunk gy\u0151z\u0151dve arr\u00f3l, hogy Paks II szennyez\u0151, vesz\u00e9lyes \u00e9s dr\u00e1ga; \u00e9s hogy Magyarorsz\u00e1g sz\u00e1m\u00e1ra mind k\u00f6rnyezetv\u00e9delmi, mind gazdas\u00e1gi, mind t\u00e1rsadalmi szempontb\u00f3l zs\u00e1kutca az atomer\u0151m\u0171 tervezett b\u0151v\u00edt\u00e9se\u201d<\/em> \u2013 mondta Korit\u00e1r Zsuzsanna, az Energiaklub energiapolitikai szak\u00e9rt\u0151je.<\/div>\n<div><strong>Jegyzetek:<\/strong><\/div>\n<p>[1] A Greenpeace \u00e9rt\u00e9kel\u00e9se Paks II k\u00f6rnyezeti hat\u00e1stanulm\u00e1ny\u00e1r\u00f3l:<br class=\"m_2205309082082562430kix-line-break\"><a href=\"https:\/\/www.greenpeace.org\/static\/planet4-hungary-stateless\/2018\/10\/37c0a0ac-37c0a0ac-paksii-kht-ertekelese_greenpeace.pdf\"><span style=\"text-decoration: underline;\">https:\/\/www.greenpeace.org\/static\/planet4-hungary-stateless\/2018\/10\/37c0a0ac-37c0a0ac-paksii-kht-ertekelese_greenpeace.pdf<\/span><\/a><\/p>\n<p>[2] Az Energiaklub v\u00e9lem\u00e9nye Paks II k\u00f6rnyezeti hat\u00e1stanulm\u00e1ny\u00e1r\u00f3l: <a href=\"https:\/\/www.greenpeace.org\/static\/planet4-hungary-stateless\/2018\/10\/37c0a0ac-37c0a0ac-paksii-kht-ertekelese_greenpeace.pdf\"><span style=\"text-decoration: underline;\">https:\/\/www.greenpeace.org\/static\/planet4-hungary-stateless\/2018\/10\/37c0a0ac-37c0a0ac-paksii-kht-ertekelese_greenpeace.pdf<\/span><\/a><br \/>\n<strong>Kor\u00e1bbi sajt\u00f3k\u00f6zlem\u00e9nyeink a t\u00e9m\u00e1ban:<\/strong><\/p>\n<ul>\n<li dir=\"ltr\">Paks II k\u00f6rnyezetv\u00e9delmi enged\u00e9lyez\u00e9s\u00e9nek felf\u00fcggeszt\u00e9s\u00e9t k\u00e9ri a Greenpeace <a href=\"https:\/\/www.greenpeace.org\/hungary\/hu\/sajtokozpont\/Paks-II-kornyezetvedelmi-engedelyezesenek-felfuggeszteset-keri-a-Greenpeace\/\"><span style=\"text-decoration: underline;\">http:\/\/www.greenpeace.org\/hungary\/hu\/sajtokozpont\/Paks-II-kornyezetvedelmi-engedelyezesenek-felfuggeszteset-keri-a-Greenpeace\/<\/span><\/a><\/li>\n<li dir=\"ltr\">A Greenpeace \u00e9rt\u00e9kel\u00e9se Paks II k\u00f6rnyezeti hat\u00e1stanulm\u00e1ny\u00e1r\u00f3l <a href=\"https:\/\/www.greenpeace.org\/hungary\/hu\/hirek\/publikaciok\/A-Greenpeace-ertekelese-Paks-II-kornyezeti-hatastanulmanyarol\/\"><span style=\"text-decoration: underline;\">http:\/\/www.greenpeace.org\/hungary\/hu\/hirek\/publikaciok\/A-Greenpeace-ertekelese-Paks-II-kornyezeti-hatastanulmanyarol\/<\/span><\/a><\/li>\n<li dir=\"ltr\">Az Energiaklub \u00e9rt\u00e9kel\u00e9se Paks II k\u00f6rnyezeti hat\u00e1stanulm\u00e1ny\u00e1r\u00f3l <a href=\"http:\/\/www.pakskontroll.hu\/hu\/paks-ii-kornyezeti-hatastanulmanya-hianyos-es-megalapozatlan\"><span style=\"text-decoration: underline;\">http:\/\/www.pakskontroll.hu\/hu\/paks-ii-kornyezeti-hatastanulmanya-hianyos-es-megalapozatlan<\/span><\/a><\/li>\n<li dir=\"ltr\">A Greenpeace r\u00e9szv\u00e9tele a paksi k\u00f6zmeghallgat\u00e1son <a href=\"https:\/\/www.greenpeace.org\/hungary\/hu\/sajtokozpont\/Kozelhallgatas-Pakson\/\"><span style=\"text-decoration: underline;\">http:\/\/www.greenpeace.org\/hungary\/hu\/sajtokozpont\/Kozelhallgatas-Pakson\/<\/span><\/a><\/li>\n<\/ul>\n<p>\u00a0<\/p>\n<\/div>\n","protected":false},"excerpt":{"rendered":"<div>\n\tBudapest 2016. szeptember 30. \u2013 A  Baranya Megyei Korm\u00e1nyhivatal kiadta a tervezett Paks II projekt k\u00f6rnyezetv\u00e9delmi enged\u00e9ly\u00e9t. A k\u00f6rnyezeti hat\u00e1stanulm\u00e1nyt az Energiaklub \u00e9s a Greenpeace Magyarorsz\u00e1g kor\u00e1bban v\u00e9lem\u00e9nyezte, azt t\u00f6bb ponton hi\u00e1nyosnak \u00e9s hom\u00e1lyosnak tal\u00e1lta. Mivel a megfogalmazott kritik\u00e1kra a most kiadott enged\u00e9ly alapj\u00e1t k\u00e9pez\u0151 hat\u00e1stanulm\u00e1ny nem ad kiel\u00e9g\u00edt\u0151 v\u00e1laszt, a k\u00e9t szervezet fellebbez\u00e9st ny\u00fajt be a m\u00e1sodfok\u00fa hat\u00f3s\u00e1ghoz.\n<\/div>\n","protected":false},"author":25,"featured_media":0,"comment_status":"closed","ping_status":"open","sticky":false,"template":"","format":"standard","meta":{"ep_exclude_from_search":false,"p4_og_title":"","p4_og_description":"","p4_og_image":"","p4_og_image_id":"","p4_seo_canonical_url":"","p4_campaign_name":"","p4_local_project":"","p4_basket_name":"","p4_department":"","footnotes":""},"categories":[2],"tags":[17],"p4-page-type":[37],"class_list":["post-1868","post","type-post","status-publish","format-standard","hentry","category-klima-energia","tag-atomenergia","p4-page-type-sajtokozlemeny"],"_links":{"self":[{"href":"https:\/\/www.greenpeace.org\/hungary\/wp-json\/wp\/v2\/posts\/1868","targetHints":{"allow":["GET"]}}],"collection":[{"href":"https:\/\/www.greenpeace.org\/hungary\/wp-json\/wp\/v2\/posts"}],"about":[{"href":"https:\/\/www.greenpeace.org\/hungary\/wp-json\/wp\/v2\/types\/post"}],"author":[{"embeddable":true,"href":"https:\/\/www.greenpeace.org\/hungary\/wp-json\/wp\/v2\/users\/25"}],"replies":[{"embeddable":true,"href":"https:\/\/www.greenpeace.org\/hungary\/wp-json\/wp\/v2\/comments?post=1868"}],"version-history":[{"count":1,"href":"https:\/\/www.greenpeace.org\/hungary\/wp-json\/wp\/v2\/posts\/1868\/revisions"}],"predecessor-version":[{"id":1871,"href":"https:\/\/www.greenpeace.org\/hungary\/wp-json\/wp\/v2\/posts\/1868\/revisions\/1871"}],"wp:attachment":[{"href":"https:\/\/www.greenpeace.org\/hungary\/wp-json\/wp\/v2\/media?parent=1868"}],"wp:term":[{"taxonomy":"category","embeddable":true,"href":"https:\/\/www.greenpeace.org\/hungary\/wp-json\/wp\/v2\/categories?post=1868"},{"taxonomy":"post_tag","embeddable":true,"href":"https:\/\/www.greenpeace.org\/hungary\/wp-json\/wp\/v2\/tags?post=1868"},{"taxonomy":"p4-page-type","embeddable":true,"href":"https:\/\/www.greenpeace.org\/hungary\/wp-json\/wp\/v2\/p4-page-type?post=1868"}],"curies":[{"name":"wp","href":"https:\/\/api.w.org\/{rel}","templated":true}]}}