{"id":2075,"date":"2012-05-11T00:00:00","date_gmt":"2012-05-10T22:00:00","guid":{"rendered":"https:\/\/www.greenpeace.org\/hungary\/blog\/2075\/almasfuzito-a-tatai-zrt-a-greenpeace-hazugsaganak-titulalja-az-mta-nem-cafolt-megallapitasait\/"},"modified":"2019-11-06T09:42:00","modified_gmt":"2019-11-06T08:42:00","slug":"almasfuzito-a-tatai-zrt-a-greenpeace-hazugsaganak-titulalja-az-mta-nem-cafolt-megallapitasait","status":"publish","type":"post","link":"https:\/\/www.greenpeace.org\/hungary\/sajtokozlemeny\/2075\/almasfuzito-a-tatai-zrt-a-greenpeace-hazugsaganak-titulalja-az-mta-nem-cafolt-megallapitasait\/","title":{"rendered":"Alm\u00e1sf\u00fczit\u0151: A Tatai Zrt. a Greenpeace hazugs\u00e1g\u00e1nak titul\u00e1lja az MTA nem c\u00e1folt meg\u00e1llap\u00edt\u00e1sait"},"content":{"rendered":"<div class=\"leader\">\n<\/div>\n<div>\n<p><strong>Az alm\u00e1sf\u00fczit\u0151i v\u00f6r\u00f6siszap-t\u00e1roz\u00f3n a <a href=\"https:\/\/www.greenpeace.org\/static\/planet4-hungary-stateless\/2018\/10\/9f18c6fb-9f18c6fb-1326899224bandi_velemeny_120114_tisztazott.pdf\">jog\u00e1sz szak\u00e9rt\u0151k szerint<\/a> jogs\u00e9rt\u0151 m\u00f3don tev\u00e9kenyked\u0151 Tatai Zrt. k\u00f6zlem\u00e9ny\u00e9ben az MTA \u00e1ll\u00edt\u00e1sait a Greenpeace hazugs\u00e1gainak min\u0151s\u00edtette. A Magyar Tudom\u00e1nyos Akad\u00e9mia F\u00f6ldrajztudom\u00e1nyi Int\u00e9zet\u00e9nek tanulm\u00e1nya a vesz\u00e9lyes hullad\u00e9kkal betakart alm\u00e1sf\u00fczit\u0151i t\u00e1roz\u00f3 gyenge \u00e9s vesz\u00e9lyt jelent\u0151 pontjait vizsg\u00e1lta \u2013 amit a<a href=\"https:\/\/www.greenpeace.org\/hungary\/hu\/sajtokozpont\/A-Magyar-Tudomanyos-Akademia-szerint-is-sulyos-veszelyt-jelentenek-az-almasufuzitoi-tarozok\/\"> z\u00f6ld szervezet sajt\u00f3anyag\u00e1ban<\/a>\u00a0sz\u00f3 szerint t\u00e1rt a nyilv\u00e1noss\u00e1g el\u00e9.<\/strong><\/p>\n<p>\u201eSzezon \u00e9s fazon\u201d \u2013 mondta erre Vay M\u00e1rton, a Greenpeace sz\u00f3viv\u0151je. Vay hozz\u00e1tette: \u201e\u00c9rthet\u0151, hogy az egyenes \u00e9s igaz besz\u00e9d csak k\u00e1r\u00e1ra volna egy olyan c\u00e9gnek, amelyik a hat\u00f3s\u00e1gok t\u00e1mogat\u00e1s\u00e1val az orsz\u00e1g egyik legnagyobb toxikus vesz\u00e9lyforr\u00e1s\u00e1t hordta \u00f6ssze Budapest iv\u00f3v\u00edzb\u00e1zisa f\u00f6l\u00f6tt. De akkor legal\u00e1bb hallgassanak, \u00e9s ne nevezz\u00e9k az Tudom\u00e1nyos Akad\u00e9mia meg nem c\u00e1folt \u00e1ll\u00edt\u00e1sait a Greenpeace hazugs\u00e1gainak.\u201d<\/p>\n<p>Az MTA s\u00e9relmezte, hogy a Greenpeace a sz\u00f6vegk\u00f6rnyezetb\u0151l kiemelve adta k\u00f6zre a k\u00f6nyvben szerepl\u0151 \u00e1ll\u00edt\u00e1sokat.<\/p>\n<blockquote>\n<p><em>\u201eI-VI. t\u00e1roz\u00f3k anyag\u00e1t v\u00edzszigetel\u00e9s kialak\u00edt\u00e1sa n\u00e9lk\u00fcl rakt\u00e1k le. A megfelel\u0151 m\u0171szaki v\u00e9delem n\u00e9lk\u00fcl \u00e9p\u00fclt lerak\u00f3kb\u00f3l a szennyezett vizek komolyabb akad\u00e1ly n\u00e9lk\u00fcl keverednek a talajv\u00edzzel \u00e9s jutnak a Dun\u00e1ba.\u201d<\/em><\/p>\n<p><em>\u201eT\u00f6bb \u00e9vtizedes megfigyel\u00e9seink sor\u00e1n gyakorta \u00e9szlelt\u00fcnk ezeken a szakaszokon t\u00f6bb t\u00edzm\u00e9teres cs\u00fasz\u00e1sokat, rogy\u00e1sokat.\u201d<\/em><\/p>\n<p><em>\u201eA k\u00fcl\u00f6nb\u00f6z\u0151 \u00e1rt\u00e9ri \u00fcled\u00e9kekb\u0151l fel\u00e9p\u00fcl\u0151 felsz\u00edn, a t\u00e1roz\u00f3k \u00e1t\u00e1z\u00f3 g\u00e1tjai \u00e9s a felsz\u00edn k\u00f6zeli talajv\u00edzt\u0151l \u00e9s az \u00e1rvizekt\u0151l k\u00e9pl\u00e9kenny\u00e9 v\u00e1l\u00f3 v\u00f6r\u00f6siszap vesz\u00e9lyeket hordozhat mag\u00e1ban a t\u00e1roz\u00f3k g\u00e1tjainak \u00e1ll\u00e9konys\u00e1g\u00e1ra n\u00e9zve.\u201d\u00a0<\/em><\/p>\n<p><em>\u201eA Kom\u00e1rom-M\u00f3ri \u00f6vezet Magyarorsz\u00e1g legink\u00e1bb f\u00f6ldreng\u00e9svesz\u00e9lyes ter\u00fclete.\u201d<\/em><\/p>\n<p><em>\u201eA hetes sz\u00e1m\u00fa t\u00e1roz\u00f3ban a hullad\u00e9kok kever\u00e9s n\u00f6veli \u00e9s kisz\u00e1m\u00edthatatlanabb\u00e1 teszi a hullad\u00e9klerak\u00f3 szennyez\u0151 hat\u00e1s\u00e1t \u00e9s megnehez\u00edti a v\u00f6r\u00f6siszap esetleges k\u00e9s\u0151bbi ipari nyersanyagk\u00e9nt val\u00f3 hasznos\u00edt\u00e1s\u00e1t.\u201d<\/em><\/p>\n<p><em>\u201eAz emberi hanyags\u00e1g vagy term\u00e9szeti katasztr\u00f3fa (f\u00f6ldreng\u00e9s, puszt\u00edt\u00f3 \u00e1rv\u00edz) komoly k\u00f6rnyezeti katasztr\u00f3f\u00e1hoz vezetne. Egy nagyobb baleseti esem\u00e9ny sor\u00e1n a foly\u00f3ba jut\u00f3 v\u00f6r\u00f6siszappal szennyezett vizek jelent\u0151s puszt\u00edt\u00e1st okozhatnak a foly\u00f3 \u00e9l\u0151vil\u00e1g\u00e1ban, \u00e9s nagy t\u00e1vols\u00e1gra eljut\u00f3 lebeg\u0151anyagok a foly\u00f3parti telep\u00fcl\u00e9sek iv\u00f3v\u00edzb\u00e1zis\u00e1t is elszennyezhetik.\u201d<\/em><\/p>\n<p>A fenti sorok szerepelnek az <a href=\"http:\/\/issuu.com\/greenpeacehu\/docs\/katasztrofak_tanulsagai_almasfuzito\/1\">MTA tanulm\u00e1nyban<\/a>.<\/p>\n<\/blockquote>\n<p>A Greenpeace ezekb\u0151l k\u00e9t k\u00f6vetkeztet\u00e9st vont le: egyr\u00e9szt, hogy az MTA szerint is s\u00falyos vesz\u00e9lyt jelentenek az alm\u00e1sf\u00fczit\u0151i t\u00e1roz\u00f3k m\u00e1sr\u00e9szt, hogy a f\u00f6ldreng\u00e9svesz\u00e9lyes ter\u00fcleten \u00e1ll\u00f3 g\u00e1tak megb\u00edzhatatlanok.\u00a0<\/p>\n<p>Vay M\u00e1rton a Greenpeace sz\u00f3viv\u0151je szerint \u201emindenkinek lehet\u0151s\u00e9ge d\u00f6nteni: val\u00f3ban elt\u00e9r\u0151 \u00e9rtelmez\u00e9s volt-e a Greenpeace r\u00e9sz\u00e9r\u0151l az Akad\u00e9mia jelent\u00e9s\u00e9b\u0151l a fenti k\u00f6vetkeztet\u00e9sek levon\u00e1sa. Az azonban k\u00fcl\u00f6n\u00f6sen szemet sz\u00far, hogy az MTA-nak arra egy szava sem volt, hogy az alm\u00e1sf\u00fczit\u0151i c\u00e9g az Int\u00e9zet tudom\u00e1nyos eredm\u00e9nyeit Greenpeace-sz\u00e1j\u00e1ba adva, hazugs\u00e1g v\u00e1dj\u00e1val pr\u00f3b\u00e1lta hiteltelen\u00edteni.\u201d<\/p>\n<p>A Tatai Zrt. szerint Anton Attila [1] c\u00e1folta a Greenpeace (val\u00f3j\u00e1ban: az MTA) tanulm\u00e1ny\u00e1t, holott Anton csup\u00e1n a vitatott komposzt\u00e1l\u00e1ssal foglalkozik, m\u00edg a Tudom\u00e1nyos Akad\u00e9mia id\u00e9zett meg\u00e1llap\u00edt\u00e1sai 90%-ban a t\u00e1roz\u00f3k t\u00f6bbf\u00e9le sziv\u00e1rg\u00e1si m\u00f3dj\u00e1val \u00e9s a g\u00e1tak sz\u00e1mos gyenges\u00e9g\u00e9vel foglalkoztak.\u00a0&#8220;<\/p>\n<p>Simon Gergely a Greenpeace vegyi anyag szak\u00e9rt\u0151j\u00e9nek elmond\u00e1sa szerint sem a c\u00e9g, sem a Fel\u00fcgyel\u0151s\u00e9g a mai napig semmi olyan bizony\u00edt\u00e9kot nem mutatott be, ami c\u00e1foln\u00e1 ak\u00e1r a Greenpeace \u00e1ltal kor\u00e1bban bemutatott adatokat, vagy az MTA FKI m\u00e9r\u00e9seit, kutat\u00e1sait.\u201d [2]<\/p>\n<p class=\"western\"><span style=\"font-size: x-small;\"><strong>Jegyzet:<\/strong><\/span><\/p>\n<p class=\"western\"><span style=\"font-size: x-small;\">[1] <a href=\"https:\/\/www.greenpeace.org\/static\/planet4-hungary-stateless\/2018\/10\/9f18c6fb-9f18c6fb-1326899224bandi_velemeny_120114_tisztazott.pdf\">https:\/\/www.greenpeace.org\/static\/planet4-hungary-stateless\/2018\/10\/9f18c6fb-9f18c6fb-1326899224bandi_velemeny_120114_tisztazott.pdf<\/a><\/span><\/p>\n<p class=\"western\"><em><span style=\"font-size: x-small;\"><span>[2] <\/span><\/span><\/em><span style=\"font-size: x-small;\">Az MTA Tanulm\u00e1nya csup\u00e1n egy mondatban \u00e1ll szemben a c\u00e9g \u00e1ltal id\u00e9zett tanulm\u00e1nnyal, \u00e1m az sem c\u00e1folja, csup\u00e1n vitatja az MTA meg\u00e1llap\u00edt\u00e1sait: \u201e<\/span><em><span style=\"font-size: x-small;\">A hetes sz\u00e1m\u00fa t\u00e1roz\u00f3ban a <\/span><\/em><span style=\"font-size: x-small;\"><em>hullad\u00e9kok kever\u00e9s n\u00f6veli \u00e9s kisz\u00e1m\u00edthatatlanabb\u00e1 teszi a hullad\u00e9klerak\u00f3 szennyez\u0151 hat\u00e1s\u00e1t <\/em><\/span><em><span style=\"font-size: x-small;\">\u00e9s<\/span><\/em><span style=\"font-size: x-small;\"><em> <\/em><\/span><em><span style=\"font-size: x-small;\">megnehez\u00edti a v\u00f6r\u00f6siszap esetleges k\u00e9s\u0151bbi ipari nyersanyagk\u00e9nt val\u00f3 hasznos\u00edt\u00e1s\u00e1t\u201d<\/span><\/em><em><span style=\"font-size: x-small;\"><span>, m\u00edg a c\u00e9g \u00e9s a fel\u00fcgyel\u0151s\u00e9g tanulm\u00e1nyai szerint cs\u00f6kkenti a szennyez\u00e9st a komposzt\u00e1l\u00e1s \u00e9s a mesters\u00e9ges talajk\u00e9pz\u00e9s, amennyiben nem ker\u00fclnek bele bizonyos toxikus elemek.\u00a0<\/span><\/span><\/em><\/p>\n<\/div>\n","protected":false},"excerpt":{"rendered":"<div>\n<\/div>\n","protected":false},"author":25,"featured_media":0,"comment_status":"closed","ping_status":"open","sticky":false,"template":"","format":"standard","meta":{"ep_exclude_from_search":false,"p4_og_title":"","p4_og_description":"","p4_og_image":"","p4_og_image_id":"","p4_seo_canonical_url":"","p4_campaign_name":"","p4_local_project":"","p4_basket_name":"","p4_department":"","footnotes":""},"categories":[3],"tags":[24,19],"p4-page-type":[37],"class_list":["post-2075","post","type-post","status-publish","format-standard","hentry","category-termeszet-kornyezet","tag-szennyezes","tag-egeszseg","p4-page-type-sajtokozlemeny"],"_links":{"self":[{"href":"https:\/\/www.greenpeace.org\/hungary\/wp-json\/wp\/v2\/posts\/2075","targetHints":{"allow":["GET"]}}],"collection":[{"href":"https:\/\/www.greenpeace.org\/hungary\/wp-json\/wp\/v2\/posts"}],"about":[{"href":"https:\/\/www.greenpeace.org\/hungary\/wp-json\/wp\/v2\/types\/post"}],"author":[{"embeddable":true,"href":"https:\/\/www.greenpeace.org\/hungary\/wp-json\/wp\/v2\/users\/25"}],"replies":[{"embeddable":true,"href":"https:\/\/www.greenpeace.org\/hungary\/wp-json\/wp\/v2\/comments?post=2075"}],"version-history":[{"count":5,"href":"https:\/\/www.greenpeace.org\/hungary\/wp-json\/wp\/v2\/posts\/2075\/revisions"}],"predecessor-version":[{"id":2100,"href":"https:\/\/www.greenpeace.org\/hungary\/wp-json\/wp\/v2\/posts\/2075\/revisions\/2100"}],"wp:attachment":[{"href":"https:\/\/www.greenpeace.org\/hungary\/wp-json\/wp\/v2\/media?parent=2075"}],"wp:term":[{"taxonomy":"category","embeddable":true,"href":"https:\/\/www.greenpeace.org\/hungary\/wp-json\/wp\/v2\/categories?post=2075"},{"taxonomy":"post_tag","embeddable":true,"href":"https:\/\/www.greenpeace.org\/hungary\/wp-json\/wp\/v2\/tags?post=2075"},{"taxonomy":"p4-page-type","embeddable":true,"href":"https:\/\/www.greenpeace.org\/hungary\/wp-json\/wp\/v2\/p4-page-type?post=2075"}],"curies":[{"name":"wp","href":"https:\/\/api.w.org\/{rel}","templated":true}]}}