{"id":2217,"date":"2012-12-14T00:00:00","date_gmt":"2012-12-13T22:00:00","guid":{"rendered":"https:\/\/www.greenpeace.org\/hungary\/blog\/2217\/a-levis-beadta-a-derekat\/"},"modified":"2019-11-06T09:41:58","modified_gmt":"2019-11-06T08:41:58","slug":"a-levis-beadta-a-derekat","status":"publish","type":"post","link":"https:\/\/www.greenpeace.org\/hungary\/sajtokozlemeny\/2217\/a-levis-beadta-a-derekat\/","title":{"rendered":"A Levi&#8217;s beadta a derek\u00e1t"},"content":{"rendered":"<h2>\u00dajabb gy\u0151zelem a Detox kamp\u00e1nyunkban<\/h2>\n<\/p>\n<div class=\"leader\">\n\tAmszterdam &#8211; Budapest, 2012. december 14. &#8211; A vil\u00e1g legnagyobb farmergy\u00e1rt\u00f3 c\u00e9ge bejelentette, hogy engedve a Greenpeace \u00e9s 210,000 ember k\u00e9r\u00e9s\u00e9nek 2020-ig teljesen kivonja a k\u00e1ros anyagokat a ruhagy\u00e1rt\u00e1s\u00e1b\u00f3l. D\u00f6nt\u00e9s\u00e9vel a Levi\u2019s a 11. nagy c\u00e9gk\u00e9nt csatlakozott a Greenpeace 2011-ben megkezdett Detox kamp\u00e1nyhoz.<\/p>\n<\/div>\n<div>\n<p>A Levi\u2019s a 40 legnagyobb besz\u00e1ll\u00edt\u00f3j\u00e1t\u00f3l m\u00e1r 2013-ban megk\u00f6veteli, hogy pontos adatokat adjon meg a szennyez\u00e9s kibocs\u00e1t\u00e1sair\u00f3l. A Greenpeace december 5-\u00e9n mutatta be a tanulm\u00e1ny\u00e1t a nagy divatc\u00e9gek, t\u00f6bbek k\u00f6z\u00f6tt a Levi\u2019s szennyez\u00e9seir\u0151l (1). Az\u00f3ta vil\u00e1gszerte 210,000 ember csatlakozott a Detox kamp\u00e1nyhoz, \u00e9s k\u00e9rte a Levi\u2019s-t, hogy vonja ki a m\u00e9rgeket a gy\u00e1rt\u00e1s\u00e1i folyamat\u00e1b\u00f3l. Mindek\u00f6zben a vil\u00e1g t\u00f6bb mint 80 v\u00e1ros\u00e1ban tiltakoztak Greenpeace-aktivist\u00e1k a Levi\u2019s m\u00e9reg haszn\u00e1lata ellen. Magyarorsz\u00e1gon egy \u00f3ri\u00e1si graffiti k\u00e9sz\u00fclt, amely a ruhaipar, a Levi\u2019s, szennyez\u00e9s\u00e9t illusztr\u00e1lja (2).<\/p>\n<p>A Levi\u2019s a v\u00e1llal\u00e1saival (3) az egyik legz\u00f6ldebb c\u00e9gg\u00e9 v\u00e1lt, t\u00f6bbek k\u00f6z\u00f6tt p\u00e9ld\u00e1ul deklar\u00e1lta, hogy 2015-re teljesen kivonja a legvesz\u00e9lyesebbnek sz\u00e1m\u00edt\u00f3 m\u00e9rgez\u0151 PFC-ket (perfl\u00farozott sz\u00e9nhidrog\u00e9nek), majd 2020-ig minden tov\u00e1bbi k\u00e1ros anyagot a gy\u00e1rt\u00e1si folyamat\u00e1b\u00f3l.<\/p>\n<p>V\u00c9GE<\/p>\n<p>Jegyzetek:<br \/>1. A \u201cToxic Threads: Under Wraps\u201d jelent\u00e9s: (www.greenpeace.org\/international\/under-wraps)<br \/>2. F\u00e9nyk\u00e9p a graffitir\u0151l: (https:\/\/www.facebook.com\/media\/set\/?set=a.10151270862353349.492267.35634348348&amp;type=3)<br \/>3. A Levi\u2019s \u201cZero Discharge\u201d v\u00e1llal\u00e1sa: (http:\/\/levistrauss.com\/sites\/levistrauss.com\/files\/librarydocument\/2012\/12\/levi-strauss-greenpeace-detox-solution-commitment-12-dec-2012.pdf)<\/p>\n<\/div>\n","protected":false},"excerpt":{"rendered":"<div>\n\tAmszterdam &#8211; Budapest, 2012. december 14. &#8211; A vil\u00e1g legnagyobb farmergy\u00e1rt\u00f3 c\u00e9ge bejelentette, hogy engedve a Greenpeace \u00e9s 210,000 ember k\u00e9r\u00e9s\u00e9nek 2020-ig teljesen kivonja a k\u00e1ros anyagokat a ruhagy\u00e1rt\u00e1s\u00e1b\u00f3l. D\u00f6nt\u00e9s\u00e9vel a Levi\u2019s a 11. nagy c\u00e9gk\u00e9nt csatlakozott a Greenpeace 2011-ben megkezdett Detox kamp\u00e1nyhoz.<\/p>\n<\/div>\n","protected":false},"author":25,"featured_media":0,"comment_status":"closed","ping_status":"open","sticky":false,"template":"","format":"standard","meta":{"ep_exclude_from_search":false,"p4_og_title":"","p4_og_description":"","p4_og_image":"","p4_og_image_id":"","p4_seo_canonical_url":"","p4_campaign_name":"","p4_local_project":"","p4_basket_name":"","p4_department":"","footnotes":""},"categories":[4],"tags":[8,19,24],"p4-page-type":[37],"class_list":["post-2217","post","type-post","status-publish","format-standard","hentry","category-ember-tarsadalom","tag-fogyasztas","tag-egeszseg","tag-szennyezes","p4-page-type-sajtokozlemeny"],"_links":{"self":[{"href":"https:\/\/www.greenpeace.org\/hungary\/wp-json\/wp\/v2\/posts\/2217","targetHints":{"allow":["GET"]}}],"collection":[{"href":"https:\/\/www.greenpeace.org\/hungary\/wp-json\/wp\/v2\/posts"}],"about":[{"href":"https:\/\/www.greenpeace.org\/hungary\/wp-json\/wp\/v2\/types\/post"}],"author":[{"embeddable":true,"href":"https:\/\/www.greenpeace.org\/hungary\/wp-json\/wp\/v2\/users\/25"}],"replies":[{"embeddable":true,"href":"https:\/\/www.greenpeace.org\/hungary\/wp-json\/wp\/v2\/comments?post=2217"}],"version-history":[{"count":1,"href":"https:\/\/www.greenpeace.org\/hungary\/wp-json\/wp\/v2\/posts\/2217\/revisions"}],"predecessor-version":[{"id":2218,"href":"https:\/\/www.greenpeace.org\/hungary\/wp-json\/wp\/v2\/posts\/2217\/revisions\/2218"}],"wp:attachment":[{"href":"https:\/\/www.greenpeace.org\/hungary\/wp-json\/wp\/v2\/media?parent=2217"}],"wp:term":[{"taxonomy":"category","embeddable":true,"href":"https:\/\/www.greenpeace.org\/hungary\/wp-json\/wp\/v2\/categories?post=2217"},{"taxonomy":"post_tag","embeddable":true,"href":"https:\/\/www.greenpeace.org\/hungary\/wp-json\/wp\/v2\/tags?post=2217"},{"taxonomy":"p4-page-type","embeddable":true,"href":"https:\/\/www.greenpeace.org\/hungary\/wp-json\/wp\/v2\/p4-page-type?post=2217"}],"curies":[{"name":"wp","href":"https:\/\/api.w.org\/{rel}","templated":true}]}}