{"id":2330,"date":"2018-05-17T00:00:00","date_gmt":"2018-05-16T22:00:00","guid":{"rendered":"https:\/\/www.greenpeace.org\/hungary\/blog\/2330\/10-ev-alatt-nem-sikerult-erdemben-javulast-elernunk-evente-meg-mindig-tobb-mint-tizezer-magyar-hal-meg-a-rossz-levegominoseg-miatt\/"},"modified":"2023-11-07T09:55:43","modified_gmt":"2023-11-07T08:55:43","slug":"10-ev-alatt-nem-sikerult-erdemben-javulast-elernunk-evente-meg-mindig-tobb-mint-tizezer-magyar-hal-meg-a-rossz-levegominoseg-miatt","status":"publish","type":"post","link":"https:\/\/www.greenpeace.org\/hungary\/sajtokozlemeny\/2330\/10-ev-alatt-nem-sikerult-erdemben-javulast-elernunk-evente-meg-mindig-tobb-mint-tizezer-magyar-hal-meg-a-rossz-levegominoseg-miatt\/","title":{"rendered":"A s\u00falyos hazai l\u00e9gszennyezetts\u00e9g \u00fcgye m\u00e1r az Eur\u00f3pai B\u00edr\u00f3s\u00e1gon"},"content":{"rendered":"<h2>10 \u00e9v alatt nem siker\u00fclt \u00e9rdemben javul\u00e1st el\u00e9rn\u00fcnk: \u00e9vente m\u00e9g mindig t\u00f6bb mint t\u00edzezer magyar hal meg a rossz leveg\u0151min\u0151s\u00e9g miatt<\/h2>\n<p><strong>Budapest, 2018. m\u00e1jus 17. \u2013 A s\u00falyos l\u00e9gszennyezetts\u00e9g miatt per indul az Eur\u00f3pai B\u00edr\u00f3s\u00e1gon hat orsz\u00e1g \u2013 k\u00f6zt\u00fck Magyarorsz\u00e1g \u2013 korm\u00e1nya ellen. [1] Az Eur\u00f3pai Bizotts\u00e1g az\u00e9rt kezdem\u00e9nyezte az elj\u00e1r\u00e1st, mert nem l\u00e1t kell\u0151 garanci\u00e1kat arra, hogy a magyar korm\u00e1ny \u00e1ltal beny\u00fajtott int\u00e9zked\u00e9si terv val\u00f3ban hat\u00e9konyan tudja cs\u00f6kkenteni a leveg\u0151 szennyezetts\u00e9g\u00e9t, k\u00fcl\u00f6n\u00f6sen a sz\u00e1ll\u00f3 por (PM\u2081\u2080) hat\u00e1r\u00e9rt\u00e9k feletti mennyis\u00e9g\u00e9t. A Greenpeace Magyarorsz\u00e1g a lakoss\u00e1g eg\u00e9szs\u00e9g\u00e9nek v\u00e9delm\u00e9ben azt v\u00e1rja a korm\u00e1nyt\u00f3l: tilts\u00e1k be itthon a s\u00falyosan eg\u00e9szs\u00e9gk\u00e1ros\u00edt\u00f3 lignit lakoss\u00e1gi haszn\u00e1lat\u00e1t, valamint l\u00e9pjenek fel az illeg\u00e1lis hullad\u00e9k\u00e9get\u00e9s ellen, \u00e9s korl\u00e1tozz\u00e1k a szennyez\u0151 d\u00edzelj\u00e1rm\u0171vek haszn\u00e1lat\u00e1t; telep\u00fcl\u00e9si szinten pedig jel\u00f6ljenek ki z\u00f6ld z\u00f3n\u00e1kat, vagy vezessenek be szennyez\u00e9s alap\u00fa dug\u00f3d\u00edjat a v\u00e1rosi leveg\u0151min\u0151s\u00e9g jav\u00edt\u00e1sa \u00e9rdek\u00e9ben.<\/strong><\/p>\n<p><img loading=\"lazy\" decoding=\"async\" class=\"size-large wp-image-3246\" src=\"https:\/\/www.greenpeace.org\/static\/planet4-hungary-stateless\/2018\/12\/68893415-gp0strihb-1024x683.jpg\" alt=\"Clean Air Action in Brussels. \u00a9 Tim Dirven\" width=\"1024\" height=\"683\" srcset=\"https:\/\/www.greenpeace.org\/static\/planet4-hungary-stateless\/2018\/12\/68893415-gp0strihb-1024x683.jpg 1024w, https:\/\/www.greenpeace.org\/static\/planet4-hungary-stateless\/2018\/12\/68893415-gp0strihb-300x200.jpg 300w, https:\/\/www.greenpeace.org\/static\/planet4-hungary-stateless\/2018\/12\/68893415-gp0strihb-768x512.jpg 768w, https:\/\/www.greenpeace.org\/static\/planet4-hungary-stateless\/2018\/12\/68893415-gp0strihb-510x340.jpg 510w, https:\/\/www.greenpeace.org\/static\/planet4-hungary-stateless\/2018\/12\/68893415-gp0strihb.jpg 1200w\" sizes=\"auto, (max-width: 1024px) 100vw, 1024px\" \/><\/p>\n<p>T\u00f6bb mint egy \u00e9vtizede nem siker\u00fclt \u00e9rdemben cs\u00f6kkenteni a rendk\u00edv\u00fcl sok hal\u00e1los \u00e1ldozatot k\u00f6vetel\u0151 \u00e9s megbeteged\u00e9st okoz\u00f3 szennyez\u0151 anyagok koncentr\u00e1ci\u00f3j\u00e1t a leveg\u0151ben abban a kilenc tag\u00e1llamban \u2013 k\u00f6zt\u00fck haz\u00e1nkban \u2013, amelyek ellen m\u00e9g 2009-ben ind\u00edtott az Eur\u00f3pai Bizotts\u00e1g k\u00f6telezetts\u00e9gszeg\u00e9si elj\u00e1r\u00e1st. A nitrog\u00e9n-dioxidra \u00e9s\/vagy a r\u00e9szecskeszennyez\u00e9sre vonatkoz\u00f3 eg\u00e9szs\u00e9g\u00fcgyi hat\u00e1r\u00e9rt\u00e9keket \u00e9veken \u00e1t megs\u00e9rt\u0151 tag\u00e1llamok k\u00f6z\u00fcl most hat orsz\u00e1g (Magyarorsz\u00e1g, az Egyes\u00fclt Kir\u00e1lys\u00e1g, Franciaorsz\u00e1g, N\u00e9metorsz\u00e1g, Olaszorsz\u00e1g \u00e9s Rom\u00e1nia) ellen indul elj\u00e1r\u00e1s az Eur\u00f3pai B\u00edr\u00f3s\u00e1gon, aminek a v\u00e9ge ak\u00e1r hatalmas b\u00edrs\u00e1g is lehet. Csehorsz\u00e1g, Szlov\u00e1kia \u00e9s Spanyolorsz\u00e1g eset\u00e9ben most nem indul elj\u00e1r\u00e1s, mert a Bizotts\u00e1g egyel\u0151re elfogadta az \u00e1ltaluk beterjesztett szennyez\u00e9scs\u00f6kkent\u00e9si tervet. [2]<\/p>\n<p>A WHO legfrissebb eredm\u00e9nyei szerint \u00e9vente 7 milli\u00f3 ember hal meg a l\u00e9gszennyezetts\u00e9g miatt vil\u00e1gszerte. [3] A fejl\u0151d\u0151 orsz\u00e1gok mellett haz\u00e1nk is a vil\u00e1g legszennyezettebb leveg\u0151j\u0171 orsz\u00e1gai k\u00f6z\u00e9 tartozik. \u00c9vente t\u00f6bb mint t\u00edzezer magyar hal meg id\u0151 el\u0151tt a rossz leveg\u0151re visszavezethet\u0151 okok miatt.<\/p>\n<p>A leveg\u0151 r\u00e9szecskeszennyez\u00e9se sz\u00edv- \u00e9s \u00e9rrendszeri betegs\u00e9geket, daganatos elv\u00e1ltoz\u00e1sokat, l\u00e9g\u00fati megbeteged\u00e9seket, valamint a magzatokban \u00e9s gyermekekben fejl\u0151d\u00e9si rendelleness\u00e9get okozhat. A v\u00e1rosokban els\u0151sorban a d\u00edzelj\u00e1rm\u0171vekb\u0151l sz\u00e1rmaz\u00f3 nitrog\u00e9n-dioxid pedig ugyancsak sz\u00edv- \u00e9s \u00e9rrendszeri, illetve l\u00e9g\u00fati megbeteged\u00e9seket okozhat.<\/p>\n<p>&gt;Magyarorsz\u00e1gon mind a r\u00e9szecskeszennyez\u00e9s (PM<sub>10<\/sub>), mind a nitrog\u00e9n-dioxid-szennyez\u00e9s (NO<sub>2<\/sub>) t\u00f6bb m\u00e9r\u00e9si ponton (PM<sub>10<\/sub> 2016-ban Budapesten, P\u00e9csett, Kazincbarcik\u00e1n, Kecskem\u00e9ten, Saj\u00f3szentp\u00e9teren \u00e9s V\u00e1cott; NO<sub>2<\/sub> 2016-ban \u00e9s 2017-ben Budapesten, Debrecenben, P\u00e9csett \u00e9s Ny\u00edregyh\u00e1z\u00e1n) [4] rendszeresen meghaladja az uni\u00f3s jogszab\u00e1lyok szerint megengedett \u00e9rt\u00e9keket. [5] A budapesti Sz\u00e9na t\u00e9ren a NO<sub>2<\/sub> \u00f3r\u00e1s hat\u00e1r\u00e9rt\u00e9k-t\u00fall\u00e9p\u00e9sek sz\u00e1ma p\u00e9ld\u00e1ul a megengedett 18 helyett 2016-ban \u00e9s 2017-ben is 200 k\u00f6r\u00fcl volt, P\u00e9csett \u00e9s Debrecenben pedig 100 k\u00f6r\u00fcl.<\/p>\n<p>Az eg\u00e9szs\u00e9g\u00fcgyi hat\u00e1r\u00e9rt\u00e9ket a leveg\u0151be ker\u00fcl\u0151 sz\u00e1ll\u00f3 por (PM<sub>10<\/sub>) eset\u00e9ben l\u00e9pj\u00fck t\u00fal a legs\u00falyosabban. A PM<sub>10<\/sub> legnagyobb m\u00e9rt\u00e9kben a szakszer\u0171tlen lakoss\u00e1gi f\u0171t\u00e9sb\u0151l, valamint a d\u00edzelj\u00e1rm\u0171vekb\u0151l sz\u00e1rmazik. Sokat jav\u00edtana a PM<sub>10<\/sub>-kibocs\u00e1t\u00e1s m\u00e9rt\u00e9k\u00e9n a lakoss\u00e1gi lignitt\u00fczel\u00e9s \u00e9s a tiltott hullad\u00e9k\u00e9get\u00e9s elleni hat\u00e9kony fell\u00e9p\u00e9s, valamint az \u00e9p\u00fcletek energiahat\u00e9konys\u00e1g\u00e1nak nagyar\u00e1ny\u00fa jav\u00edt\u00e1sa mellett a f\u0171t\u00e9si rendszerek sz\u00e9lesk\u00f6r\u0171 cser\u00e9je, korszer\u0171s\u00edt\u00e9se. Olyan c\u00e9lzott t\u00e1mogat\u00e1sokra van sz\u00fcks\u00e9g tov\u00e1bb\u00e1, melyek a r\u00e1szorul\u00f3k sz\u00e1m\u00e1ra is lehet\u0151v\u00e9 teszik a szakszer\u0171 f\u0171t\u00e9st. A nedves fa, sz\u00e9n, lignit, m\u00e9g rosszabb esetben az illeg\u00e1lis \u00e9p\u00edt\u00e9si hullad\u00e9k, leselejtezett b\u00fator, m\u0171anyag vagy b\u00e1l\u00e1s ruha \u00e9get\u00e9se s\u00falyosan \u00e1rtalmas az eg\u00e9szs\u00e9gre. A c\u00e9l a meg\u00fajul\u00f3kkal m\u0171k\u00f6d\u0151 f\u0171t\u00e9si rendszerek min\u00e9l hamarabbi ki\u00e9p\u00edt\u00e9se, ugyanis ez ny\u00fajt k\u00f6rnyezetv\u00e9delmi \u00e9s eg\u00e9szs\u00e9gv\u00e9delmi szempontb\u00f3l egyar\u00e1nt elfogadhat\u00f3 megold\u00e1st.<\/p>\n<p><em>\u201eElkeser\u00edt\u0151nek tal\u00e1ljuk, hogy a mindenkori magyar korm\u00e1ny \u00e9vtizedek \u00f3ta nem l\u00e9p fel hat\u00e9konyan a l\u00e9gszennyezetts\u00e9g cs\u00f6kkent\u00e9se \u00e9rdek\u00e9ben, \u00e9s egy eur\u00f3pai b\u00edr\u00f3s\u00e1gi elj\u00e1r\u00e1s kell kik\u00e9nyszer\u00edtse a korm\u00e1ny hat\u00e9kony int\u00e9zked\u00e9s\u00e9t. Ek\u00f6zben \u00e9vr\u0151l \u00e9vre t\u00edzezrek hal\u00e1l\u00e1t okozza itthon a leveg\u0151 s\u00falyos szennyezetts\u00e9ge. Azt v\u00e1rjuk a most fel\u00e1ll\u00f3 korm\u00e1nyt\u00f3l: s\u00fcrg\u0151sen tegyenek l\u00e9p\u00e9seket a szennyez\u00e9s kibocs\u00e1t\u00e1s\u00e1nak m\u00e9rs\u00e9kl\u00e9se \u00e9rdek\u00e9ben a lakoss\u00e1gi f\u0171t\u00e9s hat\u00e9kony korszer\u0171s\u00edt\u00e9s\u00e9vel \u00e9s a szennyez\u0151 d\u00edzelj\u00e1rm\u0171vek kiszor\u00edt\u00e1s\u00e1val\u201d<\/em> \u2013 nyilatkozta Simon Gergely, a Greenpeace vegyianyag-szak\u00e9rt\u0151je.<\/p>\n<hr>\n<p dir=\"ltr\" align=\"justify\"><strong>Jegyzetek:<\/strong><\/p>\n<p dir=\"ltr\" style=\"text-align: left;\" align=\"justify\">[1] <a href=\"http:\/\/europa.eu\/rapid\/press-release_IP-18-3450_hu.htm\" target=\"_blank\" rel=\"noopener noreferrer\" data-saferedirecturl=\"https:\/\/www.google.com\/url?hl=en-GB&amp;q=http:\/\/europa.eu\/rapid\/press-release_IP-18-3450_hu.htm&amp;source=gmail&amp;ust=1526640798665000&amp;usg=AFQjCNGix01g6AjE5_EsycW_C-KTnQ6RlA\">http:\/\/europa.eu\/rapid\/press-release_IP-18-3450_hu.htm<\/a><\/p>\n<p dir=\"ltr\" style=\"text-align: left;\" align=\"justify\">[2] Hasonl\u00f3 elj\u00e1r\u00e1s az Uni\u00f3ban jelenleg Bulg\u00e1ria ellen folyik m\u00e9g, Lengyelorsz\u00e1g eset\u00e9ben pedig m\u00e1r meg is hozta elmarasztal\u00f3 \u00edt\u00e9let\u00e9t az Eur\u00f3pai Uni\u00f3 B\u00edr\u00f3s\u00e1ga. <a href=\"https:\/\/www.euractiv.com\/section\/air-pollution\/news\/eu-court-rules-against-polands-air-pollution\/\" target=\"_blank\" rel=\"noopener noreferrer\" data-saferedirecturl=\"https:\/\/www.google.com\/url?hl=en-GB&amp;q=https:\/\/www.euractiv.com\/section\/air-pollution\/news\/eu-court-rules-against-polands-air-pollution\/&amp;source=gmail&amp;ust=1526640798665000&amp;usg=AFQjCNG1GjwWs0Lfqgu00HzxFnSh9dP0Lw\">https:\/\/www.euractiv.com\/section\/air-pollution\/news\/eu-court-rules-against-polands-air-pollution\/<\/a><\/p>\n<p dir=\"ltr\" style=\"text-align: left;\" align=\"justify\">[3] 4,2 milli\u00f3 ember a k\u00f6rnyezeti, k\u00fclt\u00e9ri l\u00e9gszennyezetts\u00e9g, 3,8 milli\u00f3 pedig a belt\u00e9ri l\u00e9gszennyez\u00e9s miatt hal meg \u00e9vente. <a href=\"http:\/\/www.who.int\/airpollution\/en\/\" target=\"_blank\" rel=\"noopener noreferrer\" data-saferedirecturl=\"https:\/\/www.google.com\/url?hl=en-GB&amp;q=http:\/\/www.who.int\/airpollution\/en\/&amp;source=gmail&amp;ust=1526640798665000&amp;usg=AFQjCNFzBQnc_gp8oajAcBAuNuBTIp3kcw\">http:\/\/www.who.int\/airpollution\/en\/<\/a><\/p>\n<p dir=\"ltr\" style=\"text-align: left;\" align=\"justify\">[4] A 2016-os m\u00e9r\u00e9si adatok forr\u00e1sa <a href=\"https:\/\/www.greenpeace.org\/static\/planet4-hungary-stateless\/2018\/10\/0a0bd17f-0a0bd17f-2016_automata_ertekeles.pdf\" target=\"_blank\" rel=\"noopener noreferrer\" data-saferedirecturl=\"https:\/\/www.google.com\/url?hl=en-GB&amp;q=http:\/\/levegominoseg.hu\/(X(1)S(zvtjvwykjdsfsqxaim2cvkbb))\/Media\/Default\/Ertekeles\/docs\/2016_automata_ertekeles.pdf&amp;source=gmail&amp;ust=1526640798665000&amp;usg=AFQjCNGMCDwoSJnYcroHN7wYlERf8macuQ\">http:\/\/levegominoseg.hu\/(X(1)S(zvtjvwykjdsfsqxaim2cvkbb))\/Media\/Default\/Ertekeles\/docs\/2016_automata_ertekeles.pdf<\/a><\/p>\n<p dir=\"ltr\" style=\"text-align: left;\" align=\"justify\">A 2017-es m\u00e9r\u00e9si adatok forr\u00e1sa: <a href=\"http:\/\/levegominoseg.hu\/\" target=\"_blank\" rel=\"noopener noreferrer\" data-saferedirecturl=\"https:\/\/www.google.com\/url?hl=en-GB&amp;q=http:\/\/levegominoseg.hu&amp;source=gmail&amp;ust=1526640798665000&amp;usg=AFQjCNE2a1K2jKv7Pe-ponxYG0PM3WnsUw\">http:\/\/levegominoseg.hu<\/a><\/p>\n<p style=\"text-align: left;\" align=\"justify\">[5] Az uni\u00f3s jogszab\u00e1lyok szerint PM<sub>10<\/sub>-b\u0151l a napt\u00e1ri \u00e9v alatt 35-n\u00e9l t\u00f6bbsz\u00f6r nem l\u00e9phet\u0151 t\u00fal a napi hat\u00e1r\u00e9rt\u00e9k, NO<sub>2<\/sub>-b\u0151l a napt\u00e1ri \u00e9v alatt 18-n\u00e1l t\u00f6bbsz\u00f6r nem l\u00e9phet\u0151 t\u00fal az \u00f3r\u00e1s hat\u00e1r\u00e9rt\u00e9k. L\u00e1sd: <a href=\"https:\/\/net.jogtar.hu\/jr\/gen\/hjegy_doc.cgi?docid=a1100004.vm\" target=\"_blank\" rel=\"noopener noreferrer\" data-saferedirecturl=\"https:\/\/www.google.com\/url?hl=en-GB&amp;q=https:\/\/net.jogtar.hu\/jr\/gen\/hjegy_doc.cgi?docid%3Da1100004.vm&amp;source=gmail&amp;ust=1526640798665000&amp;usg=AFQjCNGhMAbuQHYYyndj7s4t8rL3W3GwMA\">https:\/\/net.jogtar.hu\/jr\/gen\/hjegy_doc.cgi?docid=a1100004.vm<\/a><\/p>\n","protected":false},"excerpt":{"rendered":"<p>10 \u00e9v alatt nem siker\u00fclt \u00e9rdemben javul\u00e1st el\u00e9rn\u00fcnk: \u00e9vente m\u00e9g mindig t\u00f6bb mint t\u00edzezer magyar hal meg a rossz leveg\u0151min\u0151s\u00e9g miatt.<\/p>\n","protected":false},"author":25,"featured_media":3246,"comment_status":"closed","ping_status":"closed","sticky":false,"template":"","format":"standard","meta":{"ep_exclude_from_search":false,"p4_og_title":"","p4_og_description":"","p4_og_image":"","p4_og_image_id":"","p4_seo_canonical_url":"","p4_campaign_name":"","p4_local_project":"","p4_basket_name":"","p4_department":"","footnotes":""},"categories":[1],"tags":[34,24,19],"p4-page-type":[37],"class_list":["post-2330","post","type-post","status-publish","format-standard","has-post-thumbnail","hentry","category-uncategorized","tag-levego","tag-szennyezes","tag-egeszseg","p4-page-type-sajtokozlemeny"],"_links":{"self":[{"href":"https:\/\/www.greenpeace.org\/hungary\/wp-json\/wp\/v2\/posts\/2330","targetHints":{"allow":["GET"]}}],"collection":[{"href":"https:\/\/www.greenpeace.org\/hungary\/wp-json\/wp\/v2\/posts"}],"about":[{"href":"https:\/\/www.greenpeace.org\/hungary\/wp-json\/wp\/v2\/types\/post"}],"author":[{"embeddable":true,"href":"https:\/\/www.greenpeace.org\/hungary\/wp-json\/wp\/v2\/users\/25"}],"replies":[{"embeddable":true,"href":"https:\/\/www.greenpeace.org\/hungary\/wp-json\/wp\/v2\/comments?post=2330"}],"version-history":[{"count":6,"href":"https:\/\/www.greenpeace.org\/hungary\/wp-json\/wp\/v2\/posts\/2330\/revisions"}],"predecessor-version":[{"id":10686,"href":"https:\/\/www.greenpeace.org\/hungary\/wp-json\/wp\/v2\/posts\/2330\/revisions\/10686"}],"wp:featuredmedia":[{"embeddable":true,"href":"https:\/\/www.greenpeace.org\/hungary\/wp-json\/wp\/v2\/media\/3246"}],"wp:attachment":[{"href":"https:\/\/www.greenpeace.org\/hungary\/wp-json\/wp\/v2\/media?parent=2330"}],"wp:term":[{"taxonomy":"category","embeddable":true,"href":"https:\/\/www.greenpeace.org\/hungary\/wp-json\/wp\/v2\/categories?post=2330"},{"taxonomy":"post_tag","embeddable":true,"href":"https:\/\/www.greenpeace.org\/hungary\/wp-json\/wp\/v2\/tags?post=2330"},{"taxonomy":"p4-page-type","embeddable":true,"href":"https:\/\/www.greenpeace.org\/hungary\/wp-json\/wp\/v2\/p4-page-type?post=2330"}],"curies":[{"name":"wp","href":"https:\/\/api.w.org\/{rel}","templated":true}]}}