{"id":2339,"date":"2015-10-26T00:00:00","date_gmt":"2015-10-25T22:00:00","guid":{"rendered":"https:\/\/www.greenpeace.org\/hungary\/blog\/2339\/a-greenpeace-allasfoglalasa-az-allami-fold-szandekosan-siettetett-tarsadalmi-konzultacio-nelkuli-eladasarol\/"},"modified":"2019-11-06T09:41:15","modified_gmt":"2019-11-06T08:41:15","slug":"a-greenpeace-allasfoglalasa-az-allami-fold-szandekosan-siettetett-tarsadalmi-konzultacio-nelkuli-eladasarol","status":"publish","type":"post","link":"https:\/\/www.greenpeace.org\/hungary\/sajtokozlemeny\/2339\/a-greenpeace-allasfoglalasa-az-allami-fold-szandekosan-siettetett-tarsadalmi-konzultacio-nelkuli-eladasarol\/","title":{"rendered":"A Greenpeace \u00e1ll\u00e1sfoglal\u00e1sa az \u00e1llami f\u00f6ld sz\u00e1nd\u00e9kosan siettetett, t\u00e1rsadalmi konzult\u00e1ci\u00f3 n\u00e9lk\u00fcli elad\u00e1s\u00e1r\u00f3l"},"content":{"rendered":"<div class=\"leader\">\n\tA Greenpeace el\u00edt\u00e9li a sz\u00e1nd\u00e9kosan siettetett, val\u00f3s t\u00e1rsadalmi egyeztet\u00e9s n\u00e9lk\u00fcl megind\u00edtott \u00e1llami f\u00f6ldelad\u00e1s terv\u00e9t. A korm\u00e1nyzat \u00e9rveivel szemben ugyanis a tervezett f\u00f6ldelad\u00e1s:\n<\/div>\n<div>\n<ul>\n<li>Tov\u00e1bb rontja az \u00f6kol\u00f3giai gazd\u00e1lkod\u00e1s am\u00fagy is kritikus helyzet\u00e9t.<\/li>\n<li>Natura 2000-es ter\u00fcleteket is \u00e9rint, ez\u00e9rt vesz\u00e9lyezteti a term\u00e9szetv\u00e9delmi ter\u00fcletek \u00e1llapot\u00e1t.<\/li>\n<li>Megfosztja a kis- \u00e9s csal\u00e1di gazd\u00e1lkod\u00f3kat a f\u00f6ldh\u00f6z jut\u00e1s val\u00f3di es\u00e9ly\u00e9t\u0151l.<\/li>\n<li>A t\u00e1rsadalmi egyeztet\u00e9s teljes hi\u00e1ny\u00e1ban zajlik, \u00e9s az \u00e1tl\u00e1that\u00f3s\u00e1g \u00e9s a nyilv\u00e1noss\u00e1g v\u00e9delme a tervezett f\u00f6ld\u00e1rver\u00e9seken sem lenne garant\u00e1lt.<\/li>\n<\/ul>\n<p><strong>A Greenpeace ez\u00e9rt azt k\u00f6veteli a korm\u00e1nyt\u00f3l, hogy:<\/strong><\/p>\n<ol>\n<li>\n<p>Vegye komolyan a saj\u00e1t terveit: a gyakorlatban val\u00f3s\u00edtsa meg mind a\u00a0<a href=\"https:\/\/www.greenpeace.org\/static\/planet4-hungary-stateless\/2018\/10\/f4d5018d-f4d5018d-dit2_magyar_t\u00f6rdelt_120910.pdf\">Dar\u00e1nyi Ign\u00e1c Terv &#8211; A Nemzeti Vid\u00e9kstrat\u00e9gia (2014-2020)<\/a>, mind az \u00f6kol\u00f3giai gazd\u00e1lkod\u00e1s fejleszt\u00e9s\u00e9re alkotott saj\u00e1t strat\u00e9gi\u00e1j\u00e1t.<\/p>\n<\/li>\n<li>\n<p>Garant\u00e1lja a Natura 2000-es ter\u00fcletek megfelel\u0151 term\u00e9szetv\u00e9delmi kezel\u00e9se szempontj\u00e1b\u00f3l legbiztons\u00e1gosabb gazd\u00e1lkod\u00e1st.<\/p>\n<\/li>\n<li>\n<p>\u00c1ll\u00edtson le minden f\u00f6ldelad\u00e1ssal kapcsolatos el\u0151k\u00e9sz\u00fcletet.<\/p>\n<\/li>\n<li>\n<p>Biztos\u00edtsa a t\u00e1rsadalmi r\u00e9szv\u00e9telt a d\u00f6nt\u00e9shozatalban. V\u00e9gzetes lehet a magyar vid\u00e9k j\u00f6v\u0151j\u00e9re, hogy egy ekkora horderej\u0171 d\u00f6nt\u00e9st ilyen elhamarkodva, \u00e9s az \u00e9rintettek kiz\u00e1r\u00e1s\u00e1val akarnak meghozni.<\/p>\n<\/li>\n<\/ol>\n<p>A k\u00f6vetel\u00e9sek r\u00e9szletez\u00e9se:<\/p>\n<ol>\n<li>\n<p>A Greenpeace, mint a magyar mez\u0151gazdas\u00e1g j\u00f6v\u0151j\u00e9\u00e9rt \u00e9s az \u00f6kol\u00f3giai gazd\u00e1lkod\u00e1s elterjeszt\u00e9s\u00e9\u00e9rt k\u00fczd\u0151 f\u00fcggetlen civil szervezet, elfogadhatatlannak tartja, hogy az \u00e1llami f\u00f6ldb\u00e9rleti p\u00e1ly\u00e1zatok ki\u00edr\u00e1sai ut\u00e1n most az \u00e1llami f\u00f6ldelad\u00e1s felt\u00e9telei k\u00f6z\u00e9 sem ker\u00fclt be az \u00f6kol\u00f3giai gazd\u00e1lkod\u00e1s el\u0151\u00edr\u00e1sa vagy legal\u00e1bb annak el\u0151nyben r\u00e9szes\u00edt\u00e9se. Ezek ugyanis megfelel\u0151 alapot biztos\u00edthattak volna, hogy a Korm\u00e1ny betartsa a 2014 elej\u00e9n elfogadott\u00a0<a href=\"https:\/\/www.greenpeace.org\/static\/planet4-hungary-stateless\/2018\/10\/f4d5018d-f4d5018d-dit2_magyar_t\u00f6rdelt_120910.pdf\">Nemzeti Akci\u00f3terv az \u00d6kol\u00f3giai Gazd\u00e1lkod\u00e1s Fejleszt\u00e9s\u00e9\u00e9rt (2014\u20132020) Strat\u00e9gi\u00e1ban<\/a>\u00a0megfogalmazott \u00edg\u00e9reteit.<\/p>\n<p>A korm\u00e1ny int\u00e9zked\u00e9sei r\u00e9v\u00e9n nemhogy k\u00f6zeledn\u00e9nk ahhoz a strat\u00e9giai c\u00e9lhoz, hogy 300 000 hekt\u00e1rra n\u00f6vekedjen az \u00f6kol\u00f3giai gazd\u00e1lkod\u00e1sba vont ter\u00fcletek nagys\u00e1ga, hanem gyorsan t\u00e1volodunk t\u0151le. Az elm\u00falt \u00e9vben ugyanis ezek \u00f6sszter\u00fclete nemcsak tov\u00e1bbi 7000 hekt\u00e1rral cs\u00f6kkent, de m\u00e9g az \u00f6kol\u00f3giai gazd\u00e1lkod\u00e1s\u00e9rt j\u00e1r\u00f3 eur\u00f3pai uni\u00f3s t\u00e1mogat\u00e1sokat sem osztott\u00e1k ki.<\/p>\n<\/li>\n<li>\n<p>Minden egyes Natura 2000-es ter\u00fclet eset\u00e9ben m\u00e1s \u00e9s m\u00e1s elb\u00edr\u00e1l\u00e1sra van sz\u00fcks\u00e9g ahhoz, hogy a megfelel\u0151 term\u00e9szetv\u00e9delmi kezel\u00e9s biztos\u00edtott legyen, az EU-s k\u00f6telezetts\u00e9gek teljes\u00edt\u00e9se \u00e9rdek\u00e9ben.<\/p>\n<\/li>\n<li>\n<p>A sz\u00e1nd\u00e9kosan siettetett \u00e1llami f\u00f6ldelad\u00e1s a kis, helyi, elszeg\u00e9nyedett gazd\u00e1k sz\u00e1m\u00e1ra val\u00f3j\u00e1ban nem ad lehet\u0151s\u00e9get arra, hogy t\u00e9nylegesen f\u00f6ldter\u00fcletet v\u00e1s\u00e1roljanak. Ez a rendszer kiz\u00e1r\u00f3lag a jelenlegi b\u00e9rl\u0151ket hozza helyzetbe, akik egy r\u00e9sze \u00e1tl\u00e1thatatlan p\u00e1ly\u00e1zati rendszer seg\u00edts\u00e9g\u00e9vel, s\u0151t ak\u00e1r jogs\u00e9rt\u0151 m\u00f3don jutott f\u00f6ldh\u00f6z. Ezek az \u00faj b\u00e9rl\u0151k t\u00f6bbsz\u00f6r\u00f6s el\u0151nnyel indulnak a f\u00f6ldv\u00e1s\u00e1rl\u00e1s sor\u00e1n. Egyr\u00e9szt el\u0151v\u00e1s\u00e1rl\u00e1si joguk van, amivel a licit legv\u00e9g\u00e9n is \u00e9lhetnek. M\u00e1sr\u00e9szt kevesebb let\u00e9ti d\u00edjat kell el\u0151teremteni\u00fck a f\u00f6ldv\u00e1s\u00e1rl\u00e1shoz (a f\u00f6ld \u00e1r\u00e1nak mind\u00f6ssze 10%-\u00e1t). Az elszeg\u00e9nyedett kis, helyi gazd\u00e1k d\u00f6nt\u0151 t\u00f6bbs\u00e9ge sem jogi k\u00e9pvisel\u0151t, sem regisztr\u00e1ci\u00f3s d\u00edjat, sem a ter\u00fclet kiki\u00e1lt\u00e1si \u00e1r\u00e1nak 20%-\u00e1t nem tudja kifizetni.<\/p>\n<\/li>\n<li>\n<p>Meggy\u0151z\u0151d\u00e9s\u00fcnk, hogy ilyen m\u00e9rt\u00e9k\u0171 \u00e9s \u00e9rt\u00e9k\u0171 k\u00f6zkincs ki\u00e1rus\u00edt\u00e1s\u00e1t t\u00e1rsadalmi vit\u00e1nak kell megel\u0151znie, ahol mindenkinek van lehet\u0151s\u00e9ge v\u00e9lem\u00e9nynyilv\u00e1n\u00edt\u00e1sra, m\u00e1s \u00e1ll\u00e1spontok megfontol\u00e1s\u00e1ra, a felt\u00e9telek \u00e9s priorit\u00e1sok megvitat\u00e1s\u00e1ra.<\/p>\n<\/li>\n<\/ol>\n<\/div>\n","protected":false},"excerpt":{"rendered":"<div>\n\tA Greenpeace el\u00edt\u00e9li a sz\u00e1nd\u00e9kosan siettetett, val\u00f3s t\u00e1rsadalmi egyeztet\u00e9s n\u00e9lk\u00fcl megind\u00edtott \u00e1llami f\u00f6ldelad\u00e1s terv\u00e9t. A korm\u00e1nyzat \u00e9rveivel szemben ugyanis a tervezett f\u00f6ldelad\u00e1s:\n<\/div>\n","protected":false},"author":25,"featured_media":0,"comment_status":"closed","ping_status":"open","sticky":false,"template":"","format":"standard","meta":{"ep_exclude_from_search":false,"p4_og_title":"","p4_og_description":"","p4_og_image":"","p4_og_image_id":"","p4_seo_canonical_url":"","p4_campaign_name":"","p4_local_project":"","p4_basket_name":"","p4_department":"","footnotes":""},"categories":[1],"tags":[35],"p4-page-type":[37],"class_list":["post-2339","post","type-post","status-publish","format-standard","hentry","category-uncategorized","tag-okogazdalkodas","p4-page-type-sajtokozlemeny"],"_links":{"self":[{"href":"https:\/\/www.greenpeace.org\/hungary\/wp-json\/wp\/v2\/posts\/2339","targetHints":{"allow":["GET"]}}],"collection":[{"href":"https:\/\/www.greenpeace.org\/hungary\/wp-json\/wp\/v2\/posts"}],"about":[{"href":"https:\/\/www.greenpeace.org\/hungary\/wp-json\/wp\/v2\/types\/post"}],"author":[{"embeddable":true,"href":"https:\/\/www.greenpeace.org\/hungary\/wp-json\/wp\/v2\/users\/25"}],"replies":[{"embeddable":true,"href":"https:\/\/www.greenpeace.org\/hungary\/wp-json\/wp\/v2\/comments?post=2339"}],"version-history":[{"count":1,"href":"https:\/\/www.greenpeace.org\/hungary\/wp-json\/wp\/v2\/posts\/2339\/revisions"}],"predecessor-version":[{"id":2342,"href":"https:\/\/www.greenpeace.org\/hungary\/wp-json\/wp\/v2\/posts\/2339\/revisions\/2342"}],"wp:attachment":[{"href":"https:\/\/www.greenpeace.org\/hungary\/wp-json\/wp\/v2\/media?parent=2339"}],"wp:term":[{"taxonomy":"category","embeddable":true,"href":"https:\/\/www.greenpeace.org\/hungary\/wp-json\/wp\/v2\/categories?post=2339"},{"taxonomy":"post_tag","embeddable":true,"href":"https:\/\/www.greenpeace.org\/hungary\/wp-json\/wp\/v2\/tags?post=2339"},{"taxonomy":"p4-page-type","embeddable":true,"href":"https:\/\/www.greenpeace.org\/hungary\/wp-json\/wp\/v2\/p4-page-type?post=2339"}],"curies":[{"name":"wp","href":"https:\/\/api.w.org\/{rel}","templated":true}]}}