{"id":2343,"date":"2013-06-07T00:00:00","date_gmt":"2013-06-06T22:00:00","guid":{"rendered":"https:\/\/www.greenpeace.org\/hungary\/blog\/2343\/almasfuzito-hiaba-magasak-a-gatak-ha-szivarog-a-tarozo\/"},"modified":"2023-05-11T10:26:00","modified_gmt":"2023-05-11T08:26:00","slug":"almasfuzito-hiaba-magasak-a-gatak-ha-szivarog-a-tarozo","status":"publish","type":"post","link":"https:\/\/www.greenpeace.org\/hungary\/sajtokozlemeny\/2343\/almasfuzito-hiaba-magasak-a-gatak-ha-szivarog-a-tarozo\/","title":{"rendered":"Alm\u00e1sf\u00fczit\u0151: hi\u00e1ba magasak a g\u00e1tak, ha sziv\u00e1rog a t\u00e1roz\u00f3"},"content":{"rendered":"<div class=\"leader\">\n\tBudapest-Alm\u00e1sf\u00fczit\u0151, 2013. j\u00fanius 7.- Az elm\u00falt napokban a sajt\u00f3ban t\u00f6bbsz\u00f6r is megnyugtat\u00f3nak sz\u00e1nt h\u00edrek szerint az alm\u00e1sf\u00fczit\u0151i v\u00f6r\u00f6siszap-t\u00e1roz\u00f3 \u00e9s vesz\u00e9lyeshullad\u00e9k- lerak\u00f3 a magas g\u00e1tak miatt az \u00e1rv\u00edz ellen\u00e9re sem jelent vesz\u00e9lyt. A Greenpeace fontosnak tartja eml\u00e9keztetni: a Magyar Tudom\u00e1nyos Akad\u00e9mia F\u00f6ldrajztudom\u00e1nyi Kutat\u00f3int\u00e9zete \u00e1ltal k\u00e9sz\u00edtett tanulm\u00e1ny szerint \u201eAz emberi hanyags\u00e1g vagy term\u00e9szeti katasztr\u00f3fa (f\u00f6ldreng\u00e9s, puszt\u00edt\u00f3 \u00e1rv\u00edz) komoly k\u00f6rnyezeti katasztr\u00f3f\u00e1hoz vezetne. Egy nagyobb baleseti esem\u00e9ny sor\u00e1n a foly\u00f3ba jut\u00f3 v\u00f6r\u00f6siszappal szennyezett vizek jelent\u0151s puszt\u00edt\u00e1st okozhatnak a foly\u00f3 \u00e9l\u0151vil\u00e1g\u00e1ban, \u00e9s nagy t\u00e1vols\u00e1gra eljut\u00f3 lebeg\u0151anyagok a foly\u00f3parti telep\u00fcl\u00e9sek iv\u00f3v\u00edzb\u00e1zis\u00e1t is elszennyezhetik.\u201d<\/p>\n<\/div>\n<div>\n<p>A rendk\u00edv\u00fcl magas v\u00edz\u00e1ll\u00e1s miatt k\u00fcl\u00f6n\u00f6sen aggaszt\u00f3 az MTA FKI kiadv\u00e1ny k\u00e9t meg\u00e1llapt\u00e1sa:\u201c\u201eI-VI. t\u00e1roz\u00f3k anyag\u00e1t v\u00edzszigetel\u00e9s kialak\u00edt\u00e1sa n\u00e9lk\u00fcl rakt\u00e1k le. A megfelel\u0151 m\u0171szaki v\u00e9delem n\u00e9lk\u00fcl \u00e9p\u00fclt lerak\u00f3kb\u00f3l a szennyezett vizek komolyabb akad\u00e1ly n\u00e9lk\u00fcl keverednek a talajv\u00edzzel \u00e9s jutnak a Dun\u00e1ba.\u201d\u201eA k\u00fcl\u00f6nb\u00f6z\u0151 \u00e1rt\u00e9ri \u00fcled\u00e9kekb\u0151l fel\u00e9p\u00fcl\u0151 felsz\u00edn, a t\u00e1roz\u00f3k \u00e1t\u00e1z\u00f3 g\u00e1tjai \u00e9s a felsz\u00edn k\u00f6zeli talajv\u00edzt\u0151l \u00e9s az \u00e1rvizekt\u0151l k\u00e9pl\u00e9kenny\u00e9 v\u00e1l\u00f3 v\u00f6r\u00f6siszap vesz\u00e9lyeket hordozhat mag\u00e1ban a t\u00e1roz\u00f3k g\u00e1tjainak \u00e1ll\u00e9konys\u00e1g\u00e1ra n\u00e9zve.\u201d(Forr\u00e1s: \u201cA Katasztr\u00f3f\u00e1k tanuls\u00e1gai, szerk: Schweitzer Ferenc, az MTA Csillag\u00e1szati \u00e9s F\u00f6ldtudom\u00e1nyi Kutat\u00f3k\u00f6zpont F\u00f6ldrajztudom\u00e1nyi Int\u00e9zet tudom\u00e1nyos tan\u00e1csad\u00f3ja, az el\u0151sz\u00f3t \u00edrta: Bakondi Gy\u00f6rgy. http:\/\/mta.hu\/mta_hirei\/foldtudomanyi-kutatasok-szerepe-a-katasztrofamegelozesben-es-elharitasban-129610\/)&nbsp;<br \/>\nSimon Gergely, a Greenpeace vegyianyag-szak\u00e9rt\u0151je kijelentette: \u201eA t\u00e1roz\u00f3ba hordott m\u00e9rgez\u0151 anyagok mennyis\u00e9g\u00e9nek n\u00f6veked\u00e9s\u00e9vel a kock\u00e1zat folyamatosan n\u0151. Ha jelen \u00e1rv\u00edz sor\u00e1n nem is t\u00f6rt\u00e9nik katasztr\u00f3fa, akkor sem garant\u00e1lhat\u00f3 a Dun\u00e1t vesz\u00e9lyeztet\u0151 v\u00f6r\u00f6siszap t\u00e1roz\u00f3 g\u00e1tjainak hossz\u00fa t\u00e1v\u00fa stabilit\u00e1sa. Vagyis a vesz\u00e9lyes v\u00f6r\u00f6siszap \u00e9s a c\u00e9g \u00e1ltal a tetej\u00e9re hordott milli\u00f3nyi tonna m\u00e9rgez\u0151 anyag tov\u00e1bb fenyegeti Budapest iv\u00f3viz\u00e9t. A Greenpeace ez\u00e9rt tov\u00e1bbra is azt k\u00f6veteli, hogy t\u00f6bb vesz\u00e9lyes hullad\u00e9k ne ker\u00fclj\u00f6n a t\u00e1roz\u00f3ba \u00e9s min\u00e9l hamarabb sz\u00e1molj\u00e1k fel ezen t\u00e1roz\u00f3kat.\u201d<br \/>\nMint ismeretes Alm\u00e1sf\u00fczit\u0151n, k\u00f6zvetlen\u00fcl a Duna-parton a Tatai Zrt. arra kapott enged\u00e9lyt, hogy a r\u00e9gi v\u00f6r\u00f6siszap t\u00e1roz\u00f3kra \u00e9vi t\u00f6bb mint 100 ezer tonna, mintegy 160 f\u00e9le vesz\u00e9lyes hullad\u00e9kot hordjon, melyb\u0151l \u00e1llt\u00e1suk szerint komposztot k\u00e9sztenek, b\u00e1r nyilv\u00e1n fizikai k\u00e9ptelens\u00e9g p\u00e9ld\u00e1ul neh\u00e9z f\u00e9mek komposzt\u00e1l\u00e1sa. Az \u00edgy kialak\u00edtott toxikus anyagokat tartalamz\u00f3 kever\u00e9k a szigeteletlen t\u00e1roz\u00f3kb\u00f3l a Dun\u00e1ba sziv\u00e1rog. Miut\u00e1n a Greenpeace tiltakoz\u00e1s\u00e1t a hazai hat\u00f3s\u00e1gok elutas\u00edtott\u00e1k, az uni\u00f3s jogszab\u00e1lyokat is s\u00e9rt\u0151 gyakorlat felf\u00fcggeszt\u00e9s\u00e9\u00e9rt a z\u00f6ld szervezet Br\u00fcsszelhez fordult. Az uni\u00f3s vizsg\u00e1lat jelenleg is folyamatban van.<\/p>\n<\/div>\n","protected":false},"excerpt":{"rendered":"<div>\n\tBudapest-Alm\u00e1sf\u00fczit\u0151, 2013. j\u00fanius 7.- Az elm\u00falt napokban a sajt\u00f3ban t\u00f6bbsz\u00f6r is megnyugtat\u00f3nak sz\u00e1nt h\u00edrek szerint az alm\u00e1sf\u00fczit\u0151i v\u00f6r\u00f6siszap-t\u00e1roz\u00f3 \u00e9s vesz\u00e9lyeshullad\u00e9k- lerak\u00f3 a magas g\u00e1tak miatt az \u00e1rv\u00edz ellen\u00e9re sem jelent vesz\u00e9lyt. A Greenpeace fontosnak tartja eml\u00e9keztetni: a Magyar Tudom\u00e1nyos Akad\u00e9mia F\u00f6ldrajztudom\u00e1nyi Kutat\u00f3int\u00e9zete \u00e1ltal k\u00e9sz\u00edtett tanulm\u00e1ny szerint \u201eAz emberi hanyags\u00e1g vagy term\u00e9szeti katasztr\u00f3fa (f\u00f6ldreng\u00e9s, puszt\u00edt\u00f3 \u00e1rv\u00edz) komoly k\u00f6rnyezeti katasztr\u00f3f\u00e1hoz vezetne. Egy nagyobb baleseti esem\u00e9ny sor\u00e1n a foly\u00f3ba jut\u00f3 v\u00f6r\u00f6siszappal szennyezett vizek jelent\u0151s puszt\u00edt\u00e1st okozhatnak a foly\u00f3 \u00e9l\u0151vil\u00e1g\u00e1ban, \u00e9s nagy t\u00e1vols\u00e1gra eljut\u00f3 lebeg\u0151anyagok a foly\u00f3parti telep\u00fcl\u00e9sek iv\u00f3v\u00edzb\u00e1zis\u00e1t is elszennyezhetik.\u201d<\/p>\n<\/div>\n","protected":false},"author":25,"featured_media":0,"comment_status":"closed","ping_status":"closed","sticky":false,"template":"","format":"standard","meta":{"ep_exclude_from_search":false,"p4_og_title":"","p4_og_description":"","p4_og_image":"","p4_og_image_id":"","p4_seo_canonical_url":"","p4_campaign_name":"","p4_local_project":"","p4_basket_name":"","p4_department":"","footnotes":""},"categories":[3],"tags":[24,19],"p4-page-type":[37],"class_list":["post-2343","post","type-post","status-publish","format-standard","hentry","category-termeszet-kornyezet","tag-szennyezes","tag-egeszseg","p4-page-type-sajtokozlemeny"],"_links":{"self":[{"href":"https:\/\/www.greenpeace.org\/hungary\/wp-json\/wp\/v2\/posts\/2343","targetHints":{"allow":["GET"]}}],"collection":[{"href":"https:\/\/www.greenpeace.org\/hungary\/wp-json\/wp\/v2\/posts"}],"about":[{"href":"https:\/\/www.greenpeace.org\/hungary\/wp-json\/wp\/v2\/types\/post"}],"author":[{"embeddable":true,"href":"https:\/\/www.greenpeace.org\/hungary\/wp-json\/wp\/v2\/users\/25"}],"replies":[{"embeddable":true,"href":"https:\/\/www.greenpeace.org\/hungary\/wp-json\/wp\/v2\/comments?post=2343"}],"version-history":[{"count":2,"href":"https:\/\/www.greenpeace.org\/hungary\/wp-json\/wp\/v2\/posts\/2343\/revisions"}],"predecessor-version":[{"id":10390,"href":"https:\/\/www.greenpeace.org\/hungary\/wp-json\/wp\/v2\/posts\/2343\/revisions\/10390"}],"wp:attachment":[{"href":"https:\/\/www.greenpeace.org\/hungary\/wp-json\/wp\/v2\/media?parent=2343"}],"wp:term":[{"taxonomy":"category","embeddable":true,"href":"https:\/\/www.greenpeace.org\/hungary\/wp-json\/wp\/v2\/categories?post=2343"},{"taxonomy":"post_tag","embeddable":true,"href":"https:\/\/www.greenpeace.org\/hungary\/wp-json\/wp\/v2\/tags?post=2343"},{"taxonomy":"p4-page-type","embeddable":true,"href":"https:\/\/www.greenpeace.org\/hungary\/wp-json\/wp\/v2\/p4-page-type?post=2343"}],"curies":[{"name":"wp","href":"https:\/\/api.w.org\/{rel}","templated":true}]}}