{"id":2377,"date":"2014-05-09T00:00:00","date_gmt":"2014-05-08T22:00:00","guid":{"rendered":"https:\/\/www.greenpeace.org\/hungary\/blog\/2377\/a-torveny-es-az-igazsag-kishantos-oldalan\/"},"modified":"2019-11-06T09:41:35","modified_gmt":"2019-11-06T08:41:35","slug":"a-torveny-es-az-igazsag-kishantos-oldalan","status":"publish","type":"post","link":"https:\/\/www.greenpeace.org\/hungary\/sajtokozlemeny\/2377\/a-torveny-es-az-igazsag-kishantos-oldalan\/","title":{"rendered":"A t\u00f6rv\u00e9ny \u00e9s az igazs\u00e1g Kishantos oldal\u00e1n"},"content":{"rendered":"<h2>A jogi helyzet \u00f6sszefoglal\u00e1sa<\/h2>\n<\/p>\n<div class=\"leader\">\n\tBudapest, 2014. m\u00e1jus 9. \u2013 2014. \u00e1prilis 15-\u00e9n fordultunk el\u0151sz\u00f6r k\u00e9r\u00e9ssel Orb\u00e1n Viktor minisztereln\u00f6kh\u00f6z a Kishantosi Vid\u00e9kfejleszt\u00e9si K\u00f6zpont \u00e1ltal kor\u00e1bban b\u00e9relt f\u00f6ldeken a h\u00fasv\u00e9t el\u0151tti h\u00e9tv\u00e9g\u00e9n t\u00f6rt\u00e9nt puszt\u00edt\u00e1s \u00fcgy\u00e9ben. Level\u00fcnkre v\u00e1laszt nem kaptunk. Tegnap \u00fajabb megd\u00f6bbent\u0151 esem\u00e9ny t\u00f6rt\u00e9nt Kishantoson, amely miatt ism\u00e9telten meg kell hogy k\u00e9rj\u00fck, l\u00e9pjen fel jog\u00e1llamis\u00e1gunk v\u00e9delm\u00e9ben. Ez\u00e9rt a mai napon \u00faj levelet \u00edrtunk \u00e9s adtunk \u00e1t a Minisztereln\u00f6ki Titk\u00e1rs\u00e1gnak, ahol L\u0151d\u00f6r Zolt\u00e1n \u00e9s Peth\u0151 Bence vett\u00e9k \u00e1t a levelet.\n<\/div>\n<div>\n<p><a href=\"http:\/\/www.greenpeace.org\/hungary\/hu\/sajtokozpont\/A-torveny-es-az-igazsag-Kishantos-oldalan\/Ismetelt-keres-Kishantos-ugyeben\/\">A lev\u00e9l itt olvashat\u00f3.<\/a><\/p>\n<p>Mivel tavaly okt\u00f3ber \u00f3ta a Nemzeti F\u00f6ldalapkezel\u0151 (NFA) az \u00e9rv\u00e9nyes jogszab\u00e1lyokat sorozatosan semmibe vette, ezzel k\u00e1osz keletkezett az am\u00fagy egyszer\u0171en \u00e1tl\u00e1that\u00f3, \u00e9s tisztess\u00e9ges jog\u00e1llamban megfelel\u0151en kezelhet\u0151 helyzetben. A jelenlegi jogi helyzet meg\u00e9rt\u00e9se \u00e9rdek\u00e9ben al\u00e1bb k\u00f6z\u00f6lj\u00fck dr. Ny\u00edr\u00e1n Gergely, a Greenpeace \u00fcgyv\u00e9dj\u00e9nek \u00e1ll\u00e1sfoglal\u00e1s\u00e1t a perekr\u0151l \u00e9s az eddigi b\u00edr\u00f3s\u00e1gi d\u00f6nt\u00e9sekr\u0151l.<\/p>\n<blockquote>\n<p>2014. \u00e1prilis 25. volt az els\u0151 t\u00e1rgyal\u00e1si nap abban a birtokv\u00e9delmi persorozatban, amelyet a Kishantosi f\u00f6ldek \u201e\u00faj haszonb\u00e9rl\u0151i\u201d ind\u00edtottak a Kishantosi K\u00f6zhaszn\u00fa Kft. ellen. H\u00e1rom per k\u00f6z\u00fcl kett\u0151t elvesztettek els\u0151 fokon az \u201e\u00faj haszonb\u00e9rl\u0151k\u201d, egy pedig halaszt\u00e1sra ker\u00fclt. V\u00e1rhat\u00f3an a tov\u00e1bbi perek ugyanilyen meg\u00edt\u00e9l\u00e9s al\u00e1 fognak esni.<\/p>\n<p>A Sz\u00e9kesfeh\u00e9rv\u00e1ri J\u00e1r\u00e1sb\u00edr\u00f3s\u00e1g indokl\u00e1s\u00e1b\u00f3l egy\u00e9rtelm\u0171en kider\u00fcl, hogy az adott perekben nem is d\u00f6nthetett m\u00e1sk\u00e9nt: hiszen vannak jogszab\u00e1lyok, amelyeket nem lehet megker\u00fclni akkor sem, ha a m\u00e1sik oldalon az \u00e1llam igyekszik a jogtalans\u00e1g ir\u00e1ny\u00e1ba eltolni a k\u00e9rd\u00e9s rendez\u00e9s\u00e9t.<\/p>\n<p>K\u00f6zismert, hogy az \u00e1llami (azaz \u00f6sszt\u00e1rsadalmi) tulajdon\u00fa f\u00f6ldek kezel\u0151jek\u00e9nt az NFA 2013 nyar\u00e1n jogvit\u00e1ba keveredett a Kishantosi K\u00f6zhaszn\u00fa Kft.-vel (a tov\u00e1bbiakban: Kishantos). Az NFA azonban a felmer\u00fclt jogvit\u00e1s helyzetben nem a jog rendes (alkotm\u00e1nyos) \u00fatj\u00e1t v\u00e1lasztotta, hanem fondorlatos m\u00f3don igyekezett az \u201e\u00faj haszonb\u00e9rl\u0151k\u201d seg\u00edt\u00e9s\u00e9gre lenni, \u00e9s a h\u00e1tt\u00e9rb\u0151l jogtalans\u00e1gra buzd\u00edtotta \u0151ket. Ennek eredm\u00e9nye volt a ter\u00fcletek t\u00f6nkret\u00e9tele, a tegnapi \u00fajabb bet\u00e1rcs\u00e1z\u00e1s \u00e9s a k\u00e9t \u201e\u00faj haszonb\u00e9rl\u0151\u201d perveszt\u00e9se, a sz\u00e9kesfeh\u00e9rv\u00e1ri jegyz\u0151n\u00e9l t\u00f6rt\u00e9nt kor\u00e1bbi k\u00f6zigazgat\u00e1siper-veszt\u00e9s\u00fck ut\u00e1n.<\/p>\n<p>Mi is a jelenlegi joghelyzet?<\/p>\n<p>Kishantos \u00e1llami f\u00f6ldek b\u00e9rl\u0151jek\u00e9nt folytat egyed\u00fcl\u00e1ll\u00f3 biogazd\u00e1lkod\u00e1st;\u00a0\u00a0 \u00a0<\/p>\n<ul>\n<li>mikor lej\u00e1r a szerz\u0151d\u00e9se, az NFA nem neki \u00edt\u00e9li a f\u00f6ldeket, hanem hagyom\u00e1nyos\u00a0\u00a0\u00a0\u00a0 gazd\u00e1lkod\u00e1st folytat\u00f3 \u201ekisgazd\u00e1knak\u201d;<\/li>\n<li>Kishantos, jogtalans\u00e1got \u00e9s t\u00f6rv\u00e9nytelens\u00e9get \u00e9szlelve, protest\u00e1lt a d\u00f6nt\u00e9s ellen (id\u0151k\u00f6zben meg is ind\u00edtotta az erre ir\u00e1nyul\u00f3 jog\u00e9rv\u00e9nyes\u00edt\u00e9si pert) \u00e9s nem adta vissza az NFA-nak az \u00e1ltala birtokban tartott f\u00f6ldeket;<\/li>\n<li>a visszatart\u00e1s jog\u00e1t mint jogos \u00f6nv\u00e9delmet gyakorolja Kishantos abban a rem\u00e9nyben, hogy az NFA-val szembeni jog\u00e9rv\u00e9nyes\u00edt\u00e9si elj\u00e1r\u00e1sa eredm\u00e9nyre fog vezetni,\u00a0\u00a0\u00a0 \u00a0<\/li>\n<li>az NFA teh\u00e1t a k\u00e9rd\u00e9ses \u00e1llami f\u00f6ldek birtok\u00e1hoz nem jutott hozz\u00e1, mert Kishantos megakad\u00e1lyozta ebb\u00e9li t\u00f6rekv\u00e9s\u00e9ben;<\/li>\n<li>an\u00e9lk\u00fcl, hogy az NFA visszakapta volna az \u00e1ltala kezelt f\u00f6ldek birtok\u00e1t \u00e9s azzal szabadon rendelkezhetett volna, azt a l\u00e1tszatot igyekezett kelteni, hogy azokat \u0151 \u2013 Kishantos megker\u00fcl\u00e9s\u00e9vel \u2013 odaadta az \u201e\u00faj haszonb\u00e9rl\u0151knek\u201d;<\/li>\n<li>az \u201e\u00faj haszonb\u00e9rl\u0151k\u201d \u2013 az NFA biztat\u00e1s\u00e1val a h\u00e1tuk m\u00f6g\u00f6tt \u2013 k\u00eds\u00e9rletet tettek a ter\u00fcletek birtokba v\u00e9tel\u00e9re, de ezt Kishantos a Greenpeace-szel egy\u00fcttm\u0171k\u00f6dve megakad\u00e1lyozta;<\/li>\n<li>az NFA nem ind\u00edtott birtokpert Kishantossal szemben, viszont biztatta az \u201e\u00faj haszonb\u00e9rl\u0151ket\u201d, hogy \u0151k maguk pereljenek;<\/li>\n<li>\u00edgy indultak meg a birtokv\u00e9delmi elj\u00e1r\u00e1sok az \u201e\u00faj haszonb\u00e9rl\u0151k\u201d r\u00e9sz\u00e9r\u0151l Kishantossal szemben;<\/li>\n<li>Kishantos ezekben a perekben v\u00e9dekezik, hiszen \u0151 a birtokos, \u00e9s \u0151 senkinek nem s\u00e9rtette a birtok\u00e1t.<\/li>\n<\/ul>\n<p>A sz\u00e9kesfeh\u00e9rv\u00e1ri jegyz\u0151 hat\u00e1rozatai \u2013 amelyekben elutas\u00edtotta az \u201e\u00faj haszonb\u00e9rl\u0151k\u201d birtokv\u00e9delmi k\u00e9relmeit, ily m\u00f3don \u00e9rthet\u0151ek.<\/p>\n<p>Az NFA tov\u00e1bbra sem v\u00e1ltoztatott magatart\u00e1s\u00e1n, \u00e9s ragaszkodott az ide\u00e1j\u00e1hoz, hogy \u0151 \u00e1tadta a f\u00f6ldeket az \u201e\u00faj haszonb\u00e9rl\u0151knek\u201d, ez\u00e9rt v\u00e9dj\u00e9k meg a birtokukat. Ennek eredm\u00e9nye az a persorozat, amely az \u201e\u00faj haszonb\u00e9rl\u0151k\u201d r\u00e9sz\u00e9r\u0151l indult Kishantos ellen, illetve a birtokv\u00e9delem ir\u00e1nt.<\/p>\n<p>Kishantos pernyertess\u00e9g\u00e9nek vil\u00e1gos \u00e9s az \u00e1ltal\u00e1nos b\u00edr\u00f3i gyakorlathoz igazod\u00f3 oka:<\/p>\n<ul>\n<li>ha valaki birtokban tart egy ingatlant \u2013 mint pl. egy lak\u00e1s kor\u00e1bbi b\u00e9rl\u0151je \u2013 akkor azt az \u00faj b\u00e9rl\u0151 \u2013 p\u00e9ld\u00e1nkn\u00e1l maradva: a lak\u00e1s \u00faj b\u00e9rl\u0151je \u2013 nem rakhatja ki;<\/li>\n<li>az \u00faj b\u00e9rl\u0151nek semmilyen jogviszonya nincs a kor\u00e1bbi b\u00e9rl\u0151vel;\u00a0\u00a0 \u00a0<\/li>\n<li>am\u00edg a kor\u00e1bbi b\u00e9rl\u0151 az ingatlan tulajdonos\u00e1val (jelen esetben az NFA) nem rendezi a jogviszony\u00e1t, addig az \u00faj b\u00e9rl\u0151nek nincs semmilyen joga.<\/li>\n<\/ul>\n<p>Ezt mondta ki a Sz\u00e9kesfeh\u00e9rv\u00e1ri J\u00e1r\u00e1sb\u00edr\u00f3s\u00e1g, helyrebillentve ezzel a jog\u00e1llamba vetett hit\u00e9t sok elf\u00e1radt \u00e9s meggy\u00f6t\u00f6rt embernek, akik az NFA m\u00f6g\u00f6tt egy \u00f6ssz\u00e1llami \u00f6sszeesk\u00fcv\u00e9st v\u00e9ltek l\u00e1tni \u2013 rem\u00e9nyeink szerint alaptalanul. <strong>Az \u00faj b\u00e9rl\u0151 teh\u00e1t nem jogosult birtokv\u00e9delemre a kor\u00e1bbi b\u00e9rl\u0151vel szemben; \u00e9s mindaddig, am\u00edg a tulajdonos a kor\u00e1bbi b\u00e9rl\u0151vel nem rendezi a jogviszony\u00e1t, addig neki semmilyen joga nincs.<\/strong><\/p>\n<p>\u00dcr\u00f6m az \u00f6r\u00f6mben, hogy k\u00f6zben az NFA biztat\u00e1s\u00e1ra sor ker\u00fclhetett arra az atrocit\u00e1sra, amelynek sor\u00e1n az \u201e\u00faj haszonb\u00e9rl\u0151k\u201d kisz\u00e1ntott\u00e1k a Kishantosiak vet\u00e9s\u00e9t. Mert ahogy az NFA jog\u00e1sza (Gy\u00f6ngy\u00f6si Zolt\u00e1n) fogalmazott a sz\u00e9kesfeh\u00e9rv\u00e1ri jegyz\u0151 el\u0151tti birtokvit\u00e1ban: \u201e<em>\u00c9n nem pereskedn\u00e9k vel\u00fck: f\u00f6lr\u00fagn\u00e1m \u0151ket, mint a szemetet.<\/em>\u201d<\/p>\n<p>Nem kaptak teh\u00e1t birtokv\u00e9delmet az er\u0151szakhoz folyamod\u00f3k, helyette kaptak egy fedd\u00e9st, hogy birtokvit\u00e1t nem lehet er\u0151szakkal eld\u00f6nteni, mert azzal s\u00e9r\u00fcl a t\u00e1rsadalmi b\u00e9ke. Jogvit\u00e1k lehetnek \u2013 mindig is lesznek \u2013, de az er\u0151szak h\u00e1bor\u00fahoz vezet. Erre pedig egy egy\u00e9bk\u00e9nt is zaklatott t\u00e1rsadalomnak nincs sz\u00fcks\u00e9ge, \u00e9s ezt a megold\u00e1st kiz\u00e1rj\u00e1k az eur\u00f3pai norm\u00e1k, m\u00e1rpedig a Korm\u00e1ny hitet tett Eur\u00f3pa mellett, \u00e9s a Kr\u00edm elfoglal\u00e1s\u00e1nak \u00fcgy\u00e9ben az Uni\u00f3 mell\u00e9 \u00e1llt.<\/p>\n<p>Ugyanezt k\u00e9rt\u00fck volna \u00e9s v\u00e1rtuk volna el az NFA-t\u00f3l is. Azonban az NFA-n\u00e1l nagyon nagy probl\u00e9m\u00e1k lehetnek, ha ezt nem \u00edgy l\u00e1tj\u00e1k, \u00e9s gazd\u00e1kat hajszolnak bele h\u00e1bor\u00faba, gy\u0171l\u00f6lk\u00f6d\u00e9sbe.<\/p>\n<\/blockquote>\n<p><strong>K\u00e9pek:<br \/><\/strong><a href=\"https:\/\/www.flickr.com\/photos\/greenpeacehu\/sets\/72157644175429867\/\">https:\/\/www.flickr.com\/photos\/greenpeacehu\/sets\/72157644175429867\/<\/a><\/p>\n<p><strong>Tegnapi sajt\u00f3k\u00f6zlem\u00e9ny\u00fcnk:<\/strong><br \/><a href=\"http:\/\/www.greenpeace.org\/hungary\/hu\/sajtokozpont\/Megint-zajlik-a-barbar-pusztitas-Kishantoson\/\">http:\/\/www.greenpeace.org\/hungary\/hu\/sajtokozpont\/Megint-zajlik-a-barbar-pusztitas-Kishantoson\/<\/a><\/p>\n<p><strong>Tov\u00e1bbi inform\u00e1ci\u00f3:<\/strong><br \/>Rodics Katalin<br \/>region\u00e1lis kamp\u00e1nyfelel\u0151s<br \/>katalin.rodics@greenpeace.org<br \/><script type=\"text\/javascript\"><!--\ndocument.write(dc('Eoi_1', '66_01_14_09_48_03_05_07_03_16_08_03_03_14_01_26_15_05_0F_02_09_14_48_08_0F_0A_07_12_07_0D'));\/\/--><\/script><br \/>+36 20 479 1916<\/p>\n<\/div>\n","protected":false},"excerpt":{"rendered":"<div>\n\tBudapest, 2014. m\u00e1jus 9. \u2013 2014. \u00e1prilis 15-\u00e9n fordultunk el\u0151sz\u00f6r k\u00e9r\u00e9ssel Orb\u00e1n Viktor minisztereln\u00f6kh\u00f6z a Kishantosi Vid\u00e9kfejleszt\u00e9si K\u00f6zpont \u00e1ltal kor\u00e1bban b\u00e9relt f\u00f6ldeken a h\u00fasv\u00e9t el\u0151tti h\u00e9tv\u00e9g\u00e9n t\u00f6rt\u00e9nt puszt\u00edt\u00e1s \u00fcgy\u00e9ben. Level\u00fcnkre v\u00e1laszt nem kaptunk. Tegnap \u00fajabb megd\u00f6bbent\u0151 esem\u00e9ny t\u00f6rt\u00e9nt Kishantoson, amely miatt ism\u00e9telten meg kell hogy k\u00e9rj\u00fck, l\u00e9pjen fel jog\u00e1llamis\u00e1gunk v\u00e9delm\u00e9ben. Ez\u00e9rt a mai napon \u00faj levelet \u00edrtunk \u00e9s adtunk \u00e1t a Minisztereln\u00f6ki Titk\u00e1rs\u00e1gnak, ahol L\u0151d\u00f6r Zolt\u00e1n \u00e9s Peth\u0151 Bence vett\u00e9k \u00e1t a levelet.\n<\/div>\n","protected":false},"author":25,"featured_media":0,"comment_status":"closed","ping_status":"open","sticky":false,"template":"","format":"standard","meta":{"ep_exclude_from_search":false,"p4_og_title":"","p4_og_description":"","p4_og_image":"","p4_og_image_id":"","p4_seo_canonical_url":"","p4_campaign_name":"","p4_local_project":"","p4_basket_name":"","p4_department":"","footnotes":""},"categories":[4],"tags":[35,18],"p4-page-type":[37],"class_list":["post-2377","post","type-post","status-publish","format-standard","hentry","category-ember-tarsadalom","tag-okogazdalkodas","tag-beke","p4-page-type-sajtokozlemeny"],"_links":{"self":[{"href":"https:\/\/www.greenpeace.org\/hungary\/wp-json\/wp\/v2\/posts\/2377","targetHints":{"allow":["GET"]}}],"collection":[{"href":"https:\/\/www.greenpeace.org\/hungary\/wp-json\/wp\/v2\/posts"}],"about":[{"href":"https:\/\/www.greenpeace.org\/hungary\/wp-json\/wp\/v2\/types\/post"}],"author":[{"embeddable":true,"href":"https:\/\/www.greenpeace.org\/hungary\/wp-json\/wp\/v2\/users\/25"}],"replies":[{"embeddable":true,"href":"https:\/\/www.greenpeace.org\/hungary\/wp-json\/wp\/v2\/comments?post=2377"}],"version-history":[{"count":1,"href":"https:\/\/www.greenpeace.org\/hungary\/wp-json\/wp\/v2\/posts\/2377\/revisions"}],"predecessor-version":[{"id":2378,"href":"https:\/\/www.greenpeace.org\/hungary\/wp-json\/wp\/v2\/posts\/2377\/revisions\/2378"}],"wp:attachment":[{"href":"https:\/\/www.greenpeace.org\/hungary\/wp-json\/wp\/v2\/media?parent=2377"}],"wp:term":[{"taxonomy":"category","embeddable":true,"href":"https:\/\/www.greenpeace.org\/hungary\/wp-json\/wp\/v2\/categories?post=2377"},{"taxonomy":"post_tag","embeddable":true,"href":"https:\/\/www.greenpeace.org\/hungary\/wp-json\/wp\/v2\/tags?post=2377"},{"taxonomy":"p4-page-type","embeddable":true,"href":"https:\/\/www.greenpeace.org\/hungary\/wp-json\/wp\/v2\/p4-page-type?post=2377"}],"curies":[{"name":"wp","href":"https:\/\/api.w.org\/{rel}","templated":true}]}}