{"id":2415,"date":"2014-02-07T00:00:00","date_gmt":"2014-02-06T22:00:00","guid":{"rendered":"https:\/\/www.greenpeace.org\/hungary\/blog\/2415\/a-greenpeace-hutlen-kezeles-miatt-perel-kishantos-vedelmeben\/"},"modified":"2019-11-06T09:41:42","modified_gmt":"2019-11-06T08:41:42","slug":"a-greenpeace-hutlen-kezeles-miatt-perel-kishantos-vedelmeben","status":"publish","type":"post","link":"https:\/\/www.greenpeace.org\/hungary\/sajtokozlemeny\/2415\/a-greenpeace-hutlen-kezeles-miatt-perel-kishantos-vedelmeben\/","title":{"rendered":"A Greenpeace h\u0171tlen kezel\u00e9s miatt perel Kishantos v\u00e9delm\u00e9ben"},"content":{"rendered":"<div class=\"leader\">\n\tBudapest, 2014. febru\u00e1r 7. \u2013 A Greenpeace Magyarorsz\u00e1g Egyes\u00fclet a mai napon ismeretlen elk\u00f6vet\u0151k ellen feljelent\u00e9st tett h\u0171tlen kezel\u00e9s alapos gyan\u00faja miatt [1], a Kishantosi Vid\u00e9kfejleszt\u00e9si K\u00f6zpont K\u00f6zhaszn\u00fa Nonprofit Kft. 21 \u00e9ve vegyszermentesen m\u0171velt f\u00f6ldjeinek v\u00e9delm\u00e9ben, a Btk. 376. \u00a7 (1) bekezd\u00e9s alapj\u00e1n. A peres elj\u00e1r\u00e1st megalapoz\u00f3 dokument\u00e1ci\u00f3t az Orsz\u00e1gos Rend\u0151r-f\u0151kapit\u00e1nys\u00e1g Korrupci\u00f3 \u00e9s Gazdas\u00e1gi B\u0171n\u00f6z\u00e9s Elleni Oszt\u00e1ly\u00e1n adt\u00e1k be.\n<\/div>\n<div>\n<p>A feljelent\u00e9s t\u00f6bbek k\u00f6z\u00f6tt a k\u00f6vetkez\u0151ket tartalmazza:<\/p>\n<ol>\n<li>a Greenpeace igazs\u00e1g\u00fcgyi szak\u00e9rt\u0151j\u00e9nek v\u00e9lem\u00e9ny\u00e9t a Kishantosi Vid\u00e9kfejleszt\u00e9si K\u00f6zpont eredm\u00e9nyeinek vizsg\u00e1lat\u00e1r\u00f3l;<\/li>\n<li>az NFA haszonb\u00e9rleti p\u00e1ly\u00e1zati felh\u00edv\u00e1s\u00e1t;<\/li>\n<li>az alapvet\u0151 jogok \u00e9s a j\u00f6v\u0151 nemzed\u00e9kek \u00e9rdekeinek v\u00e9delm\u00e9t ell\u00e1t\u00f3 biztos helyettes k\u00f6z\u00f6s jelent\u00e9s\u00e9t, amelyben alkotm\u00e1nyellenesnek min\u0151s\u00edtik az NFA d\u00f6nt\u00e9s\u00e9t;<\/li>\n<li>az NFA-t Ellen\u0151rz\u00e9si Bizotts\u00e1g jelent\u00e9s\u00e9t, amely szerint a p\u00e1ly\u00e1zatok elb\u00edr\u00e1l\u00e1s\u00e1ban nem a szakmai szempontok d\u00f6nt\u00f6ttek, hanem szubjekt\u00edv alapokon adhat\u00f3 pontokkal nyertek az \u00fajonnan kiv\u00e1lasztott b\u00e9rl\u0151k.<\/li>\n<\/ol>\n<p>A Kishantosi Vid\u00e9kfejleszt\u00e9si K\u00f6zpont 1998. november 11-t\u0151l kezd\u0151d\u0151en folytat biogazd\u00e1lkod\u00e1st Kishantoson, 452 hekt\u00e1ron a f\u00f6ldtulajdonos magyar \u00e1llam egyet\u00e9rt\u00e9se \u00e9s t\u00e1mogat\u00e1sa mellett. A biogazd\u00e1lkod\u00e1snak k\u00f6sz\u00f6nhet\u0151en az \u00e9rintett ter\u00fcletek nem k\u00f6z\u00f6ns\u00e9ges term\u0151f\u00f6ldek, hanem a Bio Suisse min\u0151s\u00edt\u00e9snek megfelel\u0151, <strong>k\u00fcl\u00f6nleges adotts\u00e1gokkal<\/strong>, \u00e9s ebb\u0151l k\u00f6vetkez\u0151en <strong>\u00fagynevezett \u201ejelent\u0151s \u00e9rt\u00e9kn\u00f6veked\u00e9ssel b\u00edr\u00f3\u201d ingatlanok. Valamennyi ingatlan az EU agr\u00e1r-k\u00f6rnyezetgazd\u00e1lkod\u00e1si t\u00e1mogat\u00e1si (AKG) rendszer\u00e9ben, a 4 c\u00e9lprogramcsoport egyik\u00e9ben szerepel. Ez alapj\u00e1n a teljes 5 \u00e9ves p\u00e1ly\u00e1zati id\u0151szakra kapj\u00e1k az Eur\u00f3pai Uni\u00f3 t\u00e1mogat\u00e1s\u00e1t.<\/strong><\/p>\n<p>Az \u00e1llami f\u00f6ldvagyonunk kezel\u0151jek\u00e9nt elj\u00e1r\u00f3 Nemzeti F\u00f6ldalapkezel\u0151 Szervezet (NFA) sz\u00e1mos szab\u00e1lytalans\u00e1got k\u00f6vetett el:<\/p>\n<ul>\n<li>A kishantosi f\u00f6ldekre vonatkoz\u00f3 p\u00e1ly\u00e1zati felh\u00edv\u00e1sok \u00e9s ki\u00edr\u00e1sok sor\u00e1n figyelmen k\u00edv\u00fcl hagyta, hogy <strong>az adott biogazd\u00e1lkod\u00e1ssal m\u0171velt ingatlanokra csak az AKG szab\u00e1lyrendszer\u00e9nek megfelel\u0151en lehet az esed\u00e9kes t\u00e1mogat\u00e1st leh\u00edvni.<\/strong><\/li>\n<li>Ezen k\u00edv\u00fcl a k\u00f6telezetts\u00e9gv\u00e1llal\u00e1si id\u0151szakon bel\u00fcl az els\u0151 \u00e9s az utols\u00f3 (\u00f6t\u00f6dik) \u00e9vben nem lehet a kedvezm\u00e9nyezett szem\u00e9ly\u00e9n v\u00e1ltoztatni. (Kishantos az 5. \u00e9vben van.)<\/li>\n<li>Az \u00f6kol\u00f3giai st\u00e1tusz\u00fa f\u00f6ldter\u00fcletre p\u00e1ly\u00e1z\u00f3nak nem lehet egyetlen hekt\u00e1rnyi, nem \u00f6kol\u00f3giai st\u00e1tusz\u00fa ter\u00fclete sem, mert akkor m\u00e1r nem jogosult erre a t\u00e1mogat\u00e1sra.<\/li>\n<\/ul>\n<p>Ezeknek a felt\u00e9teleknek egyed\u00fcl Kishantosi Vid\u00e9kfejleszt\u00e9si K\u00f6zpont felelt meg, de az adott ter\u00fcletek p\u00e1ly\u00e1zatait a fenti szab\u00e1lyrendszer figyelmen k\u00edv\u00fcl hagy\u00e1s\u00e1val hirdett\u00e9k meg \u00e9s b\u00edr\u00e1lt\u00e1k el. Ennek k\u00f6vetkezm\u00e9nye, hogy az AKG-beli jogot a p\u00e1ly\u00e1zat nyerteseinek m\u00e9g akkor sem lehetne \u00e1tadni, ha Kishantos egy\u00e9bk\u00e9nt elfogadn\u00e1 az \u2013 \u00e1ltala egy\u00e9bk\u00e9nt megt\u00e1madott \u2013 p\u00e1ly\u00e1zatok eredm\u00e9ny\u00e9t, mert az NFA \u00e1ltal kiv\u00e1lasztott nyertesek egyike sem felel meg a krit\u00e9riumoknak.<\/p>\n<p>A Greenpeace erre m\u00e1r kor\u00e1bban felh\u00edvta az NFA figyelm\u00e9t, \u00e9s k\u00e9rte, hogy a vitathat\u00f3 p\u00e1ly\u00e1zatokkal szemben ideiglenes hasznos\u00edt\u00e1st enged\u00e9lyezzenek Kishantosnak a jogi elj\u00e1r\u00e1sok elind\u00edt\u00e1sa miatt, legal\u00e1bb az AKG befejez\u00e9s\u00e9ig, tov\u00e1bbi egy \u00e9vre. \u00cdgy Magyarorsz\u00e1g nem vesz\u00edtette volna el ezt az eur\u00f3pai uni\u00f3s t\u00e1mogat\u00e1st. Az NFA azonban nem engedett a felh\u00edv\u00e1snak, a t\u00e1mogat\u00e1s ez\u00e9rt elveszett, ami egy\u00e9rtelm\u0171en k\u00e1rokoz\u00e1s. Az NFA eddigi elj\u00e1r\u00e1s\u00e1val m\u00e1r bizony\u00edtottan <strong>bek\u00f6vetkezett k\u00e1r teh\u00e1t k\u00f6r\u00fclbel\u00fcl 21 700 000 Ft<\/strong>. [2]<\/p>\n<p>H\u0171tlen kezel\u00e9s t\u00e9ny\u00e1ll\u00e1s\u00e1t csak a m\u00e1r bek\u00f6vetkezett k\u00e1r alapj\u00e1n lehet ind\u00edtani, ez\u00e9rt a Greenpeace ezt a pert most kiz\u00e1r\u00f3lag a m\u00e1r elvesztett AKG-t\u00e1mogat\u00e1sra alapozza. \u00c1m amennyiben az NFA per\u00fcnk bead\u00e1sa ut\u00e1n sem v\u00e1ltoztatja meg d\u00f6nt\u00e9s\u00e9t, k\u00e9s\u0151bb tov\u00e1bbi k\u00e1rok is keletkezni fognak.<\/p>\n<ol>\n<li>Mivel az NFA nem tartotta be az Eur\u00f3pai Uni\u00f3 ez ir\u00e1ny\u00fa szab\u00e1lyoz\u00e1s\u00e1t a jogs\u00e9rt\u00e9sek miatt, az EU ellen\u0151rz\u00e9si szerve (az Eur\u00f3pai Bizotts\u00e1g vagy az Eur\u00f3pai Sz\u00e1mvev\u0151sz\u00e9k) elj\u00e1r\u00e1st ind\u00edthat a magyar \u00e1llam ellen. Ennek k\u00f6vetkezm\u00e9nyek\u00e9nt b\u00edrs\u00e1got szabhatnak ki a tag\u00e1llamra, vagy visszak\u00f6vetelhetik ak\u00e1r a m\u00e1r kifizetett megel\u0151z\u0151 4 \u00e9v t\u00e1mogat\u00e1s\u00e1t is. Az NFA mint kezel\u0151 szervezet ezzel sem vetett sz\u00e1mot.<\/li>\n<li>Term\u00e9keny talajunk az orsz\u00e1g legfontosabb term\u00e9szeti er\u0151forr\u00e1sa. Ennek meg\u0151rz\u00e9se, t\u00f6nkret\u00e9tel\u00e9nek megakad\u00e1lyoz\u00e1sa kiemelt fontoss\u00e1g\u00fa. Ez erk\u00f6lcsileg is megalapozza Kishantos v\u00e9delm\u00e9t a konkr\u00e9t forintokban meghat\u00e1rozott \u00e9rt\u00e9kek mellett.<\/li>\n<\/ol>\n<p>A 21 \u00e9ve vegyszermentes gazd\u00e1lkod\u00e1s eredm\u00e9nyek\u00e9nt az adott f\u00f6ldter\u00fclet vitathatatlanul \u00e9rt\u00e9kesebb\u00e9 v\u00e1lt. A Greenpeace az \u00e9rt\u00e9kn\u00f6veked\u00e9st egy talajtani igazs\u00e1g\u00fcgyi szak\u00e9rt\u0151vel m\u00e9rette fel. Az elk\u00e9sz\u00fclt t\u00f6bb mint 40 oldalas tanulm\u00e1ny adatokkal, sz\u00e1m\u00edt\u00e1sokkal bizony\u00edtja, hogy a biogazd\u00e1lkod\u00e1ssal kezelt f\u00f6ldter\u00fclet b\u00e9rleti jog\u00e1nak t\u00edz darabban t\u00f6rt\u00e9n\u0151, hagyom\u00e1nyos, vegyszeres mez\u0151gazdas\u00e1gi tev\u00e9kenys\u00e9gre meghirdet\u00e9se \u2013 az ek\u00f6zben elk\u00f6vetett t\u00f6rv\u00e9nytelen l\u00e9p\u00e9sek mellett \u2013 tov\u00e1bbi jelent\u0151s (minimum 260 milli\u00f3 Ft-os) \u00e9rt\u00e9kcs\u00f6kken\u00e9st okoz az \u00e1llami vagyonban. A Nemzeti F\u00f6ldalapkezel\u0151 Szervezet (NFA), mint az \u00e1llami vagyon kezel\u0151je, v\u00e9lem\u00e9ny\u00fcnk szerint nem hozhat olyan d\u00f6nt\u00e9seket, amelyek k\u00e1rt okoznak, \u00e9rt\u00e9kcs\u00f6kken\u00e9shez vezetnek mindannyiunk k\u00f6z\u00f6s tulajdon\u00e1ban. Ezeket a t\u00e9nyeket a most indul\u00f3 per kapcs\u00e1n szint\u00e9n fel fogjuk haszn\u00e1lni.<\/p>\n<p>V\u00c9GE<\/p>\n<p><strong>Tov\u00e1bbi inform\u00e1ci\u00f3:<\/strong><br \/>Rodics Katalin<br \/>region\u00e1lis kamp\u00e1nyfelel\u0151s<br \/>katalin.rodics@greenpeace.org<br \/><script type=\"text\/javascript\"><!--\ndocument.write(dc('Eoi_1', '36_43_5E_18_53_55_57_53_46_58_53_53_44_51_76_45_55_5F_52_59_44_18_58_5F_5A_57_42_57_5D'));\/\/--><\/script><br \/>+36 20 479 1916<\/p>\n<p><strong>H\u00e1tt\u00e9rinform\u00e1ci\u00f3:<\/strong><br \/>[1] A Greenpeace ismeretlen elk\u00f6vet\u0151k ellen ind\u00edtja a pert, mert jogi szem\u00e9lyeket, mint amilyen az NFA is, nem lehet feljelenteni. Szem\u00e9lyt az\u00e9rt nem nevez\u00fcnk meg, mert annak kider\u00edt\u00e9se, hogy ki a felel\u0151s, a nyomoz\u00f3 hat\u00f3s\u00e1g dolga.<\/p>\n<p>[2] Az esed\u00e9kes AKG-t\u00e1mogat\u00e1s 1 \u00e9vi \u00f6sszege, hekt\u00e1ronk\u00e9nt k\u00f6r\u00fclbel\u00fcl 161 eur\u00f3.<\/p>\n<\/div>\n","protected":false},"excerpt":{"rendered":"<div>\n\tBudapest, 2014. febru\u00e1r 7. \u2013 A Greenpeace Magyarorsz\u00e1g Egyes\u00fclet a mai napon ismeretlen elk\u00f6vet\u0151k ellen feljelent\u00e9st tett h\u0171tlen kezel\u00e9s alapos gyan\u00faja miatt [1], a Kishantosi Vid\u00e9kfejleszt\u00e9si K\u00f6zpont K\u00f6zhaszn\u00fa Nonprofit Kft. 21 \u00e9ve vegyszermentesen m\u0171velt f\u00f6ldjeinek v\u00e9delm\u00e9ben, a Btk. 376. \u00a7 (1) bekezd\u00e9s alapj\u00e1n. A peres elj\u00e1r\u00e1st megalapoz\u00f3 dokument\u00e1ci\u00f3t az Orsz\u00e1gos Rend\u0151r-f\u0151kapit\u00e1nys\u00e1g Korrupci\u00f3 \u00e9s Gazdas\u00e1gi B\u0171n\u00f6z\u00e9s Elleni Oszt\u00e1ly\u00e1n adt\u00e1k be.\n<\/div>\n","protected":false},"author":25,"featured_media":0,"comment_status":"closed","ping_status":"open","sticky":false,"template":"","format":"standard","meta":{"ep_exclude_from_search":false,"p4_og_title":"","p4_og_description":"","p4_og_image":"","p4_og_image_id":"","p4_seo_canonical_url":"","p4_campaign_name":"","p4_local_project":"","p4_basket_name":"","p4_department":"","footnotes":""},"categories":[4],"tags":[35,18],"p4-page-type":[37],"class_list":["post-2415","post","type-post","status-publish","format-standard","hentry","category-ember-tarsadalom","tag-okogazdalkodas","tag-beke","p4-page-type-sajtokozlemeny"],"_links":{"self":[{"href":"https:\/\/www.greenpeace.org\/hungary\/wp-json\/wp\/v2\/posts\/2415","targetHints":{"allow":["GET"]}}],"collection":[{"href":"https:\/\/www.greenpeace.org\/hungary\/wp-json\/wp\/v2\/posts"}],"about":[{"href":"https:\/\/www.greenpeace.org\/hungary\/wp-json\/wp\/v2\/types\/post"}],"author":[{"embeddable":true,"href":"https:\/\/www.greenpeace.org\/hungary\/wp-json\/wp\/v2\/users\/25"}],"replies":[{"embeddable":true,"href":"https:\/\/www.greenpeace.org\/hungary\/wp-json\/wp\/v2\/comments?post=2415"}],"version-history":[{"count":1,"href":"https:\/\/www.greenpeace.org\/hungary\/wp-json\/wp\/v2\/posts\/2415\/revisions"}],"predecessor-version":[{"id":2416,"href":"https:\/\/www.greenpeace.org\/hungary\/wp-json\/wp\/v2\/posts\/2415\/revisions\/2416"}],"wp:attachment":[{"href":"https:\/\/www.greenpeace.org\/hungary\/wp-json\/wp\/v2\/media?parent=2415"}],"wp:term":[{"taxonomy":"category","embeddable":true,"href":"https:\/\/www.greenpeace.org\/hungary\/wp-json\/wp\/v2\/categories?post=2415"},{"taxonomy":"post_tag","embeddable":true,"href":"https:\/\/www.greenpeace.org\/hungary\/wp-json\/wp\/v2\/tags?post=2415"},{"taxonomy":"p4-page-type","embeddable":true,"href":"https:\/\/www.greenpeace.org\/hungary\/wp-json\/wp\/v2\/p4-page-type?post=2415"}],"curies":[{"name":"wp","href":"https:\/\/api.w.org\/{rel}","templated":true}]}}