{"id":2692,"date":"2015-10-14T00:00:00","date_gmt":"2015-10-13T22:00:00","guid":{"rendered":"https:\/\/www.greenpeace.org\/hungary\/blog\/2692\/okologiai-gazdalkodas\/"},"modified":"2019-11-06T09:41:16","modified_gmt":"2019-11-06T08:41:16","slug":"okologiai-gazdalkodas","status":"publish","type":"post","link":"https:\/\/www.greenpeace.org\/hungary\/kiadvany\/2692\/okologiai-gazdalkodas\/","title":{"rendered":"\u00d6kol\u00f3giai gazd\u00e1lkod\u00e1s"},"content":{"rendered":"<h2>Egy emberk\u00f6zpont\u00fa \u00e9lelmez\u00e9si rendszer h\u00e9t alapelve<\/h2>\n<div class=\"leader\">Az \u00e9tel az \u00e9let. Az t\u00e1pl\u00e1lja test\u00fcnket, amit termel\u00fcnk \u00e9s megesz\u00fcnk. \u00c9s m\u00e9gis: az \u00e9lelmez\u00e9s rendszere romokban hever. Ez a tanulm\u00e1ny bemutatja, hogy van m\u00e1sik \u00fat is. Ez a fenntarthat\u00f3s\u00e1g, a m\u00e9lt\u00e1nyoss\u00e1g \u00e9s az \u00e9lelmiszer-\u00f6nrendelkez\u00e9s<br \/>\nj\u00f6v\u0151k\u00e9pe:<\/div>\n<div>\n<p>mely biztons\u00e1gos \u00e9s eg\u00e9szs\u00e9ges \u00e9lelmiszert biztos\u00edt az emberi sz\u00fcks\u00e9gletek kiel\u00e9g\u00edt\u00e9s\u00e9re,<br \/>\n\u00e9s amelyben az \u00e9lelmiszerek \u00e9s a gazd\u00e1lkod\u00e1s f\u00f6l\u00f6tti ellen\u0151rz\u00e9s a nemzetk\u00f6zi nagyv\u00e1llalatok helyett a helyi k\u00f6z\u00f6ss\u00e9gek kez\u00e9ben van.<\/p>\n<\/div>\n<p><a href=\"https:\/\/www.greenpeace.org\/static\/planet4-hungary-stateless\/2018\/10\/80501fe9-80501fe9-okologiai_gazdalkodas_web.pdf\" target=\"_blank\" rel=\"noopener noreferrer\">\u00d6kol\u00f3giai gazd\u00e1lkod\u00e1s \u2013 Egy emberk\u00f6zpont\u00fa \u00e9lelmez\u00e9si rendszer h\u00e9t alapelve<\/a><\/p>\n","protected":false},"excerpt":{"rendered":"<div>\n\tAz \u00e9tel az \u00e9let. Az t\u00e1pl\u00e1lja test\u00fcnket, amit termel\u00fcnk \u00e9s megesz\u00fcnk. \u00c9s m\u00e9gis: az \u00e9lelmez\u00e9s rendszere romokban hever. Ez a tanulm\u00e1ny bemutatja, hogy van m\u00e1sik \u00fat is. Ez a fenntarthat\u00f3s\u00e1g, a m\u00e9lt\u00e1nyoss\u00e1g \u00e9s az \u00e9lelmiszer-\u00f6nrendelkez\u00e9s<br \/>\nj\u00f6v\u0151k\u00e9pe:\n<\/div>\n","protected":false},"author":25,"featured_media":2919,"comment_status":"closed","ping_status":"open","sticky":false,"template":"","format":"standard","meta":{"ep_exclude_from_search":false,"p4_og_title":"","p4_og_description":"","p4_og_image":"","p4_og_image_id":"","p4_seo_canonical_url":"","p4_campaign_name":"","p4_local_project":"","p4_basket_name":"","p4_department":"","footnotes":""},"categories":[3],"tags":[35],"p4-page-type":[36],"class_list":["post-2692","post","type-post","status-publish","format-standard","has-post-thumbnail","hentry","category-termeszet-kornyezet","tag-okogazdalkodas","p4-page-type-kiadvany"],"_links":{"self":[{"href":"https:\/\/www.greenpeace.org\/hungary\/wp-json\/wp\/v2\/posts\/2692","targetHints":{"allow":["GET"]}}],"collection":[{"href":"https:\/\/www.greenpeace.org\/hungary\/wp-json\/wp\/v2\/posts"}],"about":[{"href":"https:\/\/www.greenpeace.org\/hungary\/wp-json\/wp\/v2\/types\/post"}],"author":[{"embeddable":true,"href":"https:\/\/www.greenpeace.org\/hungary\/wp-json\/wp\/v2\/users\/25"}],"replies":[{"embeddable":true,"href":"https:\/\/www.greenpeace.org\/hungary\/wp-json\/wp\/v2\/comments?post=2692"}],"version-history":[{"count":3,"href":"https:\/\/www.greenpeace.org\/hungary\/wp-json\/wp\/v2\/posts\/2692\/revisions"}],"predecessor-version":[{"id":5776,"href":"https:\/\/www.greenpeace.org\/hungary\/wp-json\/wp\/v2\/posts\/2692\/revisions\/5776"}],"wp:featuredmedia":[{"embeddable":true,"href":"https:\/\/www.greenpeace.org\/hungary\/wp-json\/wp\/v2\/media\/2919"}],"wp:attachment":[{"href":"https:\/\/www.greenpeace.org\/hungary\/wp-json\/wp\/v2\/media?parent=2692"}],"wp:term":[{"taxonomy":"category","embeddable":true,"href":"https:\/\/www.greenpeace.org\/hungary\/wp-json\/wp\/v2\/categories?post=2692"},{"taxonomy":"post_tag","embeddable":true,"href":"https:\/\/www.greenpeace.org\/hungary\/wp-json\/wp\/v2\/tags?post=2692"},{"taxonomy":"p4-page-type","embeddable":true,"href":"https:\/\/www.greenpeace.org\/hungary\/wp-json\/wp\/v2\/p4-page-type?post=2692"}],"curies":[{"name":"wp","href":"https:\/\/api.w.org\/{rel}","templated":true}]}}