{"id":2695,"date":"2014-02-23T00:00:00","date_gmt":"2014-02-22T22:00:00","guid":{"rendered":"https:\/\/www.greenpeace.org\/hungary\/blog\/2695\/az-eloregedo-atomeromuvek-elettartam-hosszabbitasa\/"},"modified":"2019-11-06T09:41:40","modified_gmt":"2019-11-06T08:41:40","slug":"az-eloregedo-atomeromuvek-elettartam-hosszabbitasa","status":"publish","type":"post","link":"https:\/\/www.greenpeace.org\/hungary\/kiadvany\/2695\/az-eloregedo-atomeromuvek-elettartam-hosszabbitasa\/","title":{"rendered":"Az el\u00f6reged\u0151 atomer\u0151m\u0171vek \u00e9lettartam-hosszabb\u00edt\u00e1sa"},"content":{"rendered":"<h2>Bel\u00e9p\u00e9s a kock\u00e1zatok \u00faj korszak\u00e1ba<\/h2>\n<div class=\"leader\">Az atomreaktorok el\u00f6reged\u00e9se s\u00fcrget\u0151 probl\u00e9ma a nukle\u00e1ris energi\u00e1t felhaszn\u00e1l\u00f3 eur\u00f3pai orsz\u00e1gok t\u00f6bbs\u00e9g\u00e9ben. A 25 leg\u00f6regebb eur\u00f3pai atomreaktor mindegyike t\u00f6bb mint 35 \u00e9ve m\u0171k\u00f6dik. A nukle\u00e1ris kock\u00e1zatok \u00faj korszak\u00e1ba l\u00e9p\u00fcnk.<\/div>\n<div>\n<p>Tov\u00e1bbi r\u00e9szletek\u00e9rt l\u00e1sd: <a href=\"http:\/\/out-of-age.eu\/\">http:\/\/out-of-age.eu\/<\/a><\/p>\n<\/div>\n<p><a href=\"https:\/\/www.greenpeace.org\/static\/planet4-hungary-stateless\/2018\/10\/57306514-57306514-ageing_az_eloregedo_atomeromuvek.pdf\" target=\"_blank\" rel=\"noopener noreferrer\">Az el\u00f6reged\u0151 atomer\u0151m\u0171vek \u00e9lettartam-hosszabb\u00edt\u00e1sa<\/a><\/p>\n","protected":false},"excerpt":{"rendered":"<p>Az atomreaktorok el\u00f6reged\u00e9se s\u00fcrget\u0151 probl\u00e9ma a nukle\u00e1ris energi\u00e1t felhaszn\u00e1l\u00f3 eur\u00f3pai orsz\u00e1gok t\u00f6bbs\u00e9g\u00e9ben. A 25 leg\u00f6regebb eur\u00f3pai atomreaktor mindegyike t\u00f6bb mint 35 \u00e9ve m\u0171k\u00f6dik. A nukle\u00e1ris kock\u00e1zatok \u00faj korszak\u00e1ba l\u00e9p\u00fcnk.<\/p>\n","protected":false},"author":25,"featured_media":2911,"comment_status":"closed","ping_status":"open","sticky":false,"template":"","format":"standard","meta":{"ep_exclude_from_search":false,"p4_og_title":"","p4_og_description":"","p4_og_image":"","p4_og_image_id":"","p4_seo_canonical_url":"","p4_campaign_name":"","p4_local_project":"","p4_basket_name":"","p4_department":"","footnotes":""},"categories":[2],"tags":[17],"p4-page-type":[36],"class_list":["post-2695","post","type-post","status-publish","format-standard","has-post-thumbnail","hentry","category-klima-energia","tag-atomenergia","p4-page-type-kiadvany"],"_links":{"self":[{"href":"https:\/\/www.greenpeace.org\/hungary\/wp-json\/wp\/v2\/posts\/2695","targetHints":{"allow":["GET"]}}],"collection":[{"href":"https:\/\/www.greenpeace.org\/hungary\/wp-json\/wp\/v2\/posts"}],"about":[{"href":"https:\/\/www.greenpeace.org\/hungary\/wp-json\/wp\/v2\/types\/post"}],"author":[{"embeddable":true,"href":"https:\/\/www.greenpeace.org\/hungary\/wp-json\/wp\/v2\/users\/25"}],"replies":[{"embeddable":true,"href":"https:\/\/www.greenpeace.org\/hungary\/wp-json\/wp\/v2\/comments?post=2695"}],"version-history":[{"count":3,"href":"https:\/\/www.greenpeace.org\/hungary\/wp-json\/wp\/v2\/posts\/2695\/revisions"}],"predecessor-version":[{"id":5785,"href":"https:\/\/www.greenpeace.org\/hungary\/wp-json\/wp\/v2\/posts\/2695\/revisions\/5785"}],"wp:featuredmedia":[{"embeddable":true,"href":"https:\/\/www.greenpeace.org\/hungary\/wp-json\/wp\/v2\/media\/2911"}],"wp:attachment":[{"href":"https:\/\/www.greenpeace.org\/hungary\/wp-json\/wp\/v2\/media?parent=2695"}],"wp:term":[{"taxonomy":"category","embeddable":true,"href":"https:\/\/www.greenpeace.org\/hungary\/wp-json\/wp\/v2\/categories?post=2695"},{"taxonomy":"post_tag","embeddable":true,"href":"https:\/\/www.greenpeace.org\/hungary\/wp-json\/wp\/v2\/tags?post=2695"},{"taxonomy":"p4-page-type","embeddable":true,"href":"https:\/\/www.greenpeace.org\/hungary\/wp-json\/wp\/v2\/p4-page-type?post=2695"}],"curies":[{"name":"wp","href":"https:\/\/api.w.org\/{rel}","templated":true}]}}