{"id":2704,"date":"2014-10-06T00:00:00","date_gmt":"2014-10-05T22:00:00","guid":{"rendered":"https:\/\/www.greenpeace.org\/hungary\/blog\/2704\/a-roszatom-kockazatai-3\/"},"modified":"2019-11-06T09:41:28","modified_gmt":"2019-11-06T08:41:28","slug":"a-roszatom-kockazatai-3","status":"publish","type":"post","link":"https:\/\/www.greenpeace.org\/hungary\/kiadvany\/2704\/a-roszatom-kockazatai-3\/","title":{"rendered":"A Roszatom kock\u00e1zatai"},"content":{"rendered":"<h2>Az orosz \u00e1llami atomenergetikai v\u00e1llalat zavaros \u00fcgyeinek \u00e9s t\u00f6rt\u00e9net\u00e9nek bemutat\u00e1sa<\/h2>\n<div class=\"leader\">A Roszatom \u2013 az Oroszorsz\u00e1gi F\u00f6der\u00e1ci\u00f3 atomenergetikai t\u00e1rsas\u00e1ga \u2013 az atomenergia-\u00e1gazat glob\u00e1lis hanyatl\u00e1sa ellen\u00e9re mind Oroszorsz\u00e1gban, mind pedig nemzetk\u00f6zi szinten akt\u00edv terjeszked\u0151 strat\u00e9gi\u00e1t folytat. A Roszatom megk\u00e9rd\u0151jelezhet\u0151 \u00fczleti partner.<\/div>\n<div>\n<p>Kifog\u00e1s emelhet\u0151 vele szemben korrupci\u00f3s \u00fcgyei kapcs\u00e1n, valamint nukle\u00e1ris reaktorainak biztons\u00e1gi \u00e9s min\u0151s\u00e9g-ellen\u0151rz\u00e9si norm\u00e1ival \u00f6sszef\u00fcgg\u0151en. K\u00e9rd\u00e9ses az atomer\u0151m\u0171vek \u00e9p\u00edt\u00e9s\u00e9hez \u00e9s \u00fczemeltet\u00e9s\u00e9hez sz\u00fcks\u00e9ges szaktud\u00e1s\u00e1nak min\u0151s\u00e9ge, \u00e1ltal\u00e1ban v\u00e9ve kompetenci\u00e1ja. Agg\u00e1lyok mer\u00fclnek fel tov\u00e1bb\u00e1 a projektek finansz\u00edroz\u00e1s\u00e1ban alkalmazott modellj\u00e9vel, illetve azzal kapcsolatban, hogy k\u00e9pes-e a kivitelez\u00e9st id\u0151ben \u00e9s az el\u0151re meghat\u00e1rozott k\u00f6lts\u00e9gvet\u00e9s keretein bel\u00fcl megval\u00f3s\u00edtani.<\/p>\n<p>J\u00f3llehet e besz\u00e1mol\u00f3 a Roszatom t\u00e1rsas\u00e1gra \u00f6sszpontos\u00edt, a Greenpeace m\u00e1s atomenergetikai c\u00e9gekkel (p\u00e9ld\u00e1ul a francia <em>Arev\u00e1val<\/em>, az USA-beli <em>GE-vel<\/em>, a kanadai <em>AECL-lel<\/em> vagy a jap\u00e1n <em>Hitachival<\/em>) szemben is sz\u00e9lesk\u00f6r\u0171 kamp\u00e1nyokat folytatott.<\/p>\n<p><strong>A jelent\u00e9s <a href=\"https:\/\/www.greenpeace.org\/static\/planet4-hungary-stateless\/2018\/10\/9347961d-9347961d-a_roszatom_kockazatai_2017.pdf\">2017-es friss\u00edt\u00e9se<\/a><\/strong><\/p>\n<\/div>\n<p><a href=\"https:\/\/www.greenpeace.org\/static\/planet4-hungary-stateless\/2018\/10\/9347961d-9347961d-a_roszatom_kockazatai_2017.pdf\" target=\"_blank\" rel=\"noopener noreferrer\">A Roszatom kock\u00e1zatai<\/a><\/p>\n","protected":false},"excerpt":{"rendered":"<p>A Roszatom \u2013 az Oroszorsz\u00e1gi F\u00f6der\u00e1ci\u00f3 atomenergetikai t\u00e1rsas\u00e1ga \u2013 az atomenergia-\u00e1gazat glob\u00e1lis hanyatl\u00e1sa ellen\u00e9re mind Oroszorsz\u00e1gban, mind pedig nemzetk\u00f6zi szinten akt\u00edv terjeszked\u0151 strat\u00e9gi\u00e1t folytat. A Roszatom megk\u00e9rd\u0151jelezhet\u0151 \u00fczleti partner.<\/p>\n","protected":false},"author":25,"featured_media":2944,"comment_status":"closed","ping_status":"open","sticky":false,"template":"","format":"standard","meta":{"ep_exclude_from_search":false,"p4_og_title":"","p4_og_description":"","p4_og_image":"","p4_og_image_id":"","p4_seo_canonical_url":"","p4_campaign_name":"","p4_local_project":"","p4_basket_name":"","p4_department":"","footnotes":""},"categories":[2],"tags":[17],"p4-page-type":[36],"class_list":["post-2704","post","type-post","status-publish","format-standard","has-post-thumbnail","hentry","category-klima-energia","tag-atomenergia","p4-page-type-kiadvany"],"_links":{"self":[{"href":"https:\/\/www.greenpeace.org\/hungary\/wp-json\/wp\/v2\/posts\/2704","targetHints":{"allow":["GET"]}}],"collection":[{"href":"https:\/\/www.greenpeace.org\/hungary\/wp-json\/wp\/v2\/posts"}],"about":[{"href":"https:\/\/www.greenpeace.org\/hungary\/wp-json\/wp\/v2\/types\/post"}],"author":[{"embeddable":true,"href":"https:\/\/www.greenpeace.org\/hungary\/wp-json\/wp\/v2\/users\/25"}],"replies":[{"embeddable":true,"href":"https:\/\/www.greenpeace.org\/hungary\/wp-json\/wp\/v2\/comments?post=2704"}],"version-history":[{"count":3,"href":"https:\/\/www.greenpeace.org\/hungary\/wp-json\/wp\/v2\/posts\/2704\/revisions"}],"predecessor-version":[{"id":5782,"href":"https:\/\/www.greenpeace.org\/hungary\/wp-json\/wp\/v2\/posts\/2704\/revisions\/5782"}],"wp:featuredmedia":[{"embeddable":true,"href":"https:\/\/www.greenpeace.org\/hungary\/wp-json\/wp\/v2\/media\/2944"}],"wp:attachment":[{"href":"https:\/\/www.greenpeace.org\/hungary\/wp-json\/wp\/v2\/media?parent=2704"}],"wp:term":[{"taxonomy":"category","embeddable":true,"href":"https:\/\/www.greenpeace.org\/hungary\/wp-json\/wp\/v2\/categories?post=2704"},{"taxonomy":"post_tag","embeddable":true,"href":"https:\/\/www.greenpeace.org\/hungary\/wp-json\/wp\/v2\/tags?post=2704"},{"taxonomy":"p4-page-type","embeddable":true,"href":"https:\/\/www.greenpeace.org\/hungary\/wp-json\/wp\/v2\/p4-page-type?post=2704"}],"curies":[{"name":"wp","href":"https:\/\/api.w.org\/{rel}","templated":true}]}}