{"id":2716,"date":"2015-08-05T00:00:00","date_gmt":"2015-08-04T22:00:00","guid":{"rendered":"https:\/\/www.greenpeace.org\/hungary\/blog\/2716\/a-greenpeace-ertekelese-paks-ii-kornyezeti-hatastanulmanyarol\/"},"modified":"2019-11-06T09:41:18","modified_gmt":"2019-11-06T08:41:18","slug":"a-greenpeace-ertekelese-paks-ii-kornyezeti-hatastanulmanyarol","status":"publish","type":"post","link":"https:\/\/www.greenpeace.org\/hungary\/kiadvany\/2716\/a-greenpeace-ertekelese-paks-ii-kornyezeti-hatastanulmanyarol\/","title":{"rendered":"A Greenpeace \u00e9rt\u00e9kel\u00e9se Paks II k\u00f6rnyezeti hat\u00e1stanulm\u00e1ny\u00e1r\u00f3l"},"content":{"rendered":"<p>A Paksi Atomer\u0151m\u0171 \u00faj blokkjait \u00e9p\u00edttet\u0151 MVM Paks II. Atomer\u0151m\u0171 Fejleszt\u0151 Zrt. 2014 december\u00e9ben ny\u00fajtotta be enged\u00e9lyk\u00e9relm\u00e9t az illet\u00e9kes korm\u00e1nyhivatalnak. Elemezt\u00fck \u00e9s v\u00e9lem\u00e9nyezt\u00fck az enged\u00e9lyk\u00e9relem alapj\u00e1ul szolg\u00e1l\u00f3 dokumentumot.<\/p>\n<p>A Greenpeace \u00e1ll\u00e1spontja szerint az \u00faj paksi blokkokr\u00f3l k\u00e9sz\u00fclt hat\u00e1stanulm\u00e1ny hi\u00e1nyoss\u00e1gai miatt\u00a0nem alkalmas arra, hogy az alapj\u00e1n elb\u00edr\u00e1lhat\u00f3 legyen a k\u00f6rnyezetv\u00e9delmi enged\u00e9lyre vonatkoz\u00f3\u00a0k\u00e9relem. <strong>A dokumentum sz\u00e1mos l\u00e9nyeges k\u00e9rd\u00e9st hom\u00e1lyosan fejt ki, vagy egy\u00e1ltal\u00e1n nem is t\u00e1rgyal:<\/strong>\u00a0ilyen p\u00e9ld\u00e1ul az \u00e9p\u00edt\u00e9si \u00e9s \u00fczemeltet\u00e9si \u00fctemterv, a radioakt\u00edv hullad\u00e9kok \u00e9s a ki\u00e9gett \u00fczemanyagok kezel\u00e9se, az er\u0151m\u0171 majdani leszerel\u00e9se, valamint az eg\u00e9sz Paks II projekt gazdas\u00e1goss\u00e1ga, finansz\u00edroz\u00e1sa, \u00f6sszevet\u00e9se az alternat\u00edv\u00e1k hat\u00e1s\u00e1val.<\/p>\n<p>Pedig \u2013 tekintettel a projekt nemzetgazdas\u00e1gi jelent\u0151s\u00e9g\u00e9re,\u00a0nagys\u00e1grendj\u00e9re \u00e9s id\u0151t\u00e1vj\u00e1ra \u2013 a tervezett beruh\u00e1z\u00e1s k\u00f6rnyezeti hat\u00e1sait az alternat\u00edv\u00e1ival egy\u00fctt,\u00a0a gazdas\u00e1goss\u00e1gi k\u00e9rd\u00e9seket is figyelembe v\u00e9ve kellene \u00e9rt\u00e9kelni.<\/p>\n<p>A fenti k\u00e9rd\u00e9sek a tervezett beruh\u00e1z\u00e1s gazdas\u00e1gi, t\u00e1rsadalmi, k\u00f6rnyezeti s\u00faly\u00e1ra val\u00f3 tekintettel\u00a0sokkal r\u00e9szletesebb t\u00e1rgyal\u00e1st, alaposabb bemutat\u00e1st ig\u00e9nyelnek. Mindezek miatt<strong> a dokumentum\u00a0kieg\u00e9sz\u00edt\u00e9s\u00e9re, helyenk\u00e9nt teljes \u00fajra\u00edr\u00e1s\u00e1ra van sz\u00fcks\u00e9g. A Greenpeace ez\u00e9rt k\u00f6veteli,\u00a0hogy a beruh\u00e1z\u00e1s val\u00f3di \u00fctemterve alapj\u00e1n folytass\u00e1k le a vizsg\u00e1latokat, valamint p\u00f3tolj\u00e1k a\u00a0hat\u00e1stanulm\u00e1ny tov\u00e1bbi hi\u00e1nyoss\u00e1gait.<\/strong><\/p>\n<p><a href=\"https:\/\/www.greenpeace.org\/static\/planet4-hungary-stateless\/2018\/10\/ab870112-ab870112-paksii-kht-ertekelese_greenpeace.pdf\" target=\"_blank\" rel=\"noopener noreferrer\">LET\u00d6LT\u00c9S<\/a><\/p>\n","protected":false},"excerpt":{"rendered":"<p>A Paksi Atomer\u0151m\u0171 \u00faj blokkjait \u00e9p\u00edttet\u0151 MVM Paks II. Atomer\u0151m\u0171 Fejleszt\u0151 Zrt. 2014<br \/>\ndecember\u00e9ben ny\u00fajtotta be enged\u00e9lyk\u00e9relm\u00e9t az illet\u00e9kes korm\u00e1nyhivatalnak. Elemezt\u00fck \u00e9s v\u00e9lem\u00e9nyezt\u00fck az enged\u00e9lyk\u00e9relem alapj\u00e1ul szolg\u00e1l\u00f3 dokumentumot.<\/p>\n","protected":false},"author":25,"featured_media":2951,"comment_status":"closed","ping_status":"open","sticky":false,"template":"","format":"standard","meta":{"ep_exclude_from_search":false,"p4_og_title":"","p4_og_description":"","p4_og_image":"","p4_og_image_id":"","p4_seo_canonical_url":"","p4_campaign_name":"","p4_local_project":"","p4_basket_name":"","p4_department":"","footnotes":""},"categories":[2],"tags":[17],"p4-page-type":[36],"class_list":["post-2716","post","type-post","status-publish","format-standard","has-post-thumbnail","hentry","category-klima-energia","tag-atomenergia","p4-page-type-kiadvany"],"_links":{"self":[{"href":"https:\/\/www.greenpeace.org\/hungary\/wp-json\/wp\/v2\/posts\/2716","targetHints":{"allow":["GET"]}}],"collection":[{"href":"https:\/\/www.greenpeace.org\/hungary\/wp-json\/wp\/v2\/posts"}],"about":[{"href":"https:\/\/www.greenpeace.org\/hungary\/wp-json\/wp\/v2\/types\/post"}],"author":[{"embeddable":true,"href":"https:\/\/www.greenpeace.org\/hungary\/wp-json\/wp\/v2\/users\/25"}],"replies":[{"embeddable":true,"href":"https:\/\/www.greenpeace.org\/hungary\/wp-json\/wp\/v2\/comments?post=2716"}],"version-history":[{"count":3,"href":"https:\/\/www.greenpeace.org\/hungary\/wp-json\/wp\/v2\/posts\/2716\/revisions"}],"predecessor-version":[{"id":5777,"href":"https:\/\/www.greenpeace.org\/hungary\/wp-json\/wp\/v2\/posts\/2716\/revisions\/5777"}],"wp:featuredmedia":[{"embeddable":true,"href":"https:\/\/www.greenpeace.org\/hungary\/wp-json\/wp\/v2\/media\/2951"}],"wp:attachment":[{"href":"https:\/\/www.greenpeace.org\/hungary\/wp-json\/wp\/v2\/media?parent=2716"}],"wp:term":[{"taxonomy":"category","embeddable":true,"href":"https:\/\/www.greenpeace.org\/hungary\/wp-json\/wp\/v2\/categories?post=2716"},{"taxonomy":"post_tag","embeddable":true,"href":"https:\/\/www.greenpeace.org\/hungary\/wp-json\/wp\/v2\/tags?post=2716"},{"taxonomy":"p4-page-type","embeddable":true,"href":"https:\/\/www.greenpeace.org\/hungary\/wp-json\/wp\/v2\/p4-page-type?post=2716"}],"curies":[{"name":"wp","href":"https:\/\/api.w.org\/{rel}","templated":true}]}}