{"id":2761,"date":"2018-10-16T10:47:25","date_gmt":"2018-10-16T08:47:25","guid":{"rendered":"https:\/\/www.greenpeace.org\/hungary\/?p=2761"},"modified":"2021-12-01T13:25:41","modified_gmt":"2021-12-01T12:25:41","slug":"az-okomenza-nem-utopia","status":"publish","type":"post","link":"https:\/\/www.greenpeace.org\/hungary\/sajtokozlemeny\/2761\/az-okomenza-nem-utopia\/","title":{"rendered":"Az \u00f6komenza nem ut\u00f3pia"},"content":{"rendered":"<h3>A szarvasi gyermek\u00e9tkeztet\u00e9si modell<\/h3>\n<p><strong>Budapest, 2018. okt\u00f3ber 16. \u2013 Az \u00e9lelmez\u00e9si vil\u00e1gnapon a Greenpeace Magyarorsz\u00e1g a fenntarthat\u00f3 k\u00f6z\u00e9tkeztet\u00e9s fontoss\u00e1g\u00e1ra h\u00edvja fel a figyelmet. A z\u00f6ld szervezet \u00e1ltal bemutatott szarvasi gyermek\u00e9lelmez\u00e9si modellben a menzakoszt alapanyagainak csaknem fele helyi termel\u0151kt\u0151l, r\u00e9szben \u00f6kogazdas\u00e1gb\u00f3l sz\u00e1rmaz\u00f3 \u00e9lelmiszer. Mivel a gyerekek a leg\u00e9rz\u00e9kenyebbek az \u00e9lelmiszerekben tal\u00e1lhat\u00f3 n\u00f6v\u00e9nyv\u00e9d\u0151szer-maradv\u00e1nyokra, ez\u00e9rt sz\u00e1mukra k\u00fcl\u00f6n\u00f6sen fontos, hogy eg\u00e9szs\u00e9ges alapanyagokb\u00f3l k\u00e9sz\u00fclt \u00e9teleket kapjanak. A Greenpeace szorgalmazza, hogy legyen min\u00e9l nagyobb ar\u00e1nyban \u00f6kogazd\u00e1lkod\u00e1sb\u00f3l sz\u00e1rmaz\u00f3, k\u00e1ros vegyszerekt\u0151l mentes alapanyag a k\u00f6z\u00e9tkeztet\u00e9sben.<\/strong><\/p>\n<p>Szarvason t\u00f6bb szerepl\u0151 \u00f6sszefog\u00e1s\u00e1val olyan el\u0151remutat\u00f3 gyermek\u00e9lelmez\u00e9si modellt hoztak l\u00e9tre, ahol az alapanyagok csaknem fele helyi termel\u0151kt\u0151l sz\u00e1rmazik, a felhaszn\u00e1lt z\u00f6lds\u00e9gek 50-60%-a bioz\u00f6lds\u00e9g, az \u00e9lelmiszer-hullad\u00e9k mennyis\u00e9g\u00e9t pedig egyszer\u0171 \u00f6tletekkel cs\u00f6kkentik. A mint\u00e1ul szolg\u00e1l\u00f3 modell m\u0171k\u00f6d\u00e9s\u00e9nek alapja az \u00f6nkorm\u00e1nyzat, a helyi gazd\u00e1lkod\u00f3k, a helyi biogazdas\u00e1g, valamint gyermek\u00e9lelmez\u00e9si szakemberek \u00e9s a pedag\u00f3gusok \u00f6sszefog\u00e1sa.<\/p>\n<p>Mivel az \u00e9lelmiszerekben tal\u00e1lhat\u00f3 vegyszermaradv\u00e1nyokra a kisgyermekek a leg\u00e9rz\u00e9kenyebbek, sz\u00e1mukra k\u00fcl\u00f6n\u00f6sen fontos, hogy eg\u00e9szs\u00e9ges, j\u00f3 min\u0151s\u00e9g\u0171 alapanyagb\u00f3l k\u00e9sz\u00fclt \u00e9teleket kapjanak. Az <a href=\"https:\/\/www.google.hu\/url?sa=t&amp;rct=j&amp;q=&amp;esrc=s&amp;source=web&amp;cd=1&amp;ved=2ahUKEwj_8oGf1IDeAhXQYVAKHQBzBZwQFjAAegQICBAC&amp;url=http%3A%2F%2Fwww.europarl.europa.eu%2FRegData%2Fetudes%2FSTUD%2F2016%2F581922%2FEPRS_STU(2016)581922_EN.pdf&amp;usg=AOvVaw0pazhdWXG4Fe9P8EOkmfSa\">Eur\u00f3pai Parlament tudom\u00e1nyos szolg\u00e1lat\u00e1nak 2016-os jelent\u00e9se<\/a> [1] szerint bizonyos rovar\u00f6l\u0151 szerek p\u00e9ld\u00e1ul m\u00e9rhet\u0151 IQ-cs\u00f6kken\u00e9st is okozhatnak a fejl\u0151d\u00e9sben l\u00e9v\u0151 szervezet\u00fckben, \u00e9s az egyre gyakrabban diagnosztiz\u00e1lt figyelemzavaros hiperaktivit\u00e1s (ADHD) is \u00f6sszef\u00fcgg\u00e9sbe hozhat\u00f3 a n\u00f6v\u00e9nyv\u00e9d\u0151 szerekkel.<\/p>\n<p>A s\u00falyos eg\u00e9szs\u00e9g\u00fcgyi hat\u00e1sok mellett \u00e9tkez\u00e9s\u00fcnknek komoly k\u00f6rnyezeti hat\u00e1sai is vannak. Mostanra bizony\u00edtott t\u00e9ny, hogy a nagyipari, vegyszereken alapul\u00f3 mez\u0151gazdas\u00e1g az egyik legs\u00falyosabb okoz\u00f3ja a kl\u00edmav\u00e1ltoz\u00e1snak, \u00e9s \u00f3ri\u00e1si szerepe van az \u00e9l\u0151vizek szennyez\u00e9s\u00e9ben, valamint a vadon \u00e9l\u0151 \u00e1llatok \u00e9s n\u00f6v\u00e9nyek kihal\u00e1s\u00e1ban is. A termel\u00e9snek ez a m\u00f3dja a f\u00f6ldi \u00e9let fennmarad\u00e1s\u00e1t vesz\u00e9lyezteti, ez\u00e9rt mindenk\u00e9pp v\u00e1ltoztatni kell rajta, \u00e9s elmozdulni az \u00f6kol\u00f3giai gazd\u00e1lkod\u00e1s ir\u00e1ny\u00e1ba.<\/p>\n<p>A kedvez\u0151 v\u00e1ltoz\u00e1st a fogyaszt\u00f3i ig\u00e9nyek v\u00e1ltoz\u00e1sa \u00e9s a k\u00f6z\u00e9tkeztet\u00e9s meg\u00faj\u00edt\u00e1sa is \u00f6szt\u00f6nzi.<\/p>\n<p><em>\u201cMeggy\u0151z\u0151d\u00e9s\u00fcnk, hogy olyan k\u00f6z\u00e9tkeztet\u00e9sre van sz\u00fcks\u00e9g, amely minden gyerek sz\u00e1m\u00e1ra biztos\u00edtja az eg\u00e9szs\u00e9ges \u00e9teleket, amelyben az alapanyagok a lehet\u0151 legnagyobb ar\u00e1nyban a term\u00e9szettel \u00f6sszhangban m\u0171k\u00f6d\u0151, helyi \u00f6kol\u00f3giai gazd\u00e1lkod\u00e1sb\u00f3l sz\u00e1rmaznak.\u201d<\/em> &#8211; mondta Rodics Katalin, a Greenpeace Magyarorsz\u00e1g agr\u00e1rkamp\u00e1ny\u00e1nak vezet\u0151je.<\/p>\n<p>A Greenpeace azon dolgozik, hogy a hazai k\u00f6z\u00e9tkeztet\u00e9sben min\u00e9l nagyobb ar\u00e1nyban jelenjenek meg a hazai \u00f6kol\u00f3giai gazd\u00e1lkod\u00e1sb\u00f3l sz\u00e1rmaz\u00f3 \u00e9lelmiszerek. Ennek keret\u00e9ben az okosmenza.hu oldalon adom\u00e1nyszervez\u0151 kamp\u00e1nyt is ind\u00edtott. A kamp\u00e1nyt t\u00e1mogat\u00f3k az \u00f3vodai \u00e9s az iskolai k\u00f6z\u00e9tkeztet\u00e9s eg\u00e9szs\u00e9gesebb\u00e9 t\u00e9tel\u00e9hez j\u00e1rulhatnak hozz\u00e1.<\/p>\n<hr \/>\n<p><strong>K\u00e9pek az esem\u00e9nyr\u0151l (az album folyamatosan friss\u00fcl):<\/strong><\/p>\n<p><a data-flickr-embed='true' href='https:\/\/www.flickr.com\/photos\/greenpeacehu\/albums\/72157702300180304' title='2018.10.16.  A szarvasi gyermek\u00e9tkeztet\u00e9si modell by Greenpeace Magyarorsz\u00e1g, on Flickr'><img src='https:\/\/live.staticflickr.com\/1908\/30421735667_7c6950176e.jpg' width='800' height='600' alt='A szarvasi gyermek\u00e9tkeztet\u00e9si modell'><\/a><script async src='https:\/\/embedr.flickr.com\/assets\/client-code.js' charset='utf-8'><\/script><\/p>\n<p><strong>Hivatkoz\u00e1s:<\/strong><\/p>\n<p>[1] Human health implications of organic food and organic agriculture \u2212 European Parliamentary Research Service, 2016.<\/p>\n<p><a href=\"https:\/\/tinyurl.hu\/eaHc\/\">https:\/\/tinyurl.hu\/eaHc\/<\/a><\/p>\n<h3>H\u00e1tt\u00e9rinform\u00e1ci\u00f3:<\/h3>\n<p><strong>A szarvasi gyermek\u00e9tkeztet\u00e9si modellr\u0151l<\/strong><\/p>\n<p>A Szarvasi Gyermek\u00e9lelmez\u00e9si Nonprofit Kft.-n\u00e9l minden nap 1200 adag \u00e9telt f\u0151znek, mellyel \u00f3vod\u00e1kat, iskol\u00e1kat \u00e9s szoci\u00e1lis int\u00e9zm\u00e9nyeket l\u00e1tnak el. Az alapanyagok majdnem fele helyi vagy k\u00f6rny\u00e9kbeli gazd\u00e1lkod\u00f3t\u00f3l sz\u00e1rmazik, az \u00e1ltaluk felhaszn\u00e1lt z\u00f6lds\u00e9geknek pedig 50-60%-a biogazdas\u00e1gb\u00f3l, nagyr\u00e9szt a szarvasi BioHungaricum Kft.-t\u0151l \u00e9rkezik \u2212 ez k\u00f6r\u00fclbel\u00fcl \u00e9vi k\u00e9t kamionnyi z\u00f6lds\u00e9g.<\/p>\n<p>Az \u00f6kogazd\u00e1lkod\u00f3k bevon\u00e1sa, a helyi termel\u0151k \u00e9s a r\u00f6vid ell\u00e1t\u00e1si l\u00e1nc, a szezon\u00e1lis term\u00e9nyek el\u0151nyben r\u00e9szes\u00edt\u00e9se \u00e9s az \u00e9lelmiszer-hullad\u00e9k cs\u00f6kkent\u00e9se mind olyan l\u00e9p\u00e9sek, amelyek hozz\u00e1j\u00e1rulnak egy k\u00f6rnyezetv\u00e9delmi \u00e9s hum\u00e1n eg\u00e9szs\u00e9g\u00fcgyi szempontb\u00f3l is fenntarthat\u00f3 \u00e9lelmez\u00e9si rendszer kialak\u00edt\u00e1s\u00e1hoz.<\/p>\n<p>Egy ilyen rendszer m\u0171k\u00f6dtet\u00e9s\u00e9hez er\u0151s elhat\u00e1roz\u00e1s \u00e9s sok szerepl\u0151 \u00f6sszefog\u00e1sa kell, ez azonban nem lehetetlen. Szeretn\u00e9nk, ha min\u00e9l t\u00f6bb telep\u00fcl\u00e9sen k\u00f6vetn\u00e9k Szarvas p\u00e9ld\u00e1j\u00e1t.<\/p>\n<p><strong>T\u00f6bb \u00f6kogazd\u00e1lkod\u00e1sb\u00f3l sz\u00e1rmaz\u00f3 \u00e9lelmiszer kellene az \u00f3vodai \u00e9s iskolai menz\u00e1kra<\/strong><\/p>\n<p>A Greenpeace szerint olyan \u00e9lelmez\u00e9si rendszerre van sz\u00fcks\u00e9g, ahol az eg\u00e9szs\u00e9ges, helyben termelt \u00e9lelmiszerek el\u00e9rhet\u0151ek mindenki sz\u00e1m\u00e1ra, \u00e9s ahol az \u00e9lelmiszereink a term\u00e9szettel \u00f6sszhangban m\u0171k\u00f6d\u0151 \u00f6kol\u00f3giai gazd\u00e1lkod\u00e1sb\u00f3l sz\u00e1rmaznak.<\/p>\n<p>Ma m\u00e1r t\u00f6bb tanulm\u00e1ny is al\u00e1t\u00e1masztja, hogy lehets\u00e9ges elegend\u0151 eg\u00e9szs\u00e9ges \u00e9lelmiszert termelni az emberis\u00e9gnek \u00f6kol\u00f3giai m\u00f3dszerekkel is. A legfrissebb, most szeptemberben bemutatott kutat\u00e1s kimondottan <a href=\"https:\/\/www.euractiv.com\/section\/agriculture-food\/news\/agroecology-can-feed-europe-pesticide-free-in-2050-new-study-finds\/\">Eur\u00f3pa mez\u0151gazdas\u00e1g\u00e1t<\/a> [2] vizsg\u00e1lva jutott erre a k\u00f6vetkeztet\u00e9sre.<\/p>\n<p><strong>A vegyszereken alapul\u00f3 nagy\u00fczemi mez\u0151gazdas\u00e1g eg\u00e9szs\u00e9g\u00fcgyi hat\u00e1sai<\/strong><\/p>\n<p>Az \u00e9lelmiszerekben tal\u00e1lhat\u00f3 vegyszermaradv\u00e1nyokra a kisgyermekek a leg\u00e9rz\u00e9kenyebbek.<\/p>\n<p>Az <a href=\"https:\/\/www.google.hu\/url?sa=t&amp;rct=j&amp;q=&amp;esrc=s&amp;source=web&amp;cd=1&amp;ved=2ahUKEwj_8oGf1IDeAhXQYVAKHQBzBZwQFjAAegQICBAC&amp;url=http%3A%2F%2Fwww.europarl.europa.eu%2FRegData%2Fetudes%2FSTUD%2F2016%2F581922%2FEPRS_STU(2016)581922_EN.pdf&amp;usg=AOvVaw0pazhdWXG4Fe9P8EOkmfSa\">Eur\u00f3pai Parlament tudom\u00e1nyos szolg\u00e1lat\u00e1nak 2016-os jelent\u00e9se<\/a> [1] szerint bizonyos rovar\u00f6l\u0151 szerek p\u00e9ld\u00e1ul m\u00e9rhet\u0151 IQ-cs\u00f6kken\u00e9st is okozhatnak a fejl\u0151d\u00e9sben l\u00e9v\u0151 szervezet\u00fckben.<\/p>\n<p>Az egyre gyakrabban diagnosztiz\u00e1lt figyelemzavaros hiperaktivit\u00e1s (ADHD) szint\u00e9n \u00f6sszef\u00fcgg\u00e9sbe hozhat\u00f3 a n\u00f6v\u00e9nyv\u00e9d\u0151 szerekkel. Ennek az \u00f6sszetett rendelleness\u00e9gnek a pontos oka ismeretlen. Az USA-ban v\u00e9gzett kutat\u00e1sok azonban arr\u00f3l sz\u00e1moltak be, hogy azokn\u00e1l a gyerekekn\u00e9l, akiknek a vizelet\u00e9ben magasabb volt a szerves foszforsav-\u00e9szter boml\u00e1sterm\u00e9keinek szintje, nagyobb val\u00f3sz\u00edn\u0171s\u00e9ggel diagnosztiz\u00e1lt\u00e1k ezt a rendelleness\u00e9get.<\/p>\n<p>Emellett t\u00f6bb m\u00e1s betegs\u00e9g kialakul\u00e1s\u00e1ban is szerepet j\u00e1tszanak az \u00e9lelmiszereinkben maradv\u00e1nyk\u00e9nt el\u0151fordul\u00f3 n\u00f6v\u00e9nyv\u00e9d\u0151 szerek. \u00cdgy p\u00e9ld\u00e1ul sok allergi\u00e1s megbeteged\u00e9s, egyes r\u00e1kt\u00edpusok, idegrendszeri k\u00e1rosod\u00e1sok hozhat\u00f3k \u00f6sszef\u00fcgg\u00e9sbe ezekkel a vegyszerekkel.<\/p>\n<p>Gyermekeinket akkor tudhatjuk ebb\u0151l a szempontb\u00f3l biztons\u00e1gban, ha \u00f6kol\u00f3giai m\u00f3dszerekkel el\u0151\u00e1ll\u00edtott \u00e9lelmiszert fogyasztanak.<\/p>\n<p><strong>A mai nagy\u00fczemi mez\u0151gazdas\u00e1g k\u00f6rnyezeti hat\u00e1sai<\/strong><\/p>\n<p>Ma a legt\u00f6bben egy\u00e1ltal\u00e1n nem tudjuk, honnan sz\u00e1rmaznak az \u00e9lelmiszereink. Nagy r\u00e9sz\u00e9t \u00f3ri\u00e1si, monokult\u00far\u00e1s gazdas\u00e1gokban, rengeteg vegyszer felhaszn\u00e1l\u00e1s\u00e1val \u00e1ll\u00edtj\u00e1k el\u0151, gyakran nem is a mi f\u00f6ldr\u00e9sz\u00fcnk\u00f6n. Ha azonban csak Eur\u00f3p\u00e1t vizsg\u00e1ljuk, itt is rohamosan n\u0151 a n\u00f6v\u00e9nyv\u00e9d\u0151 szerek haszn\u00e1lata. Egy \u00e1tlagos n\u00e9met alma\u00fcltetv\u00e9nyt p\u00e9ld\u00e1ul 34-szer permeteznek le egyetlen szezonban.<\/p>\n<p>Ez s\u00falyos k\u00f6vetkezm\u00e9nyekkel j\u00e1r bolyg\u00f3nkra n\u00e9zve is. A n\u00f6v\u00e9nyv\u00e9d\u0151 szerek, a m\u0171tr\u00e1gy\u00e1k \u00e9s az \u00e1llattart\u00f3 telepek szennyvizei beker\u00fclnek a foly\u00f3kba \u00e9s tavakba, \u201cholt z\u00f3n\u00e1kat\u201d hoznak l\u00e9tre a tengerekben \u00e9s t\u00f6nkreteszik a talajt. Az \u00e9l\u0151vil\u00e1g pusztul\u00e1s\u00e1ban is \u00f3ri\u00e1si szerepet j\u00e1tszanak: az elm\u00falt 30 \u00e9vben <a href=\"https:\/\/www.agrotrend.hu\/gazdalkodas\/allattenyesztes\/30-ev-alatt-300-millio-madar-tunt-el-az-europai-agrarelohelyekrol\">h\u00e1romsz\u00e1zmilli\u00f3 mad\u00e1rral lett kevesebb<\/a> [3] az eur\u00f3pai agr\u00e1r\u00e9l\u0151helyeken.<\/p>\n<p>Emellett a jelenlegi \u00e9lelmez\u00e9si rendszer, ha minden j\u00e1rul\u00e9kos \u00e1gazatot sz\u00e1m\u00edt\u00e1sba vesz\u00fcnk (pl. feldolgoz\u00e1st, sz\u00e1ll\u00edt\u00e1st), az \u00fcvegh\u00e1zhat\u00e1s\u00fag\u00e1z-kibocs\u00e1t\u00e1s 50%-\u00e1\u00e9rt felel\u0151s.<\/p>\n<p><strong>A magyar lakoss\u00e1g t\u00f6bb mint k\u00e9tharmada szeretn\u00e9, ha vegyszermentes \u00e9lelmiszert haszn\u00e1ln\u00e1nak a k\u00f6z\u00e9tkeztet\u00e9sben<\/strong><\/p>\n<p>A Greenpeace 2017 okt\u00f3ber\u00e9ben v\u00e9gzett <a href=\"https:\/\/www.flickr.com\/photos\/greenpeacehu\/40257138542\/in\/album-72157692723311744\/\">k\u00f6zv\u00e9lem\u00e9ny-kutat\u00e1sa<\/a> [4] szerint az emberek 62%-a szeretn\u00e9, hogy az \u00f3vodai \u00e9s iskolai menz\u00e1kon k\u00f6telez\u0151 legyen a vegyszermentes bio\u00e9lelmiszerek haszn\u00e1lata, ez\u00e9rt ak\u00e1r t\u00f6bbet fizetni is hajland\u00f3 lenne.<\/p>\n<p><strong>Okt\u00f3ber 16. Az ENSZ \u00e9lelmez\u00e9si vil\u00e1gnapja<\/strong><\/p>\n<p>Az ENSZ \u00c9lelmez\u00e9si Vil\u00e1gnapj\u00e1nak c\u00e9lja, hogy mozg\u00f3s\u00edtsa a korm\u00e1nyokat \u00e9s a k\u00f6zv\u00e9lem\u00e9nyt a t\u00f6bb sz\u00e1z milli\u00f3 embert \u00e9rint\u0151 \u00e9lelmez\u00e9si gondok orvosl\u00e1s\u00e1ra. A FAO 2017-es jelent\u00e9se szerint jelenleg 815 milli\u00f3 ember \u00e9hezik a F\u00f6ld\u00f6n, annak ellen\u00e9re, hogy egy FAO tanulm\u00e1ny szerint bolyg\u00f3nk 10-12 milli\u00e1rd ember tudna t\u00e1pl\u00e1lni, ha kevesebb \u00e9lelmiszert dobn\u00e1nk ki, \u00e9s sokkal kevesebb h\u00fast \u00e9s tejterm\u00e9ket fogyasztan\u00e1nk.<\/p>\n<p><strong>Okosmenza.hu<\/strong><\/p>\n<p>A Greenpeace adom\u00e1nyszervez\u0151 kamp\u00e1nyt is ind\u00edtott az\u00e9rt, hogy tegy\u00fck eg\u00e9szs\u00e9gesebb\u00e9 egy\u00fctt az \u00f3vodai \u00e9s az iskolai k\u00f6z\u00e9tkeztet\u00e9st. A szervezet a helyi \u00f6ko\u00e9lelmiszerek fogyaszt\u00e1s\u00e1t szorgalmazza, illetve ezek min\u00e9l nagyobb ar\u00e1nyban t\u00f6rt\u00e9n\u0151 haszn\u00e1lat\u00e1t a k\u00f6z\u00e9tkeztet\u00e9sben. A kamp\u00e1ny keret\u00e9ben tov\u00e1bb\u00e1 kioszt 1000 biogy\u00fcm\u00f6lcs\u00f6t is a gyerekeknek. A <a href=\"https:\/\/okosmenza.hu\/\">weboldalon<\/a> tov\u00e1bbi cikkek \u00e9s \u00e9rdekess\u00e9gek olvashat\u00f3k az \u00f6kosmnez\u00e1r\u00f3l. Csatlakozzon \u00d6n is kamp\u00e1nyhoz! <a href=\"https:\/\/okosmenza.hu\/\">okosmenza.hu<\/a><\/p>\n<p><strong>Hivatkoz\u00e1sok:<\/strong><\/p>\n<p>[2] Agroecology can feed Europe pesticide-free in 2050, new study finds \u2212 euractive.com, 2018. szeptember 18.<\/p>\n<p><a href=\"https:\/\/www.euractiv.com\/section\/agriculture-food\/news\/agroecology-can-feed-europe-pesticide-free-in-2050-new-study-finds\/\">https:\/\/www.euractiv.com\/section\/agriculture-food\/news\/agroecology-can-feed-europe-pesticide-free-in-2050-new-study-finds\/<\/a><\/p>\n<p>[3] 30 \u00e9v alatt 300 milli\u00f3 mad\u00e1r t\u0171nt el az eur\u00f3pai agr\u00e1r\u00e9l\u0151helyekr\u0151l \u2212 agrotrend, 2018. szeptember 28.<\/p>\n<p><a href=\"https:\/\/www.agrotrend.hu\/gazdalkodas\/allattenyesztes\/30-ev-alatt-300-millio-madar-tunt-el-az-europai-agrarelohelyekrol\">https:\/\/www.agrotrend.hu\/gazdalkodas\/allattenyesztes\/30-ev-alatt-300-millio-madar-tunt-el-az-europai-agrarelohelyekrol<\/a><\/p>\n<p>[4] A Greenpeace Magyarorsz\u00e1g megb\u00edz\u00e1s\u00e1b\u00f3l a Z\u00e1vecz Research 2017. okt\u00f3ber\u00e9ben k\u00e9sz\u00edtett reprezentat\u00edv k\u00f6zv\u00e9lem\u00e9ny-kutat\u00e1sa<\/p>\n<p><a href=\"https:\/\/www.flickr.com\/photos\/greenpeacehu\/40257138542\/in\/album-72157692723311744\/\"><img loading=\"lazy\" decoding=\"async\" src=\"https:\/\/live.staticflickr.com\/4668\/40257138542_3a616cb864.jpg\" alt=\"01\" width=\"500\" height=\"333\" \/><\/a><\/p>\n\t\t\t<section\n\t\t\tclass=\"boxout post-806 \"\n\t\t\t\n\t\t>\n\t\t\t<a\n\t\t\t\tdata-ga-category=\"Take Action Boxout\"\n\t\t\t\tdata-ga-action=\"Image\"\n\t\t\t\tdata-ga-label=\"n\/a\"\n\t\t\t\tclass=\"cover-card-overlay\"\n\t\t\t\thref=\"https:\/\/www.greenpeace.org\/hungary\/cselekedj\/tamogasd-az-okosmenzakat-okoelelmiszert-az-ovodakba-iskolakba\/\" \n\t\t\t><\/a>\n\t\t\t\t\t\t\t<img\n\t\t\t\t\t\tsrc=\"https:\/\/www.greenpeace.org\/static\/planet4-hungary-stateless\/2018\/10\/e02f3e29-mg_8065-1024x683.jpg\"\n\t\t\t\t\t\tsrcset=\"https:\/\/www.greenpeace.org\/static\/planet4-hungary-stateless\/2018\/10\/e02f3e29-mg_8065-300x200.jpg 300w, https:\/\/www.greenpeace.org\/static\/planet4-hungary-stateless\/2018\/10\/e02f3e29-mg_8065-768x512.jpg 768w, https:\/\/www.greenpeace.org\/static\/planet4-hungary-stateless\/2018\/10\/e02f3e29-mg_8065-1024x683.jpg 1024w, https:\/\/www.greenpeace.org\/static\/planet4-hungary-stateless\/2018\/10\/e02f3e29-mg_8065-510x340.jpg 510w, https:\/\/www.greenpeace.org\/static\/planet4-hungary-stateless\/2018\/10\/e02f3e29-mg_8065.jpg 1500w\"\n\t\t\t\t\t\tsizes=\"(min-width: 1000px) 358px, (min-width: 780px) 313px, 88px\"\n\t\t\t\t\t\talt=\"\" title=\"\"\n\t\t\t\t\/>\n            \t\t\t<div class=\"boxout-content\">\n\t\t\t\t\t\t\t\t\t<a\n\t\t\t\t\t\tclass=\"boxout-heading medium\"\n\t\t\t\t\t\tdata-ga-category=\"Take Action Boxout\"\n\t\t\t\t\t\tdata-ga-action=\"Title\"\n\t\t\t\t\t\tdata-ga-label=\"n\/a\"\n\t\t\t\t\t\thref=\"https:\/\/www.greenpeace.org\/hungary\/cselekedj\/tamogasd-az-okosmenzakat-okoelelmiszert-az-ovodakba-iskolakba\/\"\n\t\t\t\t\t\t\n\t\t\t\t\t>\n\t\t\t\t\t\tT\u00e1mogasd az \u00d6kosmenz\u00e1kat: \u00f6ko\u00e9lelmiszert az \u00f3vod\u00e1kba, iskol\u00e1kba!\n\t\t\t\t\t<\/a>\n\t\t\t\t\t\t\t\t                                    <a\n                        class=\"btn btn-primary\"\n                        data-ga-category=\"Take Action Boxout\"\n                        data-ga-action=\"Call to Action\"\n                        data-ga-label=\"n\/a\"\n                        href=\"https:\/\/www.greenpeace.org\/hungary\/cselekedj\/tamogasd-az-okosmenzakat-okoelelmiszert-az-ovodakba-iskolakba\/\"\n                        \n                    >\n                        Cselekszem\n                    <\/a>\n                \t\t\t<\/div>\n\t\t\t\t\t<\/section>\n\t","protected":false},"excerpt":{"rendered":"<p>Az \u00e9lelmez\u00e9si vil\u00e1gnapon a Greenpeace Magyarorsz\u00e1g a fenntarthat\u00f3 k\u00f6z\u00e9tkeztet\u00e9s fontoss\u00e1g\u00e1ra h\u00edvja fel a figyelmet.<\/p>\n","protected":false},"author":25,"featured_media":2772,"comment_status":"closed","ping_status":"open","sticky":false,"template":"","format":"standard","meta":{"ep_exclude_from_search":false,"p4_og_title":"","p4_og_description":"","p4_og_image":"","p4_og_image_id":"","p4_seo_canonical_url":"","p4_campaign_name":"","p4_local_project":"","p4_basket_name":"","p4_department":"","footnotes":""},"categories":[4,3],"tags":[21,35],"p4-page-type":[37],"class_list":["post-2761","post","type-post","status-publish","format-standard","has-post-thumbnail","hentry","category-ember-tarsadalom","category-termeszet-kornyezet","tag-etkezes","tag-okogazdalkodas","p4-page-type-sajtokozlemeny"],"_links":{"self":[{"href":"https:\/\/www.greenpeace.org\/hungary\/wp-json\/wp\/v2\/posts\/2761","targetHints":{"allow":["GET"]}}],"collection":[{"href":"https:\/\/www.greenpeace.org\/hungary\/wp-json\/wp\/v2\/posts"}],"about":[{"href":"https:\/\/www.greenpeace.org\/hungary\/wp-json\/wp\/v2\/types\/post"}],"author":[{"embeddable":true,"href":"https:\/\/www.greenpeace.org\/hungary\/wp-json\/wp\/v2\/users\/25"}],"replies":[{"embeddable":true,"href":"https:\/\/www.greenpeace.org\/hungary\/wp-json\/wp\/v2\/comments?post=2761"}],"version-history":[{"count":5,"href":"https:\/\/www.greenpeace.org\/hungary\/wp-json\/wp\/v2\/posts\/2761\/revisions"}],"predecessor-version":[{"id":8883,"href":"https:\/\/www.greenpeace.org\/hungary\/wp-json\/wp\/v2\/posts\/2761\/revisions\/8883"}],"wp:featuredmedia":[{"embeddable":true,"href":"https:\/\/www.greenpeace.org\/hungary\/wp-json\/wp\/v2\/media\/2772"}],"wp:attachment":[{"href":"https:\/\/www.greenpeace.org\/hungary\/wp-json\/wp\/v2\/media?parent=2761"}],"wp:term":[{"taxonomy":"category","embeddable":true,"href":"https:\/\/www.greenpeace.org\/hungary\/wp-json\/wp\/v2\/categories?post=2761"},{"taxonomy":"post_tag","embeddable":true,"href":"https:\/\/www.greenpeace.org\/hungary\/wp-json\/wp\/v2\/tags?post=2761"},{"taxonomy":"p4-page-type","embeddable":true,"href":"https:\/\/www.greenpeace.org\/hungary\/wp-json\/wp\/v2\/p4-page-type?post=2761"}],"curies":[{"name":"wp","href":"https:\/\/api.w.org\/{rel}","templated":true}]}}