{"id":3443,"date":"2019-02-04T14:49:24","date_gmt":"2019-02-04T13:49:24","guid":{"rendered":"https:\/\/www.greenpeace.org\/hungary\/?p=3443"},"modified":"2025-10-01T13:57:03","modified_gmt":"2025-10-01T11:57:03","slug":"kolontar-tortenelmi-az-itelet-a-vorosiszapperben-de-kialto-a-megfelelo-szabalyozas-hianya","status":"publish","type":"post","link":"https:\/\/www.greenpeace.org\/hungary\/sajtokozlemeny\/3443\/kolontar-tortenelmi-az-itelet-a-vorosiszapperben-de-kialto-a-megfelelo-szabalyozas-hianya\/","title":{"rendered":"Kolont\u00e1r: t\u00f6rt\u00e9nelmi az \u00edt\u00e9let a v\u00f6r\u00f6siszapperben \u2013 de ki\u00e1lt\u00f3 a megfelel\u0151 szab\u00e1lyoz\u00e1s hi\u00e1nya"},"content":{"rendered":"<p><b>Budapest, 2019. febru\u00e1r 4. \u2013 T\u00f6rt\u00e9nelmi jelent\u0151s\u00e9g\u0171, hogy a megism\u00e9telt els\u0151 fok\u00fa elj\u00e1r\u00e1sban felel\u0151st hirdettek az ajkai v\u00f6r\u00f6siszap-katasztr\u00f3fa per\u00e9ben. \u00c1m a hat\u00f3s\u00e1gok felel\u0151ss\u00e9g\u00e9t firtat\u00f3 kulcsk\u00e9rd\u00e9sek tov\u00e1bbra is tiszt\u00e1zatlanok maradtak. Ahhoz, hogy a j\u00f6v\u0151ben Magyarorsz\u00e1g elker\u00fclhesse a hasonl\u00f3 katasztr\u00f3f\u00e1kat, f\u00fcggetlen \u00e9s hat\u00e9kony hat\u00f3s\u00e1gokra van sz\u00fcks\u00e9g, valamint olyan er\u0151s \u00e9s m\u0171k\u00f6d\u0151 jogszab\u00e1lyokra, amelyek k\u00e9pesek biztos\u00edtani a k\u00f6rnyezetv\u00e9delem legfontosabb alapelv\u00e9t, \u201ea szennyez\u0151 fizet\u201d-elvet. <\/b><\/p>\n<p>Mindenk\u00e9ppen \u00f6r\u00f6mteli, hogy a 8 \u00e9ve h\u00faz\u00f3d\u00f3 v\u00f6r\u00f6siszapperben a b\u00edr\u00f3s\u00e1g kimondta a Mal Zrt. vezet\u0151inek felel\u0151ss\u00e9g\u00e9t. A mai \u00edt\u00e9let azonban tov\u00e1bbra sem ad v\u00e1laszt a hat\u00f3s\u00e1gok felel\u0151ss\u00e9g\u00e9t firtat\u00f3 kulcsk\u00e9rd\u00e9sekre. A Mal Zrt. \u00e1ltal \u00fczemeltetett kolont\u00e1ri v\u00f6r\u00f6siszap-t\u00e1rol\u00f3ban ugyanis \u2013 a c\u00e9gvezet\u0151k \u00e9s a hat\u00f3s\u00e1gok assziszt\u00e1l\u00e1s\u00e1val \u2013 az enged\u00e9lyekt\u0151l jelent\u0151sen elt\u00e9r\u0151 tev\u00e9kenys\u00e9g zajlott.<\/p>\n<p><a href=\"https:\/\/www.greenpeace.org\/archive-hungary\/hu\/sajtokozpont\/Meg-mindig-nem-tudjuk-szabalyszeren-uzemeltettek-e-a-vorosiszap-tarozot-a-kolontari-katasztrofa-eltt\/\">Mint ahogy arra a Greenpeace Magyarorsz\u00e1g m\u00e1r sz\u00e1mtalanszor felh\u00edvta a figyelmet<\/a>, [1] t\u00f6bb tiszt\u00e1zatlan elem fedezhet\u0151 fel a jogszab\u00e1lyi el\u0151\u00edr\u00e1sok \u00e9s a Mal Zrt. enged\u00e9lyeiben le\u00edrtak, illetve a v\u00f6r\u00f6siszap-t\u00e1roz\u00f3n a gyakorlatban foly\u00f3 tev\u00e9kenys\u00e9g k\u00f6z\u00f6tt. A z\u00f6ld szervezet 2017-ben a m\u00e1sodfok\u00fa elj\u00e1r\u00e1s sor\u00e1n ny\u00fajtotta be agg\u00e1lyait a Gy\u0151ri \u00cdt\u00e9l\u0151t\u00e1bl\u00e1nak, melyben k\u00e9t fontos meg\u00e1llap\u00edt\u00e1st tett\u00fcnk:<\/p>\n<ol>\n<li>A kolont\u00e1ri g\u00e1tszakad\u00e1sban k\u00f6zel 1 milli\u00f3 k\u00f6bm\u00e9ter foly\u00e9kony l\u00fag \u00f6ml\u00f6tt ki a t\u00e1roz\u00f3b\u00f3l, mik\u00f6zben a Mal Zrt. kor\u00e1bbi katasztr\u00f3famegel\u0151z\u00e9si terve csup\u00e1n legfeljebb 400 000 k\u00f6bm\u00e9ter kijut\u00f3 anyaggal sz\u00e1molt.<\/li>\n<li>A baleset ut\u00e1n v\u00e9telezett mint\u00e1k l\u00fagoss\u00e1ga legal\u00e1bb sz\u00e1zszorosan haladta meg a vesz\u00e9lyess\u00e9gi \u00e9rt\u00e9ket, a Mal Zrt. 2006-os enged\u00e9ly\u00e9ben a X. kazetta m\u00e9gis \u201enem vesz\u00e9lyeshullad\u00e9k-t\u00e1rol\u00f3k\u00e9nt\u201d lett besorolva. A katasztr\u00f3f\u00e1t k\u00f6vet\u0151en az Eur\u00f3pai Bizotts\u00e1g kijelentette, hogy <i>\u201ea Bizotts\u00e1g \u00fagy \u00edt\u00e9li meg, hogy ezt a hullad\u00e9kot \u2013 tekintettel annak rendk\u00edv\u00fcl mar\u00f3 jelleg\u00e9re \u2013 vesz\u00e9lyes hullad\u00e9kk\u00e9nt kellett volna besorolni.\u201d [2]<\/i><\/li>\n<\/ol>\n<p><i>\u201eA kolont\u00e1ri katasztr\u00f3fa f\u0151 oka az volt, hogy megfelel\u0151 hat\u00f3s\u00e1gi ellen\u0151rz\u00e9s hi\u00e1ny\u00e1ban az ajkai v\u00f6r\u00f6siszapt\u00e1roz\u00f3 X. kazett\u00e1j\u00e1ban l\u00e9nyegesen t\u00f6bb l\u00fagos v\u00f6r\u00f6siszapos folyad\u00e9kot t\u00e1roltak, mint amennyir\u0151l a c\u00e9g enged\u00e9lye sz\u00f3lt. Annak pedig, hogy a baleset ilyen sok emberi s\u00e9r\u00fcl\u00e9ssel \u00e9s egyes esetekben hal\u00e1lesettel is j\u00e1rt, az az oka, hogy az anyag l\u00fagoss\u00e1ga \u2013 szint\u00e9n megfelel\u0151 hat\u00f3s\u00e1gi ellen\u0151rz\u00e9s hi\u00e1ny\u00e1ban \u2013 sz\u00e1zszorosan meghaladta a vesz\u00e9lyess\u00e9gi \u00e9rt\u00e9ket. Ez a k\u00e9t kulcsk\u00e9rd\u00e9s felveti a hat\u00f3s\u00e1gok felel\u0151ss\u00e9g\u00e9t, amelyet azonban a ma lez\u00e1rult b\u00edr\u00f3s\u00e1gi elj\u00e1r\u00e1s sem vizsg\u00e1lt\u201d<\/i> \u2013 mondta Simon Gergely k\u00f6rnyezetk\u00e9mikus, a Greenpeace vegyianyag-szak\u00e9rt\u0151je.<\/p>\n<p>Ahhoz, hogy a j\u00f6v\u0151ben Magyarorsz\u00e1g elker\u00fclhesse a hasonl\u00f3 katasztr\u00f3f\u00e1kat, f\u00fcggetlen \u00e9s hat\u00e9kony hat\u00f3s\u00e1gokra van sz\u00fcks\u00e9g, valamint olyan jogszab\u00e1lyi k\u00f6rnyezetre, amely a vesz\u00e9lyes hullad\u00e9kokkal \u00e9s technol\u00f3gi\u00e1kkal dolgoz\u00f3 c\u00e9gekt\u0151l val\u00f3di p\u00e9nz\u00fcgyi garanci\u00e1kat k\u00f6vetel meg, hogy baleset vagy cs\u0151d eset\u00e9n hely tudjanak \u00e1llni az \u00e1ltaluk okozott k\u00e1rok\u00e9rt \u2013 azaz biztos\u00edtani tudj\u00e1k a k\u00f6rnyezetv\u00e9delem legfontosabb alapelv\u00e9t, \u201ea szennyez\u0151 fizet\u201d-elvet.<\/p>\n<p><b>Jegyzetek<\/b><\/p>\n<p>[1] M\u00e9g mindig nem tudjuk: szab\u00e1lyszer\u0171en \u00fczemeltett\u00e9k-e a v\u00f6r\u00f6siszap-t\u00e1roz\u00f3t a kolont\u00e1ri katasztr\u00f3fa el\u0151tt? \u2212 Greenpeace-sajt\u00f3k\u00f6zlem\u00e9ny, 2017. febru\u00e1r 6.<br \/>\n<a href=\"https:\/\/www.greenpeace.org\/archive-hungary\/hu\/sajtokozpont\/Meg-mindig-nem-tudjuk-szabalyszeren-uzemeltettek-e-a-vorosiszap-tarozot-a-kolontari-katasztrofa-eltt\/\">https:\/\/www.greenpeace.org\/archive-hungary\/hu\/sajtokozpont\/Meg-mindig-nem-tudjuk-szabalyszeren-uzemeltettek-e-a-vorosiszap-tarozot-a-kolontari-katasztrofa-eltt\/<\/a><\/p>\n<p>[2] Janez Poto\u010dnik az Eur\u00f3pa Parlamentnek \u00edrt v\u00e1lasz\u00e1ban \u00edrja, hogy <i>\u201e&#8230;a baleset k\u00f6vetkezt\u00e9ben v\u00f6r\u00f6siszappal szennyezett foly\u00f3kban m\u00e9rt pH-szint (amely el\u00e9rte a 13,8-es \u00e9rt\u00e9ket) szint\u00e9n arra utal, hogy a v\u00f6r\u00f6siszapot vesz\u00e9lyes hullad\u00e9kk\u00e9nt kellett volna besorolni.\u201d<br \/>\n<\/i>2011. m\u00e1rcius 1., <a href=\"http:\/\/www.europarl.europa.eu\/sides\/getDoc.do?type=WQ&amp;reference=E-2010-011083&amp;language=HU\">E-011083\/2010<\/a>; <a href=\"http:\/\/www.europarl.europa.eu\/sides\/getAllAnswers.do?reference=E-2010-011083&amp;language=HU\">http:\/\/www.europarl.europa.eu\/sides\/getAllAnswers.do?reference=E-2010-011083&amp;language=HU<\/a><\/p>\n","protected":false},"excerpt":{"rendered":"<p>Budapest, 2019. febru\u00e1r 4. \u2013 T\u00f6rt\u00e9nelmi jelent\u0151s\u00e9g\u0171, hogy a megism\u00e9telt els\u0151 fok\u00fa elj\u00e1r\u00e1sban felel\u0151st hirdettek az ajkai v\u00f6r\u00f6siszap-katasztr\u00f3fa per\u00e9ben. \u00c1m a hat\u00f3s\u00e1gok felel\u0151ss\u00e9g\u00e9t firtat\u00f3 kulcsk\u00e9rd\u00e9sek tov\u00e1bbra is tiszt\u00e1zatlanok maradtak. Ahhoz,&hellip;<\/p>\n","protected":false},"author":25,"featured_media":3444,"comment_status":"closed","ping_status":"closed","sticky":false,"template":"","format":"standard","meta":{"ep_exclude_from_search":false,"p4_og_title":"","p4_og_description":"","p4_og_image":"","p4_og_image_id":"","p4_seo_canonical_url":"","p4_campaign_name":"","p4_local_project":"","p4_basket_name":"","p4_department":"","footnotes":""},"categories":[3],"tags":[24,30,51],"p4-page-type":[37],"class_list":["post-3443","post","type-post","status-publish","format-standard","has-post-thumbnail","hentry","category-termeszet-kornyezet","tag-szennyezes","tag-mergezettoroksegunk","tag-sikereink","p4-page-type-sajtokozlemeny"],"_links":{"self":[{"href":"https:\/\/www.greenpeace.org\/hungary\/wp-json\/wp\/v2\/posts\/3443","targetHints":{"allow":["GET"]}}],"collection":[{"href":"https:\/\/www.greenpeace.org\/hungary\/wp-json\/wp\/v2\/posts"}],"about":[{"href":"https:\/\/www.greenpeace.org\/hungary\/wp-json\/wp\/v2\/types\/post"}],"author":[{"embeddable":true,"href":"https:\/\/www.greenpeace.org\/hungary\/wp-json\/wp\/v2\/users\/25"}],"replies":[{"embeddable":true,"href":"https:\/\/www.greenpeace.org\/hungary\/wp-json\/wp\/v2\/comments?post=3443"}],"version-history":[{"count":2,"href":"https:\/\/www.greenpeace.org\/hungary\/wp-json\/wp\/v2\/posts\/3443\/revisions"}],"predecessor-version":[{"id":3446,"href":"https:\/\/www.greenpeace.org\/hungary\/wp-json\/wp\/v2\/posts\/3443\/revisions\/3446"}],"wp:featuredmedia":[{"embeddable":true,"href":"https:\/\/www.greenpeace.org\/hungary\/wp-json\/wp\/v2\/media\/3444"}],"wp:attachment":[{"href":"https:\/\/www.greenpeace.org\/hungary\/wp-json\/wp\/v2\/media?parent=3443"}],"wp:term":[{"taxonomy":"category","embeddable":true,"href":"https:\/\/www.greenpeace.org\/hungary\/wp-json\/wp\/v2\/categories?post=3443"},{"taxonomy":"post_tag","embeddable":true,"href":"https:\/\/www.greenpeace.org\/hungary\/wp-json\/wp\/v2\/tags?post=3443"},{"taxonomy":"p4-page-type","embeddable":true,"href":"https:\/\/www.greenpeace.org\/hungary\/wp-json\/wp\/v2\/p4-page-type?post=3443"}],"curies":[{"name":"wp","href":"https:\/\/api.w.org\/{rel}","templated":true}]}}