{"id":3525,"date":"2019-02-07T12:52:51","date_gmt":"2019-02-07T11:52:51","guid":{"rendered":"https:\/\/www.greenpeace.org\/hungary\/?p=3525"},"modified":"2019-11-06T09:40:21","modified_gmt":"2019-11-06T08:40:21","slug":"nyomkovetot-tettek-az-elektronikus-hulladekokra-hogy-felderitsek-hol-kotnek-ki-az-eu-s-orszagokban-kidobott-eszkozok","status":"publish","type":"post","link":"https:\/\/www.greenpeace.org\/hungary\/sajtokozlemeny\/3525\/nyomkovetot-tettek-az-elektronikus-hulladekokra-hogy-felderitsek-hol-kotnek-ki-az-eu-s-orszagokban-kidobott-eszkozok\/","title":{"rendered":"Nyomk\u00f6vet\u0151t tettek az elektronikus hullad\u00e9kokra, hogy felder\u00edts\u00e9k, hol k\u00f6tnek ki az EU-s orsz\u00e1gokban kidobott eszk\u00f6z\u00f6k"},"content":{"rendered":"<h3>Magyarorsz\u00e1gon is megjel\u00f6ltek leadott elektronikai cikkeket<\/h3>\n<p><strong>Budapest, 2019. febru\u00e1r 7. \u2212 Magyarorsz\u00e1g volt az egyed\u00fcli, ahonnan a leadott \u00e9s titokban megjel\u00f6lt, m\u00e1r nem m\u0171k\u00f6d\u0151 elektronikai cikkek k\u00f6z\u00fcl egyik sem ker\u00fclt ki az Eur\u00f3pai Uni\u00f3n k\u00edv\u00fclre. A B\u00e1zeli Akci\u00f3h\u00e1l\u00f3zat (BAN) k\u00e9t \u00e9vig tart\u00f3 nemzetk\u00f6zi kutat\u00e1s\u00e1t itthon a Greenpeace Magyarorsz\u00e1g munkat\u00e1rsai \u00e9s aktivist\u00e1i seg\u00edtett\u00e9k. \u0150k 2017 augusztus\u00e1ban 17 db elektronikai cikket, k\u00e9perny\u0151ket, asztali sz\u00e1m\u00edt\u00f3g\u00e9peket adtak le Budapest k\u00f6rny\u00e9ki \u00e9s tatab\u00e1nyai gy\u0171jt\u0151pontokon. Az \u00e1tv\u00e9teli helyek k\u00f6z\u00f6tt voltak elektronikus hullad\u00e9k lead\u00e1s\u00e1ra kijel\u00f6lt hivatalos gy\u0171jt\u0151pontok \u00e9s kiskereskedelmi egys\u00e9g is. A n\u00e1lunk megjel\u00f6lt eszk\u00f6z\u00f6k mind az Uni\u00f3n bel\u00fcl maradtak, a nemzetk\u00f6zi helyzet azonban nem ilyen megnyugtat\u00f3.<\/strong><\/p>\n<p>Az Eur\u00f3pai Uni\u00f3 tagorsz\u00e1gaiban \u00f6sszesen 314 eszk\u00f6zre: sz\u00e1m\u00edt\u00f3g\u00e9pekre, nyomtat\u00f3kra \u00e9s monitorokra telep\u00edtettek GPS-nyomk\u00f6vet\u0151t. A jelad\u00f3k adatait \u00f6sszes\u00edtve kider\u00fclt, hogy 19 elektronikai cikket, azaz a hullad\u00e9k 6%-\u00e1t export\u00e1lt\u00e1k, ebb\u0151l 11 volt olyan, amely nagy val\u00f3sz\u00edn\u0171s\u00e9ggel illeg\u00e1lisan ker\u00fclt ki az EU-b\u00f3l. A c\u00e9l\u00e1llom\u00e1sok Gh\u00e1na, Hongkong, Nig\u00e9ria, Pakiszt\u00e1n, Tanz\u00e1nia, Thaif\u00f6ld \u00e9s Ukrajna voltak.<\/p>\n<p>Tal\u00e1n ez a 6%-os ar\u00e1ny nem t\u0171nik t\u00fal nagynak, de ha ezt r\u00e1vet\u00edtj\u00fck az EU teljes elektronikaihullad\u00e9k-termel\u00e9s\u00e9re, akkor kider\u00fcl, hogy \u00e9vi 352 477 tonn\u00e1nyi e-hullad\u00e9k ker\u00fcl ki illeg\u00e1lisan az Eur\u00f3pai Uni\u00f3b\u00f3l fejl\u0151d\u0151 orsz\u00e1gokba. Ez \u00f6sszesen 17 466 nagy m\u00e9ret\u0171 kont\u00e9nernyi e-szemetet jelent, ha pedig mindezt teheraut\u00f3kra rakodn\u00e1nk, a j\u00e1rm\u0171vek 401 km hosszan k\u00edgy\u00f3zn\u00e1nak a kidobott k\u00fcty\u00fckkel.<\/p>\n<p><em>\u201e\u00dagy t\u0171nik, hogy nagyon komoly hib\u00e1kat t\u00e1rtunk fel a vesz\u00e9lyes elektronikai hullad\u00e9kok kezel\u00e9s\u00e9ben \u2013 <\/em>mondta Jim Puckett, a BAN igazgat\u00f3ja.<em> \u2013 Ezzel szemben az EU azt \u00e1ll\u00edtja, hogy folyamatos er\u0151fesz\u00edt\u00e9seket tesznek a k\u00f6rk\u00f6r\u00f6s gazdas\u00e1g megval\u00f3s\u00edt\u00e1s\u00e1ra, amely felel\u0151ss\u00e9gteljesen m\u0171k\u00f6dik, \u00e9s kik\u00fcsz\u00f6b\u00f6li a rendszerb\u0151l val\u00f3 kisziv\u00e1rg\u00e1st.&#8221;<\/em><\/p>\n<p>A vizsg\u00e1lt 10 orsz\u00e1g k\u00f6z\u00fcl (Ausztria, Belgium, D\u00e1nia, Egyes\u00fclt Kir\u00e1lys\u00e1g, \u00cdrorsz\u00e1g, Lengyelorsz\u00e1g, Magyarorsz\u00e1g, N\u00e9metorsz\u00e1g, Olaszorsz\u00e1g \u00e9s Spanyolorsz\u00e1g) csak Magyarorsz\u00e1g volt az, ahol nem \u00e9szleltek exportot.<\/p>\n<p>A nemzetk\u00f6zi mez\u0151nyben az Egyes\u00fclt Kir\u00e1lys\u00e1g szerepelt a legrosszabbul, itt tal\u00e1lt\u00e1k a legt\u00f6bb, \u00f6sszesen 5 jogs\u00e9rt\u00e9st. Az innen sz\u00e1rmaz\u00f3 k\u00fcty\u00fck Afrik\u00e1ig jutottak. Emellett Olaszorsz\u00e1g, N\u00e9metorsz\u00e1g, Spanyolorsz\u00e1g, \u00cdrorsz\u00e1g \u00e9s Lengyelorsz\u00e1g szint\u00e9n r\u00e9szt vettek a fejl\u0151d\u0151 orsz\u00e1gokba ir\u00e1nyul\u00f3 e-hullad\u00e9k-exportban. A BAN munkat\u00e1rsai el is mentek n\u00e9h\u00e1ny c\u00e9l\u00e1llom\u00e1sra, ahol nem meglep\u0151 m\u00f3don azzal szembes\u00fcltek, hogy a munk\u00e1sokra \u00e9s a k\u00f6rnyezetre egyar\u00e1nt vesz\u00e9lyes m\u00f3dszerekkel nyerik ki a hullad\u00e9kb\u00f3l az \u00e9rt\u00e9kes alapanyagokat. Le\u00e9getik, leolvasztj\u00e1k r\u00f3la a burkolatokat, vagy savval maratj\u00e1k le, hogy kinyerj\u00e9k a rezet, az ac\u00e9lt, az aranyat \u00e9s az alum\u00edniumot.<\/p>\n<p>Voltak olyan term\u00e9kek is, amelyeket megjav\u00edtottak, hogy \u00fajra haszn\u00e1lhat\u00f3ak legyenek, de ezekn\u00e9l sem foglalkoztak sokat a m\u00e9rgez\u0151 anyagok megfelel\u0151 kezel\u00e9s\u00e9vel. P\u00e9ld\u00e1ul a higanyt, \u00f3lmot vagy m\u00e9rgez\u0151 br\u00f3mozott \u00e9g\u00e9sg\u00e1tl\u00f3kat tartalmaz\u00f3 alkatr\u00e9szeket, amelyeket kicser\u00e9ltek, egyszer\u0171en el\u00e9gett\u00e9k, vagy helyi hullad\u00e9klerak\u00f3kra dobt\u00e1k.<\/p>\n<p>A BAN azt \u00e1ll\u00edtja, hogy az Eur\u00f3pai Uni\u00f3 hullad\u00e9kgazd\u00e1lkod\u00e1si rendszere a szeg\u00e9nyek \u00e9s kiszolg\u00e1ltatottak k\u00e1r\u00e1ra m\u0171k\u00f6dik, \u00e9s a helyzet m\u00e9g rosszabb lehet a k\u00f6zelj\u00f6v\u0151ben. A civil szervezet att\u00f3l tart, hogy az elektronikai cikkeket gy\u00e1rt\u00f3 v\u00e1llalatok ki fogj\u00e1k lobbizni, hogy az elromlott, \u00e9rt\u00e9kvesztett elektronikai cikkeket lehessen export\u00e1lni, \u00edgy azok el fogj\u00e1k \u00e1rasztani az azokat feldolgoz\u00f3 szeg\u00e9nyebb orsz\u00e1gokat. Ez teljess\u00e9ggel al\u00e1\u00e1sn\u00e1 a b\u00e1zeli egyezm\u00e9nyt, amelynek c\u00e9lja, hogy megakad\u00e1lyozza a fejlett orsz\u00e1gok vesz\u00e9lyeshullad\u00e9k-exportj\u00e1t.<\/p>\n<p><em>\u201eAz EU-nak \u00fagy kell biztos\u00edtania az eur\u00f3pai lakoss\u00e1g \u00e9s a k\u00f6rnyezet eg\u00e9szs\u00e9g\u00e9t, hogy k\u00f6zben nem m\u00e9rgez meg m\u00e1s kontinenseket\u201d<\/em> \u2013 mondta Jim Puckett. A szervezet ez\u00e9rt sokkal szigor\u00fabb ellen\u0151rz\u00e9st \u00e9s fokozott er\u0151fesz\u00edt\u00e9seket k\u00f6vetel az EU-t\u00f3l a b\u00e1zeli egyezm\u00e9ny betart\u00e1s\u00e1\u00e9rt \u00e9s a k\u00f6rk\u00f6r\u00f6s gazdas\u00e1g megval\u00f3s\u00edt\u00e1s\u00e1\u00e9rt.<\/p>\n<p><strong>A teljes jelent\u00e9s innen let\u00f6lthet\u0151:<\/strong> <a href=\"https:\/\/baselactionnetwork.box.com\/s\/mv275w4n0pdbn7dc0zosggu0vqdu7ehh\">https:\/\/baselactionnetwork.box.com\/s\/mv275w4n0pdbn7dc0zosggu0vqdu7ehh<\/a><\/p>\n<p><strong>Vide\u00f3:<\/strong> <a href=\"http:\/\/bit.ly\/2Gdtg3I\">http:\/\/bit.ly\/2Gdtg3I<\/a><\/p>\n<p><strong>Fot\u00f3gal\u00e9ria:<\/strong> <a href=\"https:\/\/flic.kr\/s\/aHsmAkAxsE\">https:\/\/flic.kr\/s\/aHsmAkAxsE<\/a><\/p>\n","protected":false},"excerpt":{"rendered":"<p>Magyarorsz\u00e1gon is megjel\u00f6ltek leadott elektronikai cikkeket Budapest, 2019. febru\u00e1r 7. \u2212 Magyarorsz\u00e1g volt az egyed\u00fcli, ahonnan a leadott \u00e9s titokban megjel\u00f6lt, m\u00e1r nem m\u0171k\u00f6d\u0151 elektronikai cikkek k\u00f6z\u00fcl egyik sem ker\u00fclt&hellip;<\/p>\n","protected":false},"author":25,"featured_media":3526,"comment_status":"closed","ping_status":"closed","sticky":false,"template":"","format":"standard","meta":{"ep_exclude_from_search":false,"p4_og_title":"","p4_og_description":"","p4_og_image":"","p4_og_image_id":"","p4_seo_canonical_url":"","p4_campaign_name":"","p4_local_project":"","p4_basket_name":"","p4_department":"","footnotes":""},"categories":[4,3],"tags":[8,24],"p4-page-type":[37],"class_list":["post-3525","post","type-post","status-publish","format-standard","has-post-thumbnail","hentry","category-ember-tarsadalom","category-termeszet-kornyezet","tag-fogyasztas","tag-szennyezes","p4-page-type-sajtokozlemeny"],"_links":{"self":[{"href":"https:\/\/www.greenpeace.org\/hungary\/wp-json\/wp\/v2\/posts\/3525","targetHints":{"allow":["GET"]}}],"collection":[{"href":"https:\/\/www.greenpeace.org\/hungary\/wp-json\/wp\/v2\/posts"}],"about":[{"href":"https:\/\/www.greenpeace.org\/hungary\/wp-json\/wp\/v2\/types\/post"}],"author":[{"embeddable":true,"href":"https:\/\/www.greenpeace.org\/hungary\/wp-json\/wp\/v2\/users\/25"}],"replies":[{"embeddable":true,"href":"https:\/\/www.greenpeace.org\/hungary\/wp-json\/wp\/v2\/comments?post=3525"}],"version-history":[{"count":2,"href":"https:\/\/www.greenpeace.org\/hungary\/wp-json\/wp\/v2\/posts\/3525\/revisions"}],"predecessor-version":[{"id":3528,"href":"https:\/\/www.greenpeace.org\/hungary\/wp-json\/wp\/v2\/posts\/3525\/revisions\/3528"}],"wp:featuredmedia":[{"embeddable":true,"href":"https:\/\/www.greenpeace.org\/hungary\/wp-json\/wp\/v2\/media\/3526"}],"wp:attachment":[{"href":"https:\/\/www.greenpeace.org\/hungary\/wp-json\/wp\/v2\/media?parent=3525"}],"wp:term":[{"taxonomy":"category","embeddable":true,"href":"https:\/\/www.greenpeace.org\/hungary\/wp-json\/wp\/v2\/categories?post=3525"},{"taxonomy":"post_tag","embeddable":true,"href":"https:\/\/www.greenpeace.org\/hungary\/wp-json\/wp\/v2\/tags?post=3525"},{"taxonomy":"p4-page-type","embeddable":true,"href":"https:\/\/www.greenpeace.org\/hungary\/wp-json\/wp\/v2\/p4-page-type?post=3525"}],"curies":[{"name":"wp","href":"https:\/\/api.w.org\/{rel}","templated":true}]}}