{"id":3840,"date":"2023-08-07T22:42:15","date_gmt":"2023-08-07T20:42:15","guid":{"rendered":"https:\/\/www.greenpeace.org\/hungary\/?p=3840"},"modified":"2023-08-08T13:40:05","modified_gmt":"2023-08-08T11:40:05","slug":"naptej-milyen-osszetevoket-keruljunk-a-greenpeace-szakertoje-szerint","status":"publish","type":"post","link":"https:\/\/www.greenpeace.org\/hungary\/blog\/3840\/naptej-milyen-osszetevoket-keruljunk-a-greenpeace-szakertoje-szerint\/","title":{"rendered":"Naptej: Milyen \u00f6sszetev\u0151ket ker\u00fclj\u00fcnk a Greenpeace szak\u00e9rt\u0151je szerint?"},"content":{"rendered":"<h3><b>2023-as friss\u00edtett adatokkal.<\/b><\/h3>\n<p><strong>Gyakran felmer\u00fcl a ny\u00e1r sor\u00e1n, hogy \u00e1rtalmasak-e a naptejek, illetve hogy mennyire probl\u00e9m\u00e1s a napoz\u00e1s. Fontosnak tartjuk, hogy ennek kapcs\u00e1n r\u00f6gz\u00edts\u00fcnk n\u00e9h\u00e1ny t\u00e9nyt.<\/strong><\/p>\n<p><strong>El\u0151sz\u00f6r is: er\u0151s naps\u00fct\u00e9sben lenni sajnos igenis kock\u00e1zatos, k\u00fcl\u00f6n\u00f6sen ny\u00e1ron,<\/strong><\/p>\n<ul>\n<li><strong>egyr\u00e9szt a d\u00e9li \u00f3r\u00e1kban: 11 \u00e9s 15 \u00f3ra k\u00f6z\u00f6tt;<\/strong><\/li>\n<li><strong>m\u00e1sr\u00e9szt az UV-riad\u00f3s id\u0151szakokban, melyek sajnos gyakran el\u0151fordulnak haz\u00e1nkban.\u00a0<\/strong><\/li>\n<\/ul>\n<p><strong>M\u00e1sodszor: a D-vitamin fontos a szervezet\u00fcnknek, melynek keletkez\u00e9s\u00e9hez\u00a0<\/strong><a href=\"http:\/\/femina.hu\/egeszseg\/d_vitamin_napfeny\/\" target=\"_blank\" rel=\"noopener\"><strong>megfelel\u0151 \u00e9tkez\u00e9s \u00e9s napf\u00e9ny is sz\u00fcks\u00e9ges<\/strong><\/a><strong>. Viszont sajnos val\u00f3ban vannak olyan naptej\u00f6sszetev\u0151k, amelyek t\u00f6bbek k\u00f6z\u00f6tt k\u00e1ros\u00edthatj\u00e1k a hormonrendszert. Ez\u00e9rt mindig ellen\u0151rizd a naptejen a c\u00edmk\u00e9t \u2013 cikk\u00fcnkben tippeket is adunk, mire figyelj!<\/strong><\/p>\n<p><strong>A nap ellen v\u00e9dekezni igen k\u00f6nny\u0171 \u2013 igyekezz \u00e1rny\u00e9kban maradni, illetve megfelel\u0151 ruh\u00e1zattal is hat\u00e9konyan v\u00e9dheted magad.<\/strong><\/p>\n<div class=\"popup_icon_container popup_icon_container_notext imgnotext\">\n<div id=\"attachment_3841\" style=\"width: 809px\" class=\"wp-caption aligncenter\"><img loading=\"lazy\" decoding=\"async\" aria-describedby=\"caption-attachment-3841\" class=\"size-full wp-image-3841\" src=\"https:\/\/www.greenpeace.org\/static\/planet4-hungary-stateless\/2019\/03\/767c5741-gp02c2_web_size_with_credit_line.jpg\" alt=\"\" width=\"799\" height=\"523\" srcset=\"https:\/\/www.greenpeace.org\/static\/planet4-hungary-stateless\/2019\/03\/767c5741-gp02c2_web_size_with_credit_line.jpg 799w, https:\/\/www.greenpeace.org\/static\/planet4-hungary-stateless\/2019\/03\/767c5741-gp02c2_web_size_with_credit_line-300x196.jpg 300w, https:\/\/www.greenpeace.org\/static\/planet4-hungary-stateless\/2019\/03\/767c5741-gp02c2_web_size_with_credit_line-768x503.jpg 768w, https:\/\/www.greenpeace.org\/static\/planet4-hungary-stateless\/2019\/03\/767c5741-gp02c2_web_size_with_credit_line-510x334.jpg 510w\" sizes=\"auto, (max-width: 799px) 100vw, 799px\" \/><p id=\"caption-attachment-3841\" class=\"wp-caption-text\">K\u00e9p 1990-b\u0151l: aktivist\u00e1k h\u00edvj\u00e1k fel a figyelmet az \u00f3zonr\u00e9teg k\u00e1rosod\u00e1s\u00e1ra Ausztr\u00e1li\u00e1ban.<\/p><\/div>\n<\/div>\n<p><a id=\"more12607983\" name=\"more12607983\"><\/a><\/p>\n<p>Az \u00f3zonpajzs az 1970-es \u00e9vekben kezdett gyeng\u00fclni. A probl\u00e9m\u00e1t els\u0151sorban egyes szintetikus vegyi anyagok okozt\u00e1k, amelyek kibocs\u00e1t\u00e1s\u00e1t az 1980-as \u00e9vekt\u0151l kezdve glob\u00e1lis \u00f6sszefog\u00e1sban cs\u00f6kkentett\u00e9k a vil\u00e1g orsz\u00e1gai. A l\u00e9p\u00e9sek eredm\u00e9nyesek voltak, azonban \u00edgy is csak az elm\u00falt \u00e9vekben lehetett l\u00e1tni a visszaer\u0151s\u00f6d\u00e9s kezdet\u00e9t. A teljes helyre\u00e1ll\u00e1sig viszont m\u00e9g j\u00f3 p\u00e1r \u00e9vtizednek el kell telnie.<\/p>\n<p>A gyeng\u00e9bb \u00f3zonpajzs miatt er\u0151sebb UV-sug\u00e1rz\u00e1s \u00e9r minket. Az UV-sug\u00e1rz\u00e1s \u00e9s a b\u0151rr\u00e1k k\u00f6z\u00f6tt pedig az \u00f6sszef\u00fcgg\u00e9s tagadhatatlan. Az elm\u00falt \u00e9vekben riaszt\u00f3an n\u0151tt a gyakran hal\u00e1los melanom\u00e1s b\u0151rr\u00e1kos esetek sz\u00e1ma vil\u00e1gszerte. <a href=\"http:\/\/femina.hu\/egeszseg\/naptej-rakot-okoz\/\" target=\"_blank\" rel=\"noopener\">Haz\u00e1nkban 2001-ben 1200 ilyen beteget regisztr\u00e1ltak \u2013 m\u00edg 2014-ben m\u00e1r 2400-at.<\/a><\/p>\n<blockquote>\n<p><strong>A nap ellen teh\u00e1t v\u00e9dekezni kell.<\/strong><\/p>\n<\/blockquote>\n<p><strong>Semmik\u00e9pp sem szabad hosszan kifek\u00fcdni az er\u0151s napra. A legjobb v\u00e9dekez\u00e9s \u00e1rny\u00e9kban maradni, vagy megfelel\u0151en sz\u00f6v\u00f6tt, k\u00f6nnyed ruh\u00e1ban tart\u00f3zkodni a napon.<\/strong>\u00a0\u00c9s kaphat\u00f3ak m\u00e1r kifejezetten UV-\u00e1ll\u00f3 term\u00e9kek is.<\/p>\n<p>Term\u00e9szetesen a le\u00e9g\u00e9s ellen a naptejek is seg\u00edthetnek. \u00c1m fontos tudni, hogy nincs egy\u00e9rtelm\u0171 tudom\u00e1nyos inform\u00e1ci\u00f3 arr\u00f3l, hogy a\u00a0<a href=\"http:\/\/www.reuters.com\/article\/us-health-sunscreen-idUSKCN10F2ID\" target=\"_blank\" rel=\"noopener\">naptejek megakad\u00e1lyozn\u00e1k, megel\u0151zn\u00e9k a melanoma kialakul\u00e1s\u00e1t is<\/a>. Egy m\u00e1sik,\u00a0<a href=\"http:\/\/www.nature.com\/nature\/journal\/v511\/n7510\/full\/nature13298.html\" target=\"_blank\" rel=\"noopener\">a Nature-ben megjelent 2014-es cikk<\/a>\u00a0szerint az 50-es faktor\u00fa naptej haszn\u00e1lata\u00a0<a href=\"http:\/\/www.nature.com\/nature\/journal\/v511\/n7510\/full\/nature13298.html\" target=\"_blank\" rel=\"noopener\">cs\u00f6kkenti \u00e9s k\u00e9slelteti a melanoma kialakul\u00e1s\u00e1t<\/a>, \u00e1m megel\u0151zni nem tudja \u0151ket. R\u00e1ad\u00e1sul a nagy faktorsz\u00e1m\u00fa naptejek hamis biztons\u00e1g\u00e9rzetet adhatnak: ilyenkor se t\u00f6lts \u00f3vatlanul sok id\u0151t a napon!<\/p>\n<p>Ha naptejet v\u00e1lasztasz \u2013 ami, megism\u00e9telj\u00fck, a le\u00e9g\u00e9s ellen az\u00e9rt sokat seg\u00edt \u2013, akkor t\u00f6bb dologra is \u00e9rdemes odafigyelni.\u00a0<strong>Ugyanis sajnos a mai napig el\u0151fordulhatnak olyan anyagok a kozmetikai term\u00e9kekben Eur\u00f3p\u00e1ban, amelyek kock\u00e1zatot jelentenek a hormonrendszer\u00fcnkre.<\/strong>\u00a0M\u00e9g mindig el\u0151fordulnak\u00a0<a href=\"http:\/\/kockazatos.hu\/anyag\/parab%C3%A9nek\" target=\"_blank\" rel=\"noopener\">hormonk\u00e1ros\u00edt\u00f3 parab\u00e9nek<\/a>\u00a0naptejekben (tart\u00f3s\u00edt\u00f3szerk\u00e9nt), napoz\u00e1s ut\u00e1ni term\u00e9kekben. F\u0151leg a butil- \u00e9s a propilparab\u00e9n kock\u00e1zatai ismertebbek. Gyermekeknek sz\u00e1nt term\u00e9kek eset\u00e9ben k\u00fcl\u00f6n\u00f6sen probl\u00e9m\u00e1s ezen anyagok jelenl\u00e9te.<\/p>\n<ul>\n<li>T\u00f6bb k\u00e9miai f\u00e9nyv\u00e9d\u0151 hat\u00f3anyagr\u00f3l der\u00fclt ki, hogy <a href=\"http:\/\/www.ewg.org\/sunscreen\/report\/the-trouble-with-sunscreen-chemicals\/\" target=\"_blank\" rel=\"noopener\">hormonszer\u0171en hatnak, \u00e9s emiatt kock\u00e1zatosak<\/a>. A legt\u00f6bb terhel\u0151 adat az <a href=\"https:\/\/www.ewg.org\/skindeep\/ingredient\/704372\/OXYBENZONE\/\" target=\"_blank\" rel=\"noopener\">oxibenzon (benzofenon-3)<\/a> nev\u0171 hat\u00f3anyagr\u00f3l \u00e1ll rendelkez\u00e9sre, mely \u00f6sztrog\u00e9nk\u00e9nt viselkedik a test\u00fcnkben, tov\u00e1bb\u00e1 allergiz\u00e1lhat, \u00e9s felhalmoz\u00f3dik az emberi szervezetben.<\/li>\n<li>Szint\u00e9n felhalmoz\u00f3d\u00f3, nehezen boml\u00f3 f\u00e9nyv\u00e9d\u0151 a sajnos haz\u00e1nkban is elterjedt <a href=\"https:\/\/www.ewg.org\/skindeep\/ingredient\/704203\/OCTINOXATE\/\" target=\"_blank\" rel=\"noopener\">oktinox\u00e1t (etilhexil-metoxicinnam\u00e1t)<\/a>. Ez a hat\u00f3anyag \u00e1llatk\u00eds\u00e9rletek szerint hat a pajzsmirigyhormonokra \u00e9s a szapor\u00edt\u00f3 szervekre. Emiatt k\u00fcl\u00f6n\u00f6sen kisgyermekek \u00e9s terhes n\u0151k eset\u00e9ben \u00e9rdemes \u00f3vatosnak lenni ezzel az anyaggal. Az oktinox\u00e1t \u00e9s a oxibenzon t\u00f6bb orsz\u00e1gban lett korl\u00e1tozva, mert <a href=\"https:\/\/24.hu\/tudomany\/2018\/07\/04\/fenyvedo-korall-napozas2113665\/\" target=\"_blank\" rel=\"noopener\">k\u00e1ros\u00edtja a korallokat<\/a>.<\/li>\n<li>A szint\u00e9n elterjedt <a href=\"https:\/\/www.ewg.org\/skindeep\/ingredient\/702867\/HOMOSALATE\/\" target=\"_blank\" rel=\"noopener\">homoszal\u00e1tr\u00f3l<\/a> kevesebb terhel\u0151 inform\u00e1ci\u00f3 \u00e1ll rendelkez\u00e9sre \u2013 de azok szerint ez a hat\u00f3anyag is megzavarja a hormonrendszer term\u00e9szetes m\u0171k\u00f6d\u00e9s\u00e9t, r\u00e1ad\u00e1sul napf\u00e9ny hat\u00e1s\u00e1ra lebomlik.<\/li>\n<li><span style=\"color: #020202;\">A Francia N\u00e9peg\u00e9szs\u00e9g\u00fcgyi Hat\u00f3s\u00e1g (ANSES)\u00a0<a href=\"https:\/\/chemicalwatch.com\/819492\/frances-anses-recommends-restriction-on-octocrylene-in-sunscreen\" target=\"_blank\" rel=\"noopener\" data-saferedirecturl=\"https:\/\/www.google.com\/url?q=https:\/\/chemicalwatch.com\/819492\/frances-anses-recommends-restriction-on-octocrylene-in-sunscreen&amp;source=gmail&amp;ust=1691519079163000&amp;usg=AOvVaw37iZx0xeoPU2cMba3l_ewX\">2023. augusztus elej\u00e9n javasolta<\/a>\u00a0az\u00a0oktokril\u00e9n\u00a0(octoc<wbr \/>rylene)\u00a0tilalm\u00e1t.\u00a0A\u00a0sz\u00e9les k\u00f6rben elterjedt\u00a0f\u00e9nyv\u00e9d\u0151 hat\u00f3anyag\u00a0szennyezi a k\u00f6rnyezetet \u00e9s\u00a0<a href=\"https:\/\/chemicalwatch.com\/227723\/octocrylene-in-sunscreen-degrades-during-storage-to-form-benzophenone-study-suggests\" target=\"_blank\" rel=\"noopener\" data-saferedirecturl=\"https:\/\/www.google.com\/url?q=https:\/\/chemicalwatch.com\/227723\/octocrylene-in-sunscreen-degrades-during-storage-to-form-benzophenone-study-suggests&amp;source=gmail&amp;ust=1691519079163000&amp;usg=AOvVaw24lfs9NfvdA_iNceaqBgDm\">benzofenonra bomlik<\/a>, mely\u00a0r\u00e1kkelt\u0151 kock\u00e1zat\u00fa \u00e9s\u00a0k\u00e1ros\u00edthatja a hormonrendszert. Az\u00a0<a title=\"This link will lead you to ewg.org\" href=\"https:\/\/www.ewg.org\/skindeep\/ingredient\/704206\/OCTOCRYLENE\/\" target=\"_blank\" rel=\"noopener\" data-saferedirecturl=\"https:\/\/www.google.com\/url?q=https:\/\/www.ewg.org\/skindeep\/ingredient\/704206\/OCTOCRYLENE\/&amp;source=gmail&amp;ust=1691519079164000&amp;usg=AOvVaw1kAfK0RlmahWsdUYJTFAAx\">oktokril\u00e9n<\/a>\u00a0el\u0151seg\u00edti, hogy a b\u0151r\u00f6n UV-f\u00e9ny (naps\u00fct\u00e9s) hat\u00e1s\u00e1ra reakt\u00edv\u00a0<a title=\"This link will lead you to ewg.org\" href=\"https:\/\/www.sciencedirect.com\/science\/article\/abs\/pii\/S0891584906004138\" target=\"_blank\" rel=\"noopener\" data-saferedirecturl=\"https:\/\/www.google.com\/url?q=https:\/\/www.sciencedirect.com\/science\/article\/abs\/pii\/S0891584906004138&amp;source=gmail&amp;ust=1691519079164000&amp;usg=AOvVaw1qZZLMreyqAr-2QYXhTT6p\">szabad gy\u00f6k\u00f6k keletkezzenek<\/a>, aminek t\u00f6bbf\u00e9le eg\u00e9szs\u00e9g\u00fcgyi kock\u00e1zata lehet, emellett a szer\u00a0<a title=\"This link will lead you to ncbi.nlm.nih.gov\" href=\"http:\/\/www.ncbi.nlm.nih.gov\/pubmed\/20644036\" target=\"_blank\" rel=\"noopener\" data-saferedirecturl=\"https:\/\/www.google.com\/url?q=http:\/\/www.ncbi.nlm.nih.gov\/pubmed\/20644036&amp;source=gmail&amp;ust=1691519079164000&amp;usg=AOvVaw0bGO-2ITZll4CgWTFmdxVF\">allergiz\u00e1lhatja a gyerekek b\u0151r\u00e9t f\u00e9ny hat\u00e1s\u00e1ra.<\/a>\u00a0<\/span><\/li>\n<li><strong>Az elterjedt k\u00e9miai f\u00e9nyv\u00e9d\u0151 hat\u00f3anyagok k\u00f6z\u00fcl az egyre elterjedtebb <a href=\"https:\/\/www.ewg.org\/skindeep\/ingredient\/700596\/AVOBENZONE\/\" target=\"_blank\" rel=\"noopener\">avobenzon<\/a> (butil-metoxidibenzoilmet\u00e1n)<\/strong> is felsz\u00edv\u00f3dik a b\u0151r\u00f6n \u00e1t az emberi szervezetbe. A boml\u00e1sterm\u00e9k allergi\u00e1t okozhat \u00e9s egy kutat\u00e1s szerint az avobenzon is beavatkozhat a hormonrendszerbe. \u00c1m erre az anyagra l\u00e9nyegesen kevesebb terhel\u0151 inform\u00e1ci\u00f3 van, mint a t\u00f6bbi hormonhat\u00e1s\u00fa kock\u00e1zat\u00fa fentebb eml\u00edtett \u00f6sszetev\u0151kre.<\/li>\n<li>A spray-k helyett lehet\u0151leg v\u00e1laszd a kenhet\u0151 term\u00e9keket, melyeket j\u00f3 es\u00e9llyel nem fogsz bel\u00e9legezni. Ez k\u00fcl\u00f6n\u00f6sen a fizikai f\u00e9nyv\u00e9d\u0151kn\u00e9l fontos \u2013 p\u00e9ld\u00e1ul az elterjedt tit\u00e1nium-dioxid eset\u00e9ben, mert ez az egy\u00e9bk\u00e9nt hat\u00e9kony szer <a href=\"https:\/\/www.cosmeticsdesign-europe.com\/Article\/2020\/02\/19\/European-Commission-publishes-titanium-dioxide-classification\" target=\"_blank\" rel=\"noopener\">bel\u00e9legzve r\u00e1kkelt\u0151<\/a>. A cink-oxidnak sem ismert igaz\u00e1n k\u00e1ros hat\u00e1sa.<\/li>\n<li>A tit\u00e1nium-dioxidnak viszont igen elterjedt a nanov\u00e1ltozata is \u2013 holott ennek alapvet\u0151en <a href=\"https:\/\/en.wikipedia.org\/wiki\/Titanium_dioxide#Health_and_safety\" target=\"_blank\" rel=\"noopener\">nem is ismertek a t\u00e9nyleges kock\u00e1zatai<\/a>, ez\u00e9rt nem \u00e1ll\u00edthatjuk, hogy garant\u00e1ltan biztons\u00e1gos a haszn\u00e1lata.<\/li>\n<li>A BASF c\u00e9g az elm\u00falt \u00e9vekben t\u00f6bb \u00faj f\u00e9nyv\u00e9d\u0151t fejlesztett, mint p\u00e9ld\u00e1ul az egyszerre fizikai \u00e9s k\u00e9miai f\u00e9nyv\u00e9d\u0151 Tinosorb M illetve a k\u00e9miai f\u00e9nyv\u00e9d\u0151 a Tinosorb S. Szint\u00e9n a BASF fejlesztette a diethylamino hydroxybenzoyl UV-A f\u00e9nyv\u00e9d\u0151t. Ezen szerek hat\u00e9kony f\u00e9nyv\u00e9d\u0151k \u00e9s egyel\u0151re nincsen r\u00e1juk terhel\u0151 eg\u00e9szs\u00e9g\u00fcgyi vagy k\u00f6rnyezeti adat.<\/li>\n<li>Egyes naptejekben el\u0151fordul <a href=\"https:\/\/www.ewg.org\/skindeep\/ingredient\/705545\/RETINYL_PALMITATE_(VITAMIN_A_PALMITATE)\/\" target=\"_blank\" rel=\"noopener\">retinil-palmit\u00e1t<\/a>, amely az A-vitamin egy sz\u00e1rmaz\u00e9ka. Ezt az adal\u00e9kot megtal\u00e1lhatjuk naptejek mellett p\u00e9ld\u00e1ul test\u00e1pol\u00f3kban, arckr\u00e9mekben, s\u0151t gyermekterm\u00e9kekben is. Az Egyes\u00fclt \u00c1llamokban v\u00e9gzett <a href=\"http:\/\/ntp.niehs.nih.gov\/results\/pubs\/longterm\/reports\/longterm\/tr500580\/listedreports\/tr568\/index.html\" target=\"_blank\" rel=\"noopener\">hivatalos vizsg\u00e1latok sor\u00e1n<\/a> eg\u00e9rk\u00eds\u00e9rletekben a retinil-palmit\u00e1t gyors\u00edtotta a b\u0151rr\u00e1k kialakul\u00e1s\u00e1t napf\u00e9ny hat\u00e1s\u00e1ra. Azaz az el\u0151vigy\u00e1zatoss\u00e1g elve alapj\u00e1n nem szerencs\u00e9s, ha retinil-palmit\u00e1tot tartalmaz\u00f3 naptej, test\u00e1pol\u00f3 vagy kr\u00e9m van rajtunk, ha sokat tart\u00f3zkodunk a napon.<\/li>\n<li>Az amerikai\u00a0<a href=\"https:\/\/oceanservice.noaa.gov\/news\/sunscreen-corals.html\" target=\"_blank\" rel=\"noopener\" data-saferedirecturl=\"https:\/\/www.google.com\/url?q=https:\/\/oceanservice.noaa.gov\/news\/sunscreen-corals.html&amp;source=gmail&amp;ust=1691580094023000&amp;usg=AOvVaw3ujIYx4v55fNfvr9rkL3fo\">Nemzeti \u00d3ce\u00e1n- \u00e9s L\u00e9gk\u00f6rkutat\u00e1si Hivatal<\/a>\u00a0(National Oceanic and Atmospheric Administration, NOAA) szerint a naptejekben l\u00e9v\u0151\u00a0hat\u00f3anyagok sz\u00e1mos m\u00f3don k\u00e1ros\u00edtj\u00e1k a tengeri \u00e9l\u0151vil\u00e1got.\u00a0<a href=\"https:\/\/chemicalwatch.com\/68249\/hawaiis-governor-signs-into-law-ban-on-two-sunscreen-ingredients\" target=\"_blank\" rel=\"noopener noreferrer\" data-saferedirecturl=\"https:\/\/www.google.com\/url?q=https:\/\/chemicalwatch.com\/68249\/hawaiis-governor-signs-into-law-ban-on-two-sunscreen-ingredients&amp;source=gmail&amp;ust=1691580094023000&amp;usg=AOvVaw2SHwfmU99YE14ihgj4laMN\">Hawaii<\/a>-on, az\u00a0<a href=\"https:\/\/chemicalwatch.com\/80303\/us-virgin-islands-ban-sunscreens-with-oxybenzone-octinoxate\" target=\"_blank\" rel=\"noopener noreferrer\" data-saferedirecturl=\"https:\/\/www.google.com\/url?q=https:\/\/chemicalwatch.com\/80303\/us-virgin-islands-ban-sunscreens-with-oxybenzone-octinoxate&amp;source=gmail&amp;ust=1691580094023000&amp;usg=AOvVaw34_qWZzmlU6UPsb0LOO3NP\">Amerikai Virgin-szigetek<\/a>en,\u00a0<a href=\"https:\/\/chemicalwatch.com\/87550\/palau-ban-on-reef-toxic-sunscreens-comes-into-force\" target=\"_blank\" rel=\"noopener noreferrer\" data-saferedirecturl=\"https:\/\/www.google.com\/url?q=https:\/\/chemicalwatch.com\/87550\/palau-ban-on-reef-toxic-sunscreens-comes-into-force&amp;source=gmail&amp;ust=1691580094023000&amp;usg=AOvVaw2zbadxU2wYb_fc2ySW5QHj\">Palauban<\/a>\u00a0<wbr \/>\u00e9s\u00a0<a href=\"https:\/\/chemicalwatch.com\/315379\/thailand-bans-sunscreens-containing-coral-harming-chemicals-from-national-parks\" target=\"_blank\" rel=\"noopener noreferrer\" data-saferedirecturl=\"https:\/\/www.google.com\/url?q=https:\/\/chemicalwatch.com\/315379\/thailand-bans-sunscreens-containing-coral-harming-chemicals-from-national-parks&amp;source=gmail&amp;ust=1691580094023000&amp;usg=AOvVaw0fW2IodTugH62vIDYF-3E_\">Thaif\u00f6ld nemzeti parkjaiban<\/a>\u00a0m\u00e1r t\u00f6bbf\u00e9le\u00a0f\u00e9nyv\u00e9d\u0151 hat\u00f3anyagot\u00a0betiltottak k\u00f6rnyezeti kock\u00e1zataik miatt.<\/li>\n<\/ul>\n<p><strong>Azaz m\u00e9g sok k\u00e9rd\u00e9ses \u00f6sszetev\u0151 lehet ezekben a kozmetikumokban, de odafigyel\u00e9ssel tudunk olyan term\u00e9keket v\u00e1lasztani, amelyek mentesek a kock\u00e1zatos \u00f6sszetev\u0151kt\u0151l (m\u00e9g ha sajnos gyakran dr\u00e1g\u00e1bban is). Egy amerikai szervezet, az EWG <\/strong><a href=\"http:\/\/www.ewg.org\/sunscreen\/\" target=\"_blank\" rel=\"noopener\"><strong>\u00f6ssze is \u00e1ll\u00edtott egy list\u00e1t<\/strong><\/a><strong>, hogy mire figyelj\u00fcnk naptejek v\u00e1s\u00e1rl\u00e1sa sor\u00e1n. K\u00fcl\u00f6nben marad a p\u00f3l\u00f3 vagy az \u00e1rny\u00e9k!<\/strong><\/p>\n","protected":false},"excerpt":{"rendered":"<p>Nemr\u00e9giben megjelent n\u00e9h\u00e1ny h\u00edr arr\u00f3l, hogy \u00e1rtalmasak-e a naptejek, illetve hogy mennyire probl\u00e9m\u00e1s a napoz\u00e1s. Fontosnak tartjuk, hogy ennek kapcs\u00e1n r\u00f6gz\u00edts\u00fcnk n\u00e9h\u00e1ny t\u00e9nyt. <\/p>\n","protected":false},"author":27,"featured_media":3841,"comment_status":"closed","ping_status":"closed","sticky":false,"template":"","format":"standard","meta":{"ep_exclude_from_search":false,"p4_og_title":"","p4_og_description":"","p4_og_image":"","p4_og_image_id":"","p4_seo_canonical_url":"","p4_campaign_name":"not set","p4_local_project":"not set","p4_basket_name":"not set","p4_department":"","footnotes":""},"categories":[4],"tags":[19],"p4-page-type":[40],"class_list":["post-3840","post","type-post","status-publish","format-standard","has-post-thumbnail","hentry","category-ember-tarsadalom","tag-egeszseg","p4-page-type-blog"],"_links":{"self":[{"href":"https:\/\/www.greenpeace.org\/hungary\/wp-json\/wp\/v2\/posts\/3840","targetHints":{"allow":["GET"]}}],"collection":[{"href":"https:\/\/www.greenpeace.org\/hungary\/wp-json\/wp\/v2\/posts"}],"about":[{"href":"https:\/\/www.greenpeace.org\/hungary\/wp-json\/wp\/v2\/types\/post"}],"author":[{"embeddable":true,"href":"https:\/\/www.greenpeace.org\/hungary\/wp-json\/wp\/v2\/users\/27"}],"replies":[{"embeddable":true,"href":"https:\/\/www.greenpeace.org\/hungary\/wp-json\/wp\/v2\/comments?post=3840"}],"version-history":[{"count":14,"href":"https:\/\/www.greenpeace.org\/hungary\/wp-json\/wp\/v2\/posts\/3840\/revisions"}],"predecessor-version":[{"id":10541,"href":"https:\/\/www.greenpeace.org\/hungary\/wp-json\/wp\/v2\/posts\/3840\/revisions\/10541"}],"wp:featuredmedia":[{"embeddable":true,"href":"https:\/\/www.greenpeace.org\/hungary\/wp-json\/wp\/v2\/media\/3841"}],"wp:attachment":[{"href":"https:\/\/www.greenpeace.org\/hungary\/wp-json\/wp\/v2\/media?parent=3840"}],"wp:term":[{"taxonomy":"category","embeddable":true,"href":"https:\/\/www.greenpeace.org\/hungary\/wp-json\/wp\/v2\/categories?post=3840"},{"taxonomy":"post_tag","embeddable":true,"href":"https:\/\/www.greenpeace.org\/hungary\/wp-json\/wp\/v2\/tags?post=3840"},{"taxonomy":"p4-page-type","embeddable":true,"href":"https:\/\/www.greenpeace.org\/hungary\/wp-json\/wp\/v2\/p4-page-type?post=3840"}],"curies":[{"name":"wp","href":"https:\/\/api.w.org\/{rel}","templated":true}]}}