{"id":3995,"date":"2017-04-26T12:40:54","date_gmt":"2017-04-26T10:40:54","guid":{"rendered":"https:\/\/www.greenpeace.org\/hungary\/?p=3995"},"modified":"2021-12-01T13:26:34","modified_gmt":"2021-12-01T12:26:34","slug":"uszo-atomeromu-epul-szentpetervar-kozepen","status":"publish","type":"post","link":"https:\/\/www.greenpeace.org\/hungary\/blog\/3995\/uszo-atomeromu-epul-szentpetervar-kozepen\/","title":{"rendered":"\u00dasz\u00f3 atomer\u0151m\u0171 \u00e9p\u00fcl Szentp\u00e9terv\u00e1r k\u00f6zep\u00e9n"},"content":{"rendered":"<p><b>Szentp\u00e9terv\u00e1r Oroszorsz\u00e1g m\u00e1sodik legnagyobb v\u00e1rosa. A Roszatom v\u00e1llalat az \u00f6tmilli\u00f3s v\u00e1ros k\u00f6zpontj\u00e1ban \u00e9p\u00edti az\u00a0<\/b><b><i>Akademik Lomonoszov<\/i><\/b><b>\u00a0\u00fasz\u00f3 atomer\u0151m\u0171vet. Az Oroszorsz\u00e1g nukle\u00e1ris biztons\u00e1g\u00e1\u00e9rt felel\u0151s hat\u00f3s\u00e1g, a Roszteknadzor\u00a0<\/b><a href=\"http:\/\/www.greenpeace.org\/russia\/Global\/russia\/report\/2017\/rostech-otvet-piter-atom.pdf\"><b>meger\u0151s\u00edtette<\/b><\/a><b>: a reaktort \u201ea kik\u00f6t\u0151i tesztek sor\u00e1n a Szentp\u00e9terv\u00e1r k\u00f6zigazgat\u00e1si hat\u00e1rain bel\u00fcl tal\u00e1lhat\u00f3 haj\u00f3gy\u00e1rban t\u00f6ltik majd fel f\u0171t\u0151anyaggal \u00e9s helyezik m\u0171k\u00f6d\u00e9sbe\u201d.<\/b><\/p>\n<p><img loading=\"lazy\" decoding=\"async\" class=\"aligncenter size-full wp-image-3998\" src=\"https:\/\/www.greenpeace.org\/static\/planet4-hungary-stateless\/2019\/03\/cb51cacc-piter-2a.jpg\" alt=\"\" width=\"600\" height=\"348\" srcset=\"https:\/\/www.greenpeace.org\/static\/planet4-hungary-stateless\/2019\/03\/cb51cacc-piter-2a.jpg 600w, https:\/\/www.greenpeace.org\/static\/planet4-hungary-stateless\/2019\/03\/cb51cacc-piter-2a-300x174.jpg 300w, https:\/\/www.greenpeace.org\/static\/planet4-hungary-stateless\/2019\/03\/cb51cacc-piter-2a-510x296.jpg 510w\" sizes=\"auto, (max-width: 600px) 100vw, 600px\" \/><\/p>\n<p><a id=\"more12453407\" name=\"more12453407\"><\/a><\/p>\n<p>Noha az \u00fasz\u00f3 atomer\u0151m\u0171\u00a0<a href=\"http:\/\/www.greenpeace.org\/russia\/ru\/news\/2017\/floating-nuclear-22-02-2017\/\">m\u00e9g nem kapta meg<\/a>\u00a0az \u00fczemeltet\u00e9si enged\u00e9lyt,\u00a0<a href=\"http:\/\/www.greenpeace.org\/russia\/Global\/russia\/report\/2017\/rostech-otvet-piter-atom.pdf\">a Roszteknadzor szerint<\/a>\u00a0a Roszatom m\u00e1r 2014-ben megszerezte a sz\u00fcks\u00e9ges enged\u00e9lyt a szentp\u00e9terv\u00e1ri korm\u00e1nyz\u00f3t\u00f3l, Georgij Poltavcsenk\u00f3t\u00f3l. Az oroszorsz\u00e1gi Greenpeace pet\u00edci\u00f3t ind\u00edtott, amelyben az enged\u00e9ly azonnali visszavon\u00e1s\u00e1t \u00e9s a vesz\u00e9lyes k\u00eds\u00e9rlet le\u00e1ll\u00edt\u00e1s\u00e1t k\u00f6vetelik a korm\u00e1nyz\u00f3t\u00f3l.<\/p>\n<p>A k\u00eds\u00e9rlet nem csak az \u00f6tmilli\u00f3s v\u00e1ros sz\u00e1m\u00e1ra jelent vesz\u00e9lyt. Egy nukle\u00e1ris baleset eset\u00e9n a szennyez\u00e9s a Balti-tenger viz\u00e9t, valamint a szomsz\u00e9dos orsz\u00e1gok ter\u00fclet\u00e9t is \u00e9rintheti.<\/p>\n<p><b>Azonban nem ez az egyetlen aggodalomra okot ad\u00f3 dolog.<\/b>\u00a0Egy \u00fasz\u00f3 nukle\u00e1ris er\u0151m\u0171 eset\u00e9ben a szok\u00e1sos vesz\u00e9lyek, a term\u00e9szeti katasztr\u00f3fa vagy a m\u0171szaki meghib\u00e1sod\u00e1s mellett \u00fajabbak is megjelennek, mint p\u00e9ld\u00e1ul a kal\u00f3zt\u00e1mad\u00e1s vagy a terrorizmus. Ha egy \u00fasz\u00f3 atomer\u0151m\u0171 b\u0171n\u00f6z\u0151k kez\u00e9re ker\u00fclne, azzal jelent\u0151s mennyis\u00e9g\u0171 d\u00fas\u00edtott ur\u00e1nra is szert tenn\u00e9nek, ami nukle\u00e1ris zsarol\u00e1sra is es\u00e9lyt adna.<\/p>\n<p>A tervek szerint a tesztel\u00e9si f\u00e1zis ut\u00e1n az \u00fasz\u00f3 atomer\u0151m\u0171vet a t\u00e1vol-keleti Csukcsf\u00f6ldre sz\u00e1ll\u00edtj\u00e1k, \u00e9s Pevek v\u00e1ros mellett helyezik \u00fczembe. Az \u00fasz\u00f3 atomer\u0151m\u0171 2017 \u0151sz\u00e9n vagy 2018 tavasz\u00e1n fogja elhagyni Szentp\u00e9terv\u00e1rt. A tervezett \u00fatvonal val\u00f3sz\u00edn\u0171leg \u00c9sztorsz\u00e1g, Sv\u00e9dorsz\u00e1g, Norv\u00e9gia, valamint feltehet\u0151leg Lengyelorsz\u00e1g \u00e9s N\u00e9metorsz\u00e1g kiz\u00e1r\u00f3lagos gazdas\u00e1gi \u00f6vezetein, valamint a D\u00e1ni\u00e1hoz tartoz\u00f3, mintegy 12 tengeri m\u00e9rf\u00f6ldes ter\u00fcleten halad majd \u00e1t.<\/p>\n<p><img loading=\"lazy\" decoding=\"async\" class=\"aligncenter size-full wp-image-3999\" src=\"https:\/\/www.greenpeace.org\/static\/planet4-hungary-stateless\/2019\/03\/eaca79fd-piter-3.jpg\" alt=\"\" width=\"600\" height=\"401\" srcset=\"https:\/\/www.greenpeace.org\/static\/planet4-hungary-stateless\/2019\/03\/eaca79fd-piter-3.jpg 600w, https:\/\/www.greenpeace.org\/static\/planet4-hungary-stateless\/2019\/03\/eaca79fd-piter-3-300x201.jpg 300w, https:\/\/www.greenpeace.org\/static\/planet4-hungary-stateless\/2019\/03\/eaca79fd-piter-3-510x340.jpg 510w\" sizes=\"auto, (max-width: 600px) 100vw, 600px\" \/><\/p>\n<p>Az orosz Greenpeace k\u00e9rte a Roszatom terveit az \u00fasz\u00f3 atomer\u0151m\u0171 sz\u00e1ll\u00edt\u00e1s\u00e1hoz kapcsol\u00f3d\u00f3, orsz\u00e1ghat\u00e1rokon \u00e1t\u00edvel\u0151 k\u00f6rnyezeti hat\u00e1svizsg\u00e1lat elv\u00e9gz\u00e9s\u00e9r\u0151l \u00e9s az \u00e9rintett orsz\u00e1gok t\u00e1j\u00e9koztat\u00e1s\u00e1r\u00f3l, amelyet az espooi egyezm\u00e9ny \u00edr el\u0151.<\/p>\n<p>Oroszorsz\u00e1g form\u00e1lisan ugyan nem ratifik\u00e1lta az espooi egyezm\u00e9nyt, azonban kor\u00e1bban \u00f6nk\u00e9nt betartotta annak el\u0151\u00edr\u00e1sait \u2013 p\u00e9ld\u00e1ul k\u00f6rnyezeti hat\u00e1stanulm\u00e1nyt k\u00e9sz\u00edtett a Baltikumban tervezett atomer\u0151m\u0171, vagy az \u00c9szaki \u00c1ramlat g\u00e1zvezet\u00e9k kapcs\u00e1n, illetve m\u00e1s esetekben is.<\/p>\n<p>A Roszatom a megkeres\u00e9sre v\u00e1laszul k\u00f6z\u00f6lte, hogy nem tervez ilyen hat\u00e1svizsg\u00e1latot. \u201eAz \u00fasz\u00f3 er\u0151m\u0171blokk (fizikai forr\u00e1s) sz\u00e1ll\u00edt\u00e1sa sor\u00e1n, az Orosz F\u00f6der\u00e1ci\u00f3 ter\u00fcleti vizeinek elhagy\u00e1sa ut\u00e1n olyan ter\u00fcleteken halad majd, amelyek nem tartoznak az Orosz F\u00f6der\u00e1ci\u00f3 joghat\u00f3s\u00e1ga al\u00e1\u201d \u2013 \u00edrta a c\u00e9g. Az ENSZ tengerjogi egyezm\u00e9ny\u00e9re hivatkoznak, amely lefekteti a haj\u00f3k b\u00e9k\u00e9s c\u00e9l\u00fa \u00e1thalad\u00e1s\u00e1nak jog\u00e1t a tengerparti orsz\u00e1gok ter\u00fcleti vizein, m\u00e9g abban az esetben is, ha azok nukle\u00e1ris er\u0151m\u0171vet sz\u00e1ll\u00edtanak.<\/p>\n<p>A Roszatom tov\u00e1bb\u00e1, t\u00f6bb m\u00e1s orosz \u00e1llami v\u00e1llalathoz \u00e9s hat\u00f3s\u00e1gi szervhez hasonl\u00f3an, nemzetk\u00f6zi szinten is az oroszorsz\u00e1gi szab\u00e1lyoz\u00e1st igyekszik alkalmazni. A c\u00e9g k\u00e9pvisel\u0151i azt nyilatkozt\u00e1k a Greenpeace-nek, hogy\u00a0<i>\u201eaz atomenergi\u00e1val kapcsolatos sz\u00f6vets\u00e9gi el\u0151\u00edr\u00e1soknak \u00e9s szab\u00e1lyoz\u00e1snak megfelel\u0151en a m\u0171k\u00f6dtet\u0151 (a Roszenergoatom r\u00e9szv\u00e9nyt\u00e1rsas\u00e1g) kidolgozott egy akci\u00f3tervet\u201d<\/i>\u00a0sug\u00e1rz\u00e1svesz\u00e9ly eset\u00e9re, megakad\u00e1lyozand\u00f3\u00a0<i>\u201ea leg\u00e9nys\u00e9g \u00e9s a lakoss\u00e1g kitetts\u00e9g\u00e9t a megengedett \u00e9rt\u00e9kek f\u00f6l\u00f6tti szintnek \u00e9s a k\u00f6rnyezet radioakt\u00edv szennyez\u0151d\u00e9s\u00e9t. Az atomenergi\u00e1ra vonatkoz\u00f3 sz\u00f6vets\u00e9gi szab\u00e1lyoz\u00e1s nem \u00edrja el\u0151 az akci\u00f3terv \u00e9s a szem\u00e9lyzet v\u00e9delm\u00e9t c\u00e9lz\u00f3 int\u00e9zked\u00e9sek megt\u00e1rgyal\u00e1s\u00e1t a szomsz\u00e9dos \u00e1llamokkal\u201d<\/i>.<\/p>\n<p>Az orosz Greenpeace jogi szak\u00e9rt\u0151i a Roszatom v\u00e1lasza kapcs\u00e1n megjegyezt\u00e9k, hogy a v\u00e1llalat meglehet\u0151sen abszurd m\u00f3don \u00e9rtelmezi az espooi egyezm\u00e9nyt. Az egyezm\u00e9ny ellehetetlen\u00edt\u00e9s\u00e9t eredm\u00e9nyezn\u00e9 az, ha azt az \u00e1llamok megker\u00fclhetn\u00e9k az\u00e1ltal, hogy ter\u00fcleti vizeiken k\u00edv\u00fcl folytatnak vesz\u00e9lyes tev\u00e9kenys\u00e9get.<\/p>\n<p>A nemzetk\u00f6zi jogi eszk\u00f6z\u00f6kre \u2013 az UNCLOS, az espooi egyezm\u00e9ny, az ITLOS el\u0151\u00edr\u00e1sai \u00e9s utas\u00edt\u00e1sai, a Nemzetk\u00f6zi B\u00edr\u00f3s\u00e1g \u2013 t\u00e1maszkodva a Greenpeace felsz\u00f3l\u00edtja a Roszatomot, hogy\u00a0<b>tartsa tiszteletben az Oroszorsz\u00e1ggal szomsz\u00e9dos orsz\u00e1gok jog\u00e1t a biztons\u00e1gos k\u00f6rnyezethez \u00e9s a radioakt\u00edv vesz\u00e9lyekt\u0151l val\u00f3 v\u00e9delemhez.<\/b>\u00a0Ez\u00e9rt k\u00f6vetelj\u00fck, hogy a Roszatom a nemzetk\u00f6zi el\u0151\u00edr\u00e1soknak megfelel\u0151en v\u00e9gezzen k\u00f6rnyezeti hat\u00e1svizsg\u00e1latot, \u00e9s t\u00e1j\u00e9koztassa azon orsz\u00e1gokat, amelyek vizein \u00e1thalad az \u00fasz\u00f3 atomer\u0151m\u0171.<\/p>\n<p><img loading=\"lazy\" decoding=\"async\" class=\"size-full wp-image-3997\" src=\"https:\/\/www.greenpeace.org\/static\/planet4-hungary-stateless\/2019\/03\/78fc9a18-piter-1.jpg\" alt=\"\" width=\"600\" height=\"401\" srcset=\"https:\/\/www.greenpeace.org\/static\/planet4-hungary-stateless\/2019\/03\/78fc9a18-piter-1.jpg 600w, https:\/\/www.greenpeace.org\/static\/planet4-hungary-stateless\/2019\/03\/78fc9a18-piter-1-300x201.jpg 300w, https:\/\/www.greenpeace.org\/static\/planet4-hungary-stateless\/2019\/03\/78fc9a18-piter-1-510x340.jpg 510w\" sizes=\"auto, (max-width: 600px) 100vw, 600px\" \/><\/p>\n<p><b>A s\u00falyos biztons\u00e1gi agg\u00e1lyok mellett az \u00fasz\u00f3 atomer\u0151m\u0171 meg\u00e9p\u00edt\u00e9se \u00e9s haszn\u00e1lata az \u00c9szaki-sarkvid\u00e9k t\u00e9rs\u00e9g\u00e9re is komoly vesz\u00e9lyt jelent.<\/b>\u00a0A Roszatom \u00e9s a kapcsolt v\u00e1llalkoz\u00e1sok azt nyilatkozt\u00e1k, hogy a sarkvid\u00e9ki r\u00e9gi\u00f3 ipari felt\u00e1r\u00e1sa \u00e9rdek\u00e9ben\u00a0<a href=\"http:\/\/www.globalconstructionreview.com\/sectors\/russias-first-floating-nuclear-p8o4we8r-p0l46a0n8t\/\">\u00fasz\u00f3 atomer\u0151m\u0171vet<\/a>\u00a0\u00e9s atommeghajt\u00e1s\u00fa haj\u00f3kat k\u00edv\u00e1nnak haszn\u00e1lni.<\/p>\n<p>A c\u00e9g olaj- \u00e9s g\u00e1zipari \u00f3ri\u00e1sv\u00e1llalatokkal \u00e9s sz\u00e9nb\u00e1ny\u00e1szati v\u00e1llalatokkal\u00a0<a href=\"http:\/\/www.world-nuclear-news.org\/ON-Rosatom-diversifies-work-in-Arctic-region-03041701.html\">szerz\u0151d\u00f6tt<\/a>\u00a0az\u00e9rt, hogy a nukle\u00e1ris flott\u00e1ja sz\u00e1m\u00e1ra biztos\u00edtsa a\u00a0<a href=\"http:\/\/www.strana-rosatom.ru\/%D1%83%D0%B3%D0%BB%D1%8E-%D0%B8-%D0%B3%D0%B0%D0%B7%D1%83-%D0%BD%D1%83%D0%B6%D0%B5%D0%BD-%D0%B0%D1%82%D0%BE%D0%BC\/\">kib\u00e1ny\u00e1szott fosszilis energiahordoz\u00f3k sz\u00e1ll\u00edt\u00e1s\u00e1nak \u00fatvonal\u00e1t<\/a>\u00a0az \u00e9szaki haj\u00f3z\u00e1si \u00fatvonalon. Az \u00fasz\u00f3 atomer\u0151m\u0171 az \u00f3n- \u00e9s az aranyb\u00e1ny\u00e1szat sz\u00e1m\u00e1ra is biztos\u00edtana energi\u00e1t. Ez pedig, a nukle\u00e1ris kock\u00e1zat mellett, n\u00f6veln\u00e9 a sarkvid\u00e9ki r\u00e9gi\u00f3 k\u00f6rnyezetszennyez\u00e9s\u00e9t, \u00e9s gyors\u00edtan\u00e1 a ter\u00fclet pusztul\u00e1s\u00e1t.<\/p>\n<p><b>A Greenpeace ellenzi mag\u00e1t az \u00fasz\u00f3 atomer\u0151m\u0171 \u00f6tlet\u00e9t is, mert az indokolatlanul \u00e9s elfogadhatatlanul vesz\u00e9lyes, \u00e9s annak le\u00e1ll\u00edt\u00e1s\u00e1t k\u00f6veteli.<\/b><\/p>\n\t\t\t<section\n\t\t\tclass=\"boxout post-430 \"\n\t\t\t\n\t\t>\n\t\t\t<a\n\t\t\t\tdata-ga-category=\"Take Action Boxout\"\n\t\t\t\tdata-ga-action=\"Image\"\n\t\t\t\tdata-ga-label=\"n\/a\"\n\t\t\t\tclass=\"cover-card-overlay\"\n\t\t\t\thref=\"https:\/\/www.greenpeace.org\/hungary\/cselekedj\/paks-ii-helyett-megujulokat\/\" \n\t\t\t><\/a>\n\t\t\t\t\t\t\t<img\n\t\t\t\t\t\tsrc=\"https:\/\/www.greenpeace.org\/static\/planet4-hungary-stateless\/2018\/10\/af5a4296-gp0strop2-1024x683.jpg\"\n\t\t\t\t\t\tsrcset=\"https:\/\/www.greenpeace.org\/static\/planet4-hungary-stateless\/2018\/10\/af5a4296-gp0strop2-300x200.jpg 300w, https:\/\/www.greenpeace.org\/static\/planet4-hungary-stateless\/2018\/10\/af5a4296-gp0strop2-768x512.jpg 768w, https:\/\/www.greenpeace.org\/static\/planet4-hungary-stateless\/2018\/10\/af5a4296-gp0strop2-1024x683.jpg 1024w, https:\/\/www.greenpeace.org\/static\/planet4-hungary-stateless\/2018\/10\/af5a4296-gp0strop2-510x340.jpg 510w, https:\/\/www.greenpeace.org\/static\/planet4-hungary-stateless\/2018\/10\/af5a4296-gp0strop2.jpg 1200w\"\n\t\t\t\t\t\tsizes=\"(min-width: 1000px) 358px, (min-width: 780px) 313px, 88px\"\n\t\t\t\t\t\talt=\"Protest against Nuclear Power Plant Paks 2 in Budapest. \u00a9 Bence Jardany\" title=\"Protest against Nuclear Power Plant Paks 2 in Budapest. \u00a9 Bence Jardany\"\n\t\t\t\t\/>\n            \t\t\t<div class=\"boxout-content\">\n\t\t\t\t\t\t\t\t\t<a\n\t\t\t\t\t\tclass=\"boxout-heading medium\"\n\t\t\t\t\t\tdata-ga-category=\"Take Action Boxout\"\n\t\t\t\t\t\tdata-ga-action=\"Title\"\n\t\t\t\t\t\tdata-ga-label=\"n\/a\"\n\t\t\t\t\t\thref=\"https:\/\/www.greenpeace.org\/hungary\/cselekedj\/paks-ii-helyett-megujulokat\/\"\n\t\t\t\t\t\t\n\t\t\t\t\t>\n\t\t\t\t\t\tPaks II. helyett meg\u00fajul\u00f3kat\n\t\t\t\t\t<\/a>\n\t\t\t\t\t\t\t\t\t\t\t\t\t<p class=\"boxout-excerpt\">Paks II. feleslegesen vesz\u00e9lyeztetn\u00e9 a magyar lakoss\u00e1got \u00e9s \u00e9rt\u00e9kes term\u00e9szeti kincseinket. Van alternat\u00edva: a tiszta \u00e9s biztons\u00e1gos meg\u00fajul\u00f3k.<\/p>\n\t\t\t\t                                    <a\n                        class=\"btn btn-primary\"\n                        data-ga-category=\"Take Action Boxout\"\n                        data-ga-action=\"Call to Action\"\n                        data-ga-label=\"n\/a\"\n                        href=\"https:\/\/www.greenpeace.org\/hungary\/cselekedj\/paks-ii-helyett-megujulokat\/\"\n                        \n                    >\n                        Cselekszem\n                    <\/a>\n                \t\t\t<\/div>\n\t\t\t\t\t<\/section>\n\t","protected":false},"excerpt":{"rendered":"<p>Szentp\u00e9terv\u00e1r Oroszorsz\u00e1g m\u00e1sodik legnagyobb v\u00e1rosa. A Roszatom v\u00e1llalat az \u00f6tmilli\u00f3s v\u00e1ros k\u00f6zpontj\u00e1ban \u00e9p\u00edti az\u00a0Akademik Lomonoszov\u00a0\u00fasz\u00f3 atomer\u0151m\u0171vet. <\/p>\n","protected":false},"author":27,"featured_media":3998,"comment_status":"closed","ping_status":"closed","sticky":false,"template":"","format":"standard","meta":{"ep_exclude_from_search":false,"p4_og_title":"","p4_og_description":"","p4_og_image":"","p4_og_image_id":"","p4_seo_canonical_url":"","p4_campaign_name":"","p4_local_project":"","p4_basket_name":"","p4_department":"","footnotes":""},"categories":[2],"tags":[17],"p4-page-type":[40],"class_list":["post-3995","post","type-post","status-publish","format-standard","has-post-thumbnail","hentry","category-klima-energia","tag-atomenergia","p4-page-type-blog"],"_links":{"self":[{"href":"https:\/\/www.greenpeace.org\/hungary\/wp-json\/wp\/v2\/posts\/3995","targetHints":{"allow":["GET"]}}],"collection":[{"href":"https:\/\/www.greenpeace.org\/hungary\/wp-json\/wp\/v2\/posts"}],"about":[{"href":"https:\/\/www.greenpeace.org\/hungary\/wp-json\/wp\/v2\/types\/post"}],"author":[{"embeddable":true,"href":"https:\/\/www.greenpeace.org\/hungary\/wp-json\/wp\/v2\/users\/27"}],"replies":[{"embeddable":true,"href":"https:\/\/www.greenpeace.org\/hungary\/wp-json\/wp\/v2\/comments?post=3995"}],"version-history":[{"count":6,"href":"https:\/\/www.greenpeace.org\/hungary\/wp-json\/wp\/v2\/posts\/3995\/revisions"}],"predecessor-version":[{"id":8921,"href":"https:\/\/www.greenpeace.org\/hungary\/wp-json\/wp\/v2\/posts\/3995\/revisions\/8921"}],"wp:featuredmedia":[{"embeddable":true,"href":"https:\/\/www.greenpeace.org\/hungary\/wp-json\/wp\/v2\/media\/3998"}],"wp:attachment":[{"href":"https:\/\/www.greenpeace.org\/hungary\/wp-json\/wp\/v2\/media?parent=3995"}],"wp:term":[{"taxonomy":"category","embeddable":true,"href":"https:\/\/www.greenpeace.org\/hungary\/wp-json\/wp\/v2\/categories?post=3995"},{"taxonomy":"post_tag","embeddable":true,"href":"https:\/\/www.greenpeace.org\/hungary\/wp-json\/wp\/v2\/tags?post=3995"},{"taxonomy":"p4-page-type","embeddable":true,"href":"https:\/\/www.greenpeace.org\/hungary\/wp-json\/wp\/v2\/p4-page-type?post=3995"}],"curies":[{"name":"wp","href":"https:\/\/api.w.org\/{rel}","templated":true}]}}