{"id":4006,"date":"2017-04-20T12:46:16","date_gmt":"2017-04-20T10:46:16","guid":{"rendered":"https:\/\/www.greenpeace.org\/hungary\/?p=4006"},"modified":"2021-12-01T13:26:35","modified_gmt":"2021-12-01T12:26:35","slug":"paks-ii-edes-alom-vagy-lazalom","status":"publish","type":"post","link":"https:\/\/www.greenpeace.org\/hungary\/blog\/4006\/paks-ii-edes-alom-vagy-lazalom\/","title":{"rendered":"Paks II: \u201e\u00e9des\u201d \u00e1lom vagy l\u00e1z\u00e1lom?"},"content":{"rendered":"<p><a href=\"http:\/\/www.vg.hu\/velemeny\/interju\/lazar-janos-a-kozmucegeknek-is-segiteniuk-kell-a-versenykepesseget-487165\"><b>Egy friss interj\u00faban<\/b><\/a><b>\u00a0L\u00e1z\u00e1r J\u00e1nos, a Minisztereln\u00f6ks\u00e9get vezet\u0151 miniszter tett n\u00e9h\u00e1ny k\u00fcl\u00f6n\u00f6s \u00e1ll\u00edt\u00e1st a paksi b\u0151v\u00edt\u00e9sr\u0151l. Itt \u00f6sszeszedt\u00fcnk p\u00e1r pontot, ahol szerint\u00fcnk \u00e9rdemes \u00e1rnyalni a kijelent\u00e9seket.<\/b><\/p>\n<div id=\"attachment_4007\" style=\"width: 650px\" class=\"wp-caption aligncenter\"><img loading=\"lazy\" decoding=\"async\" aria-describedby=\"caption-attachment-4007\" class=\"wp-image-4007 size-full\" src=\"https:\/\/www.greenpeace.org\/static\/planet4-hungary-stateless\/2019\/03\/da576b37-02_bees_600.jpg\" alt=\"\" width=\"640\" height=\"381\" srcset=\"https:\/\/www.greenpeace.org\/static\/planet4-hungary-stateless\/2019\/03\/da576b37-02_bees_600.jpg 640w, https:\/\/www.greenpeace.org\/static\/planet4-hungary-stateless\/2019\/03\/da576b37-02_bees_600-300x179.jpg 300w, https:\/\/www.greenpeace.org\/static\/planet4-hungary-stateless\/2019\/03\/da576b37-02_bees_600-510x304.jpg 510w\" sizes=\"auto, (max-width: 640px) 100vw, 640px\" \/><p id=\"caption-attachment-4007\" class=\"wp-caption-text\">\u00a9 J\u00c1RD\u00c1NY Bence\/Greenpeace<\/p><\/div>\n<p><a id=\"more12440385\" name=\"more12440385\"><\/a><\/p>\n<ol>\n<li>A miniszter szerint az \u00faj paksi reaktorok (az\u00a0<i>\u201eatomer\u0151m\u0171 kapacit\u00e1s\u00e1nak fenntart\u00e1sa\u201d<\/i>\u00a0kifejez\u00e9s alatt) fogj\u00e1k biztos\u00edtani\u00a0<i>\u201eaz olcs\u00f3 energi\u00e1t\u201d<\/i>.Annak magyar\u00e1zat\u00e1val azonban ad\u00f3s maradt, hogy mit \u00e9rt az\u00a0<i>\u201eolcs\u00f3\u201d<\/i>\u00a0alatt. Ugyanis\u00a0<b>az \u00faj reaktorok a korm\u00e1ny szerint is kb. m\u00e1sf\u00e9lszer dr\u00e1g\u00e1bban fognak termelni a r\u00e9giekn\u00e9l. R\u00e1ad\u00e1ul a korm\u00e1nyt\u00f3l\u00a0<\/b><a href=\"https:\/\/www.energiaklub.hu\/files\/study\/paks2_allami_tamogatas_2015jun.pdf\"><b>f\u00fcggetlen<\/b><\/a>\u00a0<a href=\"http:\/\/rekk.hu\/elemzes\/125\/atomeromuvi_beruhazasok_megterulese\"><b>elemz\u00e9sek<\/b><\/a><b>\u00a0(\u00edgy p\u00e9ld\u00e1ul az \u00e1ltalunk\u00a0<\/b><a href=\"http:\/\/www.greenpeace.org\/hungary\/Global\/hungary\/kampanyok\/atomenergia\/paks2\/NPP%20Paks%20II%20Candole.pdf\"><b>k\u00e9sz\u00edttetett\u00a0<\/b><\/a><b>is) ink\u00e1bb 2-3-szoros \u00e1rral kalkul\u00e1lnak.<\/b>\n<p>&nbsp;<\/li>\n<li>Arra a k\u00e9rd\u00e9sre adott v\u00e1lasz\u00e1t, hogy\u00a0<b>mi\u00e9rt nem \u00edrtak ki tendert az atomer\u0151m\u0171 megval\u00f3s\u00edt\u00e1s\u00e1ra<\/b>\u00a0(\u00f6sszefoglalva: mivel a r\u00e9gi reaktorok orosz gy\u00e1rtm\u00e1ny\u00faak, ez\u00e9rt elk\u00e9pzelhetetlen, hogy ne orosz reaktorok \u00e9p\u00fcljenek mell\u00e9j\u00fck), k\u00e9nytelenek vagyunk politikai v\u00e9lem\u00e9nyk\u00e9nt \u00e9rtelmezni.Szakmailag ugyanis egyszer\u0171en k\u00e9ptelens\u00e9g az \u00e1ll\u00edt\u00e1s.\u00a0<b>Ha \u00e9p\u00fclnek \u00faj reaktorok Pakson, azoknak \u2013 m\u0171szaki \u00e9rtelemben is \u2013 a r\u00e9giekt\u0151l teljesen f\u00fcggetlen\u00fcl kell \u00fczemelni\u00fck.<\/b>\u00a0A nem orosz technol\u00f3gia alkalmaz\u00e1s\u00e1t teljes m\u00e9rt\u00e9kben elk\u00e9pzelhet\u0151nek tartott\u00e1k a magyar\u2013orosz \u00e1llamk\u00f6zi meg\u00e1llapod\u00e1s megk\u00f6t\u00e9se el\u0151tt. Csak p\u00e9ldak\u00e9nt: m\u00e1s dokumentumok mellett a 2012 v\u00e9g\u00e9n beny\u00fajtott el\u0151zetes k\u00f6rnyezeti \u00e9rt\u00e9kel\u00e9s (az \u00fagynevezett\u00a0<a href=\"http:\/\/www.mvmpaks2.hu\/hu\/Dokumentumtarolo\/EKD-HUN.pdf\">konzult\u00e1ci\u00f3s dokument\u00e1ci\u00f3<\/a>) is felsorolta az \u00f6sszes sz\u00f3ba j\u00f6v\u0151 technol\u00f3gi\u00e1t \u2013 az orosz, az amerikai, francia, koreai \u00e9s jap\u00e1n-francia t\u00edpusokat.<\/li>\n<li><b>Nem \u00e1ll meg, hogy az EU-s vizsg\u00e1latok igazolt\u00e1k volna a korm\u00e1ny \u00e1ll\u00e1spontj\u00e1t.<\/b>\u00a0Az elmaradt tender k\u00e9rd\u00e9s\u00e9ben az Eur\u00f3pai Bizotts\u00e1g m\u0171szaki kiz\u00e1r\u00f3lagoss\u00e1gra hivatkozva sz\u00fcntette be a k\u00f6telezetts\u00e9gszeg\u00e9si elj\u00e1r\u00e1st tavaly novemberben. T\u00fal azon, hogy a magyar korm\u00e1ny a nyilv\u00e1noss\u00e1g el\u0151tt sosem \u00e9rvelt azzal, hogy a magyar rendelkez\u00e9seknek csak az orosz technol\u00f3gia tud megfelelni, r\u00e9szletes magyar\u00e1zattal mindm\u00e1ig nem szolg\u00e1lt sem a Bizotts\u00e1g, sem a magyar korm\u00e1ny, mely el\u0151\u00edr\u00e1sokr\u00f3l lehet sz\u00f3.<b>Az \u00e1llami t\u00e1mogat\u00e1s k\u00e9rd\u00e9s\u00e9ben 2017 m\u00e1rcius\u00e1ban\u00a0<\/b><a href=\"http:\/\/europa.eu\/rapid\/press-release_IP-17-464_en.htm\"><b>hozott d\u00f6nt\u00e9s<\/b><\/a><b>\u00a0pedig kifejezetten ellentmondott a korm\u00e1ny \u00e1ll\u00e1spontj\u00e1nak.<\/b>\u00a0Az \u00e9vekig tart\u00f3 vizsg\u00e1lat sor\u00e1n a magyar korm\u00e1ny v\u00e9gig azzal \u00e9rvelt, hogy a paksi projektben nincs \u00e1llami t\u00e1mogat\u00e1s, s\u0151t, olyan j\u00f3 \u00fczlet, hogy azt egy mag\u00e1nbefektet\u0151 is megval\u00f3s\u00edtan\u00e1. A d\u00f6nt\u00e9s azonban pont az ellenkez\u0151j\u00e9t \u00e1llap\u00edtotta meg:\u00a0<b>a projektbe mag\u00e1nbefektet\u0151 nem v\u00e1gna bele, \u00edgy az \u00e1llami t\u00e1mogat\u00e1snak min\u0151s\u00fcl.<\/b>\n<p>&nbsp;<\/li>\n<li>A finansz\u00edroz\u00e1s k\u00e9rd\u00e9s\u00e9ben a miniszter elk\u00e9pzelhet\u0151 alternat\u00edv\u00e1nak tartja, hogy a beruh\u00e1z\u00e1st k\u00f6lts\u00e9gvet\u00e9si p\u00e9nzb\u0151l val\u00f3s\u00edts\u00e1k meg az orosz hitel helyett. Ebben egyebek mellett az az \u00e9rdekes, hogy a finansz\u00edroz\u00e1s\u00a0<b>legal\u00e1bb 20%-\u00e1t (2,5 milli\u00e1rd eur\u00f3t, azaz k\u00f6r\u00fclbel\u00fcl 775 milli\u00e1rd forintot) mindenk\u00e9ppen Magyarorsz\u00e1gnak kell fizetnie<\/b>.<b>\u00a0Az pedig egyel\u0151re nem vil\u00e1gos, hogyan fogj\u00e1k ezt biztos\u00edtani<\/b>, \u00e9s hogy hogyan fognak elsz\u00e1molni a k\u00f6lts\u00e9gekkel a nyilv\u00e1noss\u00e1g, az ad\u00f3fizet\u0151k fel\u00e9.\n<div class=\"popup_icon_container popup_icon_container_notext imgnotext\">\n<div id=\"attachment_4008\" style=\"width: 1034px\" class=\"wp-caption aligncenter\"><img loading=\"lazy\" decoding=\"async\" aria-describedby=\"caption-attachment-4008\" class=\"size-full wp-image-4008\" src=\"https:\/\/www.greenpeace.org\/static\/planet4-hungary-stateless\/2019\/03\/52bec7c8-13076311993_3a1f92ac24_o.gif\" alt=\"\" width=\"1024\" height=\"683\" \/><p id=\"caption-attachment-4008\" class=\"wp-caption-text\">\u00a9 J\u00c1RD\u00c1NY Bence\/Greenpeace<\/p><\/div>\n<\/div>\n<\/li>\n<li>A miniszter k\u00e9sz t\u00e9nyk\u00e9nt eml\u00edti, hogy 40%-ban magyar besz\u00e1ll\u00edt\u00f3k fognak r\u00e9szt venni a beruh\u00e1z\u00e1sban. Azt azonban nem k\u00f6zli, hogy ezt csak\u00a0<b>lehet\u0151s\u00e9gk\u00e9nt\u00a0<\/b>r\u00f6gz\u00edti a k\u00e9t orsz\u00e1g k\u00f6z\u00f6tt k\u00f6t\u00f6tt meg\u00e1llapod\u00e1s. M\u00e1rpedig er\u0151sen k\u00e9rd\u00e9ses, hogy Magyarorsz\u00e1g meg tudna-e felelni a kih\u00edv\u00e1snak. A beruh\u00e1z\u00e1s munkahelyteremt\u00e9se tekintet\u00e9ben is t\u00falz\u00e1sba esett a miniszter.<b>Legfeljebb az \u00e9p\u00edt\u00e9si id\u0151szak cs\u00facs\u00e1n lehet sz\u00fcks\u00e9g az eml\u00edtett 10 ezer f\u0151re, az \u00faj blokkok kezel\u0151szem\u00e9lyzet\u00e9nek l\u00e9tsz\u00e1ma legfeljebb\u00a0<\/b><a href=\"http:\/\/www.rosatom.ru\/upload\/iblock\/0be\/0be1220af25741375138ecd1afb18743.pdf\"><b>1000 f\u0151 k\u00f6r\u00fclire v\u00e1rhat\u00f3<\/b><\/a><b><b>.<\/b><\/b>&nbsp;<\/li>\n<li><b>Nem vil\u00e1gos, hogy a miniszter szerint mi\u00e9rt nem n\u0151ne az energiaf\u00fcgg\u0151s\u00e9g\u00fcnk Paks II-vel.<\/b>\u00a0A jelenlegi tervek szerint a r\u00e9gi blokkok tervezett v\u00e9gleges le\u00e1ll\u00edt\u00e1s\u00e1nak (2032\u201337) megfelel\u0151en \u00f6sszesen\u00a0<b>13 \u00e9v lenne, amikor Paks I vagy Paks II legal\u00e1bb egy blokkja egy\u00fctt termelne a m\u00e1sik er\u0151m\u0171 blokkjaival<\/b>. R\u00e1ad\u00e1sul a VVER-1200-as reaktorokhoz\u00a0<b>csak orosz forr\u00e1sb\u00f3l lehet \u00fczemanyagot beszerezni<\/b>\u00a0\u2013 nem igaz teh\u00e1t, hogy b\u00e1rhonnan hozz\u00e1 lehetne jutni. \u00c9s akkor a tov\u00e1bbi \u2013 p\u00e9ld\u00e1ul a hitel okozta, teh\u00e1t nem k\u00f6zvetlen\u00fcl energetikai \u2013 f\u00fcgg\u0151s\u00e9gekr\u0151l nem is besz\u00e9lt\u00fcnk.<\/li>\n<li>Mik\u00f6zben\u00a0<b>a miniszter az interj\u00faban t\u00f6bb helyen is a meg\u00fajul\u00f3k ellen \u00e9rvel<\/b>\u00a0(amelyek ki\u00e9p\u00fcl\u00e9se szerinte \u201ebr\u00fcsszeli\u201d irracion\u00e1lis z\u00f6ldpolitika eredm\u00e9nye, \u00e9s amelyek dr\u00e1gas\u00e1got \u00e9s m\u0171szaki probl\u00e9m\u00e1kat okoznak),\u00a0<b>m\u00e9gis azt \u00e1ll\u00edtja, hogy az \u00e1ram fel\u00e9t a j\u00f6v\u0151ben (konkr\u00e9t id\u0151t\u00e1v megjel\u00f6l\u00e9se n\u00e9lk\u00fcl) a meg\u00fajul\u00f3k fogj\u00e1k adni<\/b>\u00a0(m\u00e1r amennyiben a \u201ez\u00f6ld\u00e1ram\u201d kifejez\u00e9s a meg\u00fajul\u00f3kat takarja). Ez val\u00f3j\u00e1ban<b>\u00a0ellentmond az\u00a0<\/b><a href=\"http:\/\/2010-2014.kormany.hu\/download\/4\/f8\/70000\/Nemzeti%20Energiastrat%C3%A9gia%202030%20teljes%20v%C3%A1ltozat.pdf\"><b>Energiastrat\u00e9gi\u00e1ban<\/b><\/a><b>megfogalmazott c\u00e9loknak<\/b>, mivel ott ilyen forgat\u00f3k\u00f6nyv nem tal\u00e1lhat\u00f3. A megval\u00f3s\u00edt\u00e1sra kijel\u00f6lt \u201eAtom-sz\u00e9n-z\u00f6ld\u201d forgat\u00f3k\u00f6nyv 54% atomenergia mellett mind\u00f6ssze 16% meg\u00fajul\u00f3t tart megval\u00f3s\u00edthat\u00f3nak 2030-ra, m\u00edg a t\u00f6bbit a f\u00f6ldg\u00e1z \u00e9s a sz\u00e9n adn\u00e1 (\u00e9s az export 14%-ot tenne ki).<\/li>\n<li>A helyzet teh\u00e1t az lenne, hogy a korm\u00e1ny a fentiek szerint, b\u00e1rmilyen r\u00e9szletes terv n\u00e9lk\u00fcl mintegy 50%-os ar\u00e1nyban sz\u00e1mol meg\u00fajul\u00f3k ki\u00e9p\u00edt\u00e9s\u00e9vel Magyarorsz\u00e1gon. Ek\u00f6zben m\u00e1s orsz\u00e1gok t\u00e9nylegesen t\u00f6rekednek hasonl\u00f3 c\u00e9lok el\u00e9r\u00e9s\u00e9re, konkr\u00e9t tervek ment\u00e9n. Arra az ellentmond\u00e1sra nem der\u00fcl f\u00e9ny, hogy a miniszter szerint m\u00e9gis mi\u00e9rt ez ut\u00f3bbi sz\u00e1m\u00edt \u201eirracion\u00e1lisnak\u201d.Azt sem tudjuk meg, hogy a meg\u00fajul\u00f3s fejleszt\u00e9sek milyen hat\u00e1ssal lesznek az \u00e1ram\u00e1rakra (mint ahogyan ezt Paks II eset\u00e9ben sem der\u00fclt ki az interj\u00fab\u00f3l). Annyit elmondott a miniszter, hogy a meg\u00fajul\u00f3kat uni\u00f3s t\u00e1mogat\u00e1sokb\u00f3l fogjuk finansz\u00edrozni, \u00e9s hogy a korm\u00e1ny majd programokat fog kidolgozni. Az<b>\u00a0valami\u00e9rt fel sem mer\u00fcl, hogy megfelel\u0151, biztos, kisz\u00e1m\u00edthat\u00f3 szab\u00e1lyoz\u00e1s mellett a piac mag\u00e1t\u00f3l is finansz\u00edrozn\u00e1 a meg\u00fajul\u00f3s beruh\u00e1z\u00e1sokat. Holott m\u00e1ra a meg\u00fajul\u00f3k egyre t\u00f6bb fajt\u00e1ja vil\u00e1gszerte \u00fczleti alapon is versenyk\u00e9pess\u00e9 v\u00e1lt.<\/b><\/li>\n<\/ol>\n<div id=\"attachment_4009\" style=\"width: 650px\" class=\"wp-caption aligncenter\"><img loading=\"lazy\" decoding=\"async\" aria-describedby=\"caption-attachment-4009\" class=\"size-full wp-image-4009\" src=\"https:\/\/www.greenpeace.org\/static\/planet4-hungary-stateless\/2019\/03\/c510389c-32942234273_786415c164_z.jpg\" alt=\"\" width=\"640\" height=\"427\" srcset=\"https:\/\/www.greenpeace.org\/static\/planet4-hungary-stateless\/2019\/03\/c510389c-32942234273_786415c164_z.jpg 640w, https:\/\/www.greenpeace.org\/static\/planet4-hungary-stateless\/2019\/03\/c510389c-32942234273_786415c164_z-300x200.jpg 300w, https:\/\/www.greenpeace.org\/static\/planet4-hungary-stateless\/2019\/03\/c510389c-32942234273_786415c164_z-510x340.jpg 510w\" sizes=\"auto, (max-width: 640px) 100vw, 640px\" \/><p id=\"caption-attachment-4009\" class=\"wp-caption-text\">\u00a9 J\u00c1RD\u00c1NY Bence\/Greenpeace<\/p><\/div>\n\t\t\t<section\n\t\t\tclass=\"boxout post-430 \"\n\t\t\t\n\t\t>\n\t\t\t<a\n\t\t\t\tdata-ga-category=\"Take Action Boxout\"\n\t\t\t\tdata-ga-action=\"Image\"\n\t\t\t\tdata-ga-label=\"n\/a\"\n\t\t\t\tclass=\"cover-card-overlay\"\n\t\t\t\thref=\"https:\/\/www.greenpeace.org\/hungary\/cselekedj\/paks-ii-helyett-megujulokat\/\" \n\t\t\t><\/a>\n\t\t\t\t\t\t\t<img\n\t\t\t\t\t\tsrc=\"https:\/\/www.greenpeace.org\/static\/planet4-hungary-stateless\/2018\/10\/af5a4296-gp0strop2-1024x683.jpg\"\n\t\t\t\t\t\tsrcset=\"https:\/\/www.greenpeace.org\/static\/planet4-hungary-stateless\/2018\/10\/af5a4296-gp0strop2-300x200.jpg 300w, https:\/\/www.greenpeace.org\/static\/planet4-hungary-stateless\/2018\/10\/af5a4296-gp0strop2-768x512.jpg 768w, https:\/\/www.greenpeace.org\/static\/planet4-hungary-stateless\/2018\/10\/af5a4296-gp0strop2-1024x683.jpg 1024w, https:\/\/www.greenpeace.org\/static\/planet4-hungary-stateless\/2018\/10\/af5a4296-gp0strop2-510x340.jpg 510w, https:\/\/www.greenpeace.org\/static\/planet4-hungary-stateless\/2018\/10\/af5a4296-gp0strop2.jpg 1200w\"\n\t\t\t\t\t\tsizes=\"(min-width: 1000px) 358px, (min-width: 780px) 313px, 88px\"\n\t\t\t\t\t\talt=\"Protest against Nuclear Power Plant Paks 2 in Budapest. \u00a9 Bence Jardany\" title=\"Protest against Nuclear Power Plant Paks 2 in Budapest. \u00a9 Bence Jardany\"\n\t\t\t\t\/>\n            \t\t\t<div class=\"boxout-content\">\n\t\t\t\t\t\t\t\t\t<a\n\t\t\t\t\t\tclass=\"boxout-heading medium\"\n\t\t\t\t\t\tdata-ga-category=\"Take Action Boxout\"\n\t\t\t\t\t\tdata-ga-action=\"Title\"\n\t\t\t\t\t\tdata-ga-label=\"n\/a\"\n\t\t\t\t\t\thref=\"https:\/\/www.greenpeace.org\/hungary\/cselekedj\/paks-ii-helyett-megujulokat\/\"\n\t\t\t\t\t\t\n\t\t\t\t\t>\n\t\t\t\t\t\tPaks II. helyett meg\u00fajul\u00f3kat\n\t\t\t\t\t<\/a>\n\t\t\t\t\t\t\t\t\t\t\t\t\t<p class=\"boxout-excerpt\">Paks II. feleslegesen vesz\u00e9lyeztetn\u00e9 a magyar lakoss\u00e1got \u00e9s \u00e9rt\u00e9kes term\u00e9szeti kincseinket. Van alternat\u00edva: a tiszta \u00e9s biztons\u00e1gos meg\u00fajul\u00f3k.<\/p>\n\t\t\t\t                                    <a\n                        class=\"btn btn-primary\"\n                        data-ga-category=\"Take Action Boxout\"\n                        data-ga-action=\"Call to Action\"\n                        data-ga-label=\"n\/a\"\n                        href=\"https:\/\/www.greenpeace.org\/hungary\/cselekedj\/paks-ii-helyett-megujulokat\/\"\n                        \n                    >\n                        Cselekszem\n                    <\/a>\n                \t\t\t<\/div>\n\t\t\t\t\t<\/section>\n\t","protected":false},"excerpt":{"rendered":"<p>Egy friss interj\u00faban\u00a0L\u00e1z\u00e1r J\u00e1nos, a Minisztereln\u00f6ks\u00e9get vezet\u0151 miniszter tett n\u00e9h\u00e1ny k\u00fcl\u00f6n\u00f6s \u00e1ll\u00edt\u00e1st a paksi b\u0151v\u00edt\u00e9sr\u0151l. Itt \u00f6sszeszedt\u00fcnk p\u00e1r pontot, ahol szerint\u00fcnk \u00e9rdemes \u00e1rnyalni a kijelent\u00e9seket. <\/p>\n","protected":false},"author":27,"featured_media":4007,"comment_status":"closed","ping_status":"closed","sticky":false,"template":"","format":"standard","meta":{"ep_exclude_from_search":false,"p4_og_title":"","p4_og_description":"","p4_og_image":"","p4_og_image_id":"","p4_seo_canonical_url":"","p4_campaign_name":"","p4_local_project":"","p4_basket_name":"","p4_department":"","footnotes":""},"categories":[2],"tags":[17],"p4-page-type":[40],"class_list":["post-4006","post","type-post","status-publish","format-standard","has-post-thumbnail","hentry","category-klima-energia","tag-atomenergia","p4-page-type-blog"],"_links":{"self":[{"href":"https:\/\/www.greenpeace.org\/hungary\/wp-json\/wp\/v2\/posts\/4006","targetHints":{"allow":["GET"]}}],"collection":[{"href":"https:\/\/www.greenpeace.org\/hungary\/wp-json\/wp\/v2\/posts"}],"about":[{"href":"https:\/\/www.greenpeace.org\/hungary\/wp-json\/wp\/v2\/types\/post"}],"author":[{"embeddable":true,"href":"https:\/\/www.greenpeace.org\/hungary\/wp-json\/wp\/v2\/users\/27"}],"replies":[{"embeddable":true,"href":"https:\/\/www.greenpeace.org\/hungary\/wp-json\/wp\/v2\/comments?post=4006"}],"version-history":[{"count":4,"href":"https:\/\/www.greenpeace.org\/hungary\/wp-json\/wp\/v2\/posts\/4006\/revisions"}],"predecessor-version":[{"id":8922,"href":"https:\/\/www.greenpeace.org\/hungary\/wp-json\/wp\/v2\/posts\/4006\/revisions\/8922"}],"wp:featuredmedia":[{"embeddable":true,"href":"https:\/\/www.greenpeace.org\/hungary\/wp-json\/wp\/v2\/media\/4007"}],"wp:attachment":[{"href":"https:\/\/www.greenpeace.org\/hungary\/wp-json\/wp\/v2\/media?parent=4006"}],"wp:term":[{"taxonomy":"category","embeddable":true,"href":"https:\/\/www.greenpeace.org\/hungary\/wp-json\/wp\/v2\/categories?post=4006"},{"taxonomy":"post_tag","embeddable":true,"href":"https:\/\/www.greenpeace.org\/hungary\/wp-json\/wp\/v2\/tags?post=4006"},{"taxonomy":"p4-page-type","embeddable":true,"href":"https:\/\/www.greenpeace.org\/hungary\/wp-json\/wp\/v2\/p4-page-type?post=4006"}],"curies":[{"name":"wp","href":"https:\/\/api.w.org\/{rel}","templated":true}]}}