{"id":4060,"date":"2017-03-10T13:20:29","date_gmt":"2017-03-10T12:20:29","guid":{"rendered":"https:\/\/www.greenpeace.org\/hungary\/?p=4060"},"modified":"2021-12-01T13:26:43","modified_gmt":"2021-12-01T12:26:43","slug":"azt-akarjak-elhitetni-veled-hogy-a-fukusimai-nuklearis-katasztrofa-mar-a-multe-holott-tovabbra-is-velunk-el","status":"publish","type":"post","link":"https:\/\/www.greenpeace.org\/hungary\/blog\/4060\/azt-akarjak-elhitetni-veled-hogy-a-fukusimai-nuklearis-katasztrofa-mar-a-multe-holott-tovabbra-is-velunk-el\/","title":{"rendered":"Azt akarj\u00e1k elhitetni veled, hogy a fukusimai nukle\u00e1ris katasztr\u00f3fa m\u00e1r a m\u00falt\u00e9, holott tov\u00e1bbra is vel\u00fcnk \u00e9l"},"content":{"rendered":"<p><b>Ma hat \u00e9ve, hogy<\/b><a href=\"http:\/\/www.bbc.com\/news\/world-asia-17219008\">\u00a0<b>elt\u0171nt 15 000 ember, \u00e9s t\u00edzezrek \u00e9lete \u00f6r\u00f6kre megv\u00e1ltozott<\/b><\/a><b>. Jap\u00e1n \u00e9szakkeleti r\u00e9sz\u00e9t \u00f3ri\u00e1si f\u00f6ldreng\u00e9s r\u00e1zta meg, majd az ezt k\u00f6vet\u0151 hatalmas cunami tengerparti v\u00e1rosokat mosott el. A k\u00f6vetkez\u0151 napokban rettenetes h\u00edrek \u00e9rkeztek: az egyes sz\u00e1m\u00fa fukusimai atomer\u0151m\u0171ben robban\u00e1sok t\u00f6rt\u00e9ntek, t\u00f6bb reaktorban is megolvadt az \u00fczemanyag, az atomer\u0151m\u0171 t\u00e1gabb k\u00f6rnyezet\u00e9t radioakt\u00edv szennyez\u00e9s bor\u00edtotta be.<\/b><\/p>\n<p><img loading=\"lazy\" decoding=\"async\" class=\"aligncenter size-full wp-image-4064\" src=\"https:\/\/www.greenpeace.org\/static\/planet4-hungary-stateless\/2019\/03\/7d438ce1-simi3.jpg\" alt=\"\" width=\"600\" height=\"405\" srcset=\"https:\/\/www.greenpeace.org\/static\/planet4-hungary-stateless\/2019\/03\/7d438ce1-simi3.jpg 600w, https:\/\/www.greenpeace.org\/static\/planet4-hungary-stateless\/2019\/03\/7d438ce1-simi3-300x203.jpg 300w, https:\/\/www.greenpeace.org\/static\/planet4-hungary-stateless\/2019\/03\/7d438ce1-simi3-504x340.jpg 504w\" sizes=\"auto, (max-width: 600px) 100vw, 600px\" \/><\/p>\n<p><a id=\"more12328357\" name=\"more12328357\"><\/a><\/p>\n<p>A katasztr\u00f3fa vel\u00fcnk \u00e9l.<\/p>\n<p>Az atomkatasztr\u00f3fa t\u00fal\u00e9l\u0151i tov\u00e1bbra is f\u00e9lelemben \u00e9s bizonytalans\u00e1gban \u00e9lik mindennapjaikat, csal\u00e1djuk eg\u00e9szs\u00e9ge \u00e9s j\u00f6v\u0151j\u00fck miatt agg\u00f3dnak.<a href=\"http:\/\/www.greenpeace.org\/japan\/Global\/japan\/pdf\/20170307_UImpact_fin_report.pdf\">\u00a0A n\u0151k viselik a terhek legnagyobb r\u00e9sz\u00e9t<\/a>: a mai napig megv\u00e1laszolatlan k\u00e9rd\u00e9sekre keresik a v\u00e1laszt, \u00e9s nehezen tudj\u00e1k feldolgozni a t\u00f6rt\u00e9ntek miatt \u00e9rzett, m\u00e9lyen gy\u00f6kerez\u0151 d\u00fch\u00f6t \u00e9s igazs\u00e1gtalans\u00e1got.<\/p>\n<p>A Greenpeace m\u00e1r a 2011-es atomkatasztr\u00f3fa ut\u00e1n k\u00e9t h\u00e9ttel elkezdte a<a href=\"http:\/\/www.greenpeace.org\/japan\/ja\/campaign\/monitoring\/\">\u00a0sug\u00e1rz\u00e1sm\u00e9r\u00e9st<\/a>\u00a0a szennyezett ter\u00fcleten, \u00e9s folytatta azt az elm\u00falt hat \u00e9vben is. A legut\u00f3bbi m\u00e9r\u00e9s sor\u00e1n az atomer\u0151m\u0171t\u0151l 30-50 kilom\u00e9terre fekv\u0151\u00a0<a href=\"http:\/\/www.greenpeace.org\/japan\/Global\/japan\/pdf\/NRN_FINweb4.pdf\">\u00cdtate falu egyes h\u00e1zaiban \u00e9s azok k\u00f6rnyezet\u00e9ben gy\u0171jt\u00f6ttek adatokat<\/a>\u00a0[1]. Azt tal\u00e1lt\u00e1k, hogy n\u00e9h\u00e1ny helyen akkora sug\u00e1rd\u00f3zis \u00e9ri az ottlak\u00f3kat, mintha minden h\u00e9ten mellkasi r\u00f6ntgenvizsg\u00e1laton esn\u00e9nek \u00e1t \u2013 azzal a feltev\u00e9ssel, hogy az emberek csak a megtiszt\u00edtottnak nyilv\u00e1n\u00edtott ter\u00fcleteken tart\u00f3zkodnak, \u00e9s nem mennek a mindeddig \u00e9rintetlen\u00fcl hagyott, tov\u00e1bbra is er\u0151sen szennyezett helyekre, amelyek\u00a0<a href=\"http:\/\/www.machimura.maff.go.jp\/machi\/contents\/07\/564\/details.html\">\u00cdtate \u00f6sszter\u00fclet\u00e9nek<\/a>\u00a0mintegy 76%-\u00e1t teszik ki.<\/p>\n<p><img loading=\"lazy\" decoding=\"async\" class=\"aligncenter size-full wp-image-4061\" src=\"https:\/\/www.greenpeace.org\/static\/planet4-hungary-stateless\/2019\/03\/5e73aa6d-134374_238513.jpg\" alt=\"\" width=\"600\" height=\"399\" srcset=\"https:\/\/www.greenpeace.org\/static\/planet4-hungary-stateless\/2019\/03\/5e73aa6d-134374_238513.jpg 600w, https:\/\/www.greenpeace.org\/static\/planet4-hungary-stateless\/2019\/03\/5e73aa6d-134374_238513-300x200.jpg 300w, https:\/\/www.greenpeace.org\/static\/planet4-hungary-stateless\/2019\/03\/5e73aa6d-134374_238513-510x340.jpg 510w\" sizes=\"auto, (max-width: 600px) 100vw, 600px\" \/><\/p>\n<p>Ennek ellen\u00e9re Abe Sinz\u00f3 korm\u00e1nya azt tervezi, hogy 2017 m\u00e1rcius\u00e1ban-\u00e1prilis\u00e1ban visszavonja a falu \u00e9s a k\u00f6rnyez\u0151 telep\u00fcl\u00e9sek kitelep\u00edt\u00e9s\u00e9t el\u0151\u00edr\u00f3 hat\u00e1rozatokat, egy \u00e9vvel k\u00e9s\u0151bb pedig a csal\u00e1dok sz\u00e1m\u00e1ra foly\u00f3s\u00edtott k\u00e1rp\u00f3tl\u00e1st is megsz\u00fcnteti. Ezzel azokt\u00f3l is megvonn\u00e1 a lakhat\u00e1si t\u00e1mogat\u00e1st, akik a kijel\u00f6lt z\u00f3n\u00e1kon k\u00edv\u00fclre telep\u00fcltek. A t\u00e1mogat\u00e1st\u00f3l f\u00fcgg\u0151 emberek sz\u00e1m\u00e1ra \u00edgy nem maradna m\u00e1s v\u00e1laszt\u00e1s, mint hogy visszat\u00e9rjenek kor\u00e1bbi lakhely\u00fckre.<\/p>\n<p>A nukle\u00e1ris katasztr\u00f3fa legink\u00e1bb a n\u0151ket \u00e9s a gyerekeket s\u00fajtja, mivel fizikailag s\u00e9r\u00fcl\u00e9kenyebbek a sug\u00e1rz\u00e1snak val\u00f3 kitetts\u00e9ggel \u00e9s a katasztr\u00f3fa egy\u00e9b hat\u00e1saival szemben. A kitelep\u00edt\u00e9s k\u00f6z\u00f6ss\u00e9geket \u00e9s csal\u00e1dokat szak\u00edtott sz\u00e9t, a n\u0151ket \u00e9s a gyerekeket is megfosztva a k\u00f6z\u00f6ss\u00e9gi kapcsolatokt\u00f3l, valamint a t\u00e1mogat\u00e1s \u00e9s v\u00e9delem egy\u00e9b forr\u00e1sait\u00f3l. A nemek k\u00f6z\u00f6tt t\u00e1tong\u00f3 b\u00e9rszakad\u00e9kkal egy\u00fctt (<a href=\"https:\/\/www.oecd.org\/gender\/data\/genderwagegap.htm\">a legut\u00f3bbi OECD-felm\u00e9r\u00e9s szerint Jap\u00e1nban a harmadik legnagyobb a nemek k\u00f6z\u00f6tti b\u00e9rk\u00fcl\u00f6nbs\u00e9g<\/a>),<a href=\"http:\/\/www.irma-international.org\/viewtitle\/75018\/\">\u00a0az atomer\u0151m\u0171-baleset nyom\u00e1n kitelep\u00edtett n\u0151ket \u2013 k\u00fcl\u00f6n\u00f6sen az eltartott gyermek\u00fcket egyed\u00fcl nevel\u0151 any\u00e1kat \u2013 nagyobb m\u00e9rt\u00e9kben vesz\u00e9lyezteti a szeg\u00e9nys\u00e9g<\/a>, mint a f\u00e9rfiakat.<\/p>\n<p>Ennek ellen\u00e9re, vagy \u00e9ppen emiatt, a n\u0151k lehetnek a m\u00e9lyrehat\u00f3 v\u00e1ltoz\u00e1sok motorjai. Hab\u00e1r a n\u0151k politikailag \u00e9s gazdas\u00e1gilag is marginaliz\u00e1lt helyzetben vannak, \u0151k azok, akik leghat\u00e1rozottabban k\u00f6vetelik a v\u00e1ltoz\u00e1st a korm\u00e1nyt\u00f3l \u00e9s az atomipart\u00f3l.<\/p>\n<p>Az any\u00e1k nemcsak Fukusim\u00e1ban, hanem m\u00e1s telep\u00fcl\u00e9seken is ki\u00e1llnak a jap\u00e1n korm\u00e1ny paternalista int\u00e9zked\u00e9seivel \u00e9s d\u00f6nt\u00e9seivel szemben; c\u00e9ljuk, hogy megv\u00e9dj\u00e9k gyermekeiket, \u00e9s egy atomenergi\u00e1t\u00f3l mentes j\u00f6v\u0151t k\u00f6veteljenek a j\u00f6v\u0151 gener\u00e1ci\u00f3k sz\u00e1m\u00e1ra.<a href=\"http:\/\/www.asianetworkexchange.org\/articles\/abstract\/10.16995\/ane.37\/\">\u00a0Atomellenes mozgalmat ind\u00edtottak, \u00fcl\u0151sztr\u00e1jkokat szerveznek a korm\u00e1nyzati hivatalok el\u0151tt, jogi l\u00e9p\u00e9seket tesznek, \u00e9s a b\u00edr\u00f3s\u00e1gon tan\u00faskodnak;, \u00f6sszefognak, hogy egy\u00fctt harcoljanak jogaik\u00e9rt<\/a>.<\/p>\n<p><img loading=\"lazy\" decoding=\"async\" class=\"aligncenter size-full wp-image-4062\" src=\"https:\/\/www.greenpeace.org\/static\/planet4-hungary-stateless\/2019\/03\/e09918a4-134376_238509.jpg\" alt=\"\" width=\"600\" height=\"491\" srcset=\"https:\/\/www.greenpeace.org\/static\/planet4-hungary-stateless\/2019\/03\/e09918a4-134376_238509.jpg 600w, https:\/\/www.greenpeace.org\/static\/planet4-hungary-stateless\/2019\/03\/e09918a4-134376_238509-300x246.jpg 300w, https:\/\/www.greenpeace.org\/static\/planet4-hungary-stateless\/2019\/03\/e09918a4-134376_238509-415x340.jpg 415w\" sizes=\"auto, (max-width: 600px) 100vw, 600px\" \/><\/p>\n<p>Csatlakozz a jap\u00e1n n\u0151k atomellenes mozgalm\u00e1hoz!<a href=\"https:\/\/act.greenpeace.org\/page\/6288\/petition\/1\">\u00a0\u00c1lljunk ki egy\u00fctt a jogaik\u00e9rt \u00e9s j\u00f6v\u0151j\u00fck\u00e9rt!<\/a><\/p>\n<p><i>\u00cdrta Joneda Juko, a Greenpeace Jap\u00e1n \u00fcgyvezet\u0151 igazgat\u00f3ja.<\/i><\/p>\n<p><i>[1] Ez 39 mSV \u00e9s 183 mSV k\u00f6z\u00f6tti \u00e9rt\u00e9k\u0171 sug\u00e1rzd\u00f3zisnak val\u00f3 kitetts\u00e9get jelent mintegy 70 \u00e9ven kereszt\u00fcl, 2017 m\u00e1rcius\u00e1t\u00f3l kezd\u0151d\u0151en. Ez az \u00e9rt\u00e9k nem tartalmazza azt a nagyon magas d\u00f3zist, amelyet \u00cdtate telep\u00fcl\u00e9s lak\u00f3i k\u00f6zvetlen\u00fcl a nukle\u00e1ris baleset ut\u00e1n kaptak a rendk\u00edv\u00fcl megk\u00e9sett kitelep\u00edt\u00e9s miatt. Noha a Greenpeace a helyben m\u00e9rt nagyon magas \u00e9rt\u00e9k miatt m\u00e1r 2011. m\u00e1rcius 27-\u00e9n \u00cdtate evaku\u00e1l\u00e1s\u00e1t s\u00fcrgette, az int\u00e9zked\u00e9sre eg\u00e9szen \u00e1prilis 22-ig v\u00e1rni kellett, maga a kitelep\u00edt\u00e9s pedig eg\u00e9szen j\u00faniusig elh\u00faz\u00f3dott.<\/i><\/p>\n\t\t\t<section\n\t\t\tclass=\"boxout post-430 \"\n\t\t\t\n\t\t>\n\t\t\t<a\n\t\t\t\tdata-ga-category=\"Take Action Boxout\"\n\t\t\t\tdata-ga-action=\"Image\"\n\t\t\t\tdata-ga-label=\"n\/a\"\n\t\t\t\tclass=\"cover-card-overlay\"\n\t\t\t\thref=\"https:\/\/www.greenpeace.org\/hungary\/cselekedj\/paks-ii-helyett-megujulokat\/\" \n\t\t\t><\/a>\n\t\t\t\t\t\t\t<img\n\t\t\t\t\t\tsrc=\"https:\/\/www.greenpeace.org\/static\/planet4-hungary-stateless\/2018\/10\/af5a4296-gp0strop2-1024x683.jpg\"\n\t\t\t\t\t\tsrcset=\"https:\/\/www.greenpeace.org\/static\/planet4-hungary-stateless\/2018\/10\/af5a4296-gp0strop2-300x200.jpg 300w, https:\/\/www.greenpeace.org\/static\/planet4-hungary-stateless\/2018\/10\/af5a4296-gp0strop2-768x512.jpg 768w, https:\/\/www.greenpeace.org\/static\/planet4-hungary-stateless\/2018\/10\/af5a4296-gp0strop2-1024x683.jpg 1024w, https:\/\/www.greenpeace.org\/static\/planet4-hungary-stateless\/2018\/10\/af5a4296-gp0strop2-510x340.jpg 510w, https:\/\/www.greenpeace.org\/static\/planet4-hungary-stateless\/2018\/10\/af5a4296-gp0strop2.jpg 1200w\"\n\t\t\t\t\t\tsizes=\"(min-width: 1000px) 358px, (min-width: 780px) 313px, 88px\"\n\t\t\t\t\t\talt=\"Protest against Nuclear Power Plant Paks 2 in Budapest. \u00a9 Bence Jardany\" title=\"Protest against Nuclear Power Plant Paks 2 in Budapest. \u00a9 Bence Jardany\"\n\t\t\t\t\/>\n            \t\t\t<div class=\"boxout-content\">\n\t\t\t\t\t\t\t\t\t<a\n\t\t\t\t\t\tclass=\"boxout-heading medium\"\n\t\t\t\t\t\tdata-ga-category=\"Take Action Boxout\"\n\t\t\t\t\t\tdata-ga-action=\"Title\"\n\t\t\t\t\t\tdata-ga-label=\"n\/a\"\n\t\t\t\t\t\thref=\"https:\/\/www.greenpeace.org\/hungary\/cselekedj\/paks-ii-helyett-megujulokat\/\"\n\t\t\t\t\t\t\n\t\t\t\t\t>\n\t\t\t\t\t\tPaks II. helyett meg\u00fajul\u00f3kat\n\t\t\t\t\t<\/a>\n\t\t\t\t\t\t\t\t\t\t\t\t\t<p class=\"boxout-excerpt\">Paks II. feleslegesen vesz\u00e9lyeztetn\u00e9 a magyar lakoss\u00e1got \u00e9s \u00e9rt\u00e9kes term\u00e9szeti kincseinket. Van alternat\u00edva: a tiszta \u00e9s biztons\u00e1gos meg\u00fajul\u00f3k.<\/p>\n\t\t\t\t                                    <a\n                        class=\"btn btn-primary\"\n                        data-ga-category=\"Take Action Boxout\"\n                        data-ga-action=\"Call to Action\"\n                        data-ga-label=\"n\/a\"\n                        href=\"https:\/\/www.greenpeace.org\/hungary\/cselekedj\/paks-ii-helyett-megujulokat\/\"\n                        \n                    >\n                        Cselekszem\n                    <\/a>\n                \t\t\t<\/div>\n\t\t\t\t\t<\/section>\n\t","protected":false},"excerpt":{"rendered":"<p>Ma hat \u00e9ve, hogy\u00a0elt\u0171nt 15 000 ember, \u00e9s t\u00edzezrek \u00e9lete \u00f6r\u00f6kre megv\u00e1ltozott. Jap\u00e1n \u00e9szakkeleti r\u00e9sz\u00e9t \u00f3ri\u00e1si f\u00f6ldreng\u00e9s r\u00e1zta meg, majd az ezt k\u00f6vet\u0151 hatalmas cunami tengerparti v\u00e1rosokat mosott el. <\/p>\n","protected":false},"author":27,"featured_media":4064,"comment_status":"closed","ping_status":"closed","sticky":false,"template":"","format":"standard","meta":{"ep_exclude_from_search":false,"p4_og_title":"","p4_og_description":"","p4_og_image":"","p4_og_image_id":"","p4_seo_canonical_url":"","p4_campaign_name":"","p4_local_project":"","p4_basket_name":"","p4_department":"","footnotes":""},"categories":[4,2],"tags":[17,19],"p4-page-type":[40],"class_list":["post-4060","post","type-post","status-publish","format-standard","has-post-thumbnail","hentry","category-ember-tarsadalom","category-klima-energia","tag-atomenergia","tag-egeszseg","p4-page-type-blog"],"_links":{"self":[{"href":"https:\/\/www.greenpeace.org\/hungary\/wp-json\/wp\/v2\/posts\/4060","targetHints":{"allow":["GET"]}}],"collection":[{"href":"https:\/\/www.greenpeace.org\/hungary\/wp-json\/wp\/v2\/posts"}],"about":[{"href":"https:\/\/www.greenpeace.org\/hungary\/wp-json\/wp\/v2\/types\/post"}],"author":[{"embeddable":true,"href":"https:\/\/www.greenpeace.org\/hungary\/wp-json\/wp\/v2\/users\/27"}],"replies":[{"embeddable":true,"href":"https:\/\/www.greenpeace.org\/hungary\/wp-json\/wp\/v2\/comments?post=4060"}],"version-history":[{"count":5,"href":"https:\/\/www.greenpeace.org\/hungary\/wp-json\/wp\/v2\/posts\/4060\/revisions"}],"predecessor-version":[{"id":8929,"href":"https:\/\/www.greenpeace.org\/hungary\/wp-json\/wp\/v2\/posts\/4060\/revisions\/8929"}],"wp:featuredmedia":[{"embeddable":true,"href":"https:\/\/www.greenpeace.org\/hungary\/wp-json\/wp\/v2\/media\/4064"}],"wp:attachment":[{"href":"https:\/\/www.greenpeace.org\/hungary\/wp-json\/wp\/v2\/media?parent=4060"}],"wp:term":[{"taxonomy":"category","embeddable":true,"href":"https:\/\/www.greenpeace.org\/hungary\/wp-json\/wp\/v2\/categories?post=4060"},{"taxonomy":"post_tag","embeddable":true,"href":"https:\/\/www.greenpeace.org\/hungary\/wp-json\/wp\/v2\/tags?post=4060"},{"taxonomy":"p4-page-type","embeddable":true,"href":"https:\/\/www.greenpeace.org\/hungary\/wp-json\/wp\/v2\/p4-page-type?post=4060"}],"curies":[{"name":"wp","href":"https:\/\/api.w.org\/{rel}","templated":true}]}}