{"id":4114,"date":"2019-04-26T12:16:31","date_gmt":"2019-04-26T10:16:31","guid":{"rendered":"https:\/\/www.greenpeace.org\/hungary\/?p=4114"},"modified":"2021-12-01T13:25:21","modified_gmt":"2021-12-01T12:25:21","slug":"miert-valaszd-a-vaszontaskat-az-eldobhato-muanyag-szatyor-helyett","status":"publish","type":"post","link":"https:\/\/www.greenpeace.org\/hungary\/blog\/4114\/miert-valaszd-a-vaszontaskat-az-eldobhato-muanyag-szatyor-helyett\/","title":{"rendered":"Mi\u00e9rt v\u00e1laszd a v\u00e1szont\u00e1sk\u00e1t az eldobhat\u00f3 m\u0171anyag szatyor helyett?"},"content":{"rendered":"<p><b>Bolyg\u00f3nkat sz\u00f3 szerint maga al\u00e1 temeti a m\u0171anyag hullad\u00e9k. A h\u00edrad\u00e1sokban naponta szembes\u00fcl\u00fcnk az egyszer haszn\u00e1latos m\u0171anyag szem\u00e9t puszt\u00edt\u00f3 hat\u00e1s\u00e1val. Az egyik legnagyobb vesz\u00e9lyt a v\u00e9kony fal\u00fa, eldobhat\u00f3 nejlonszatyor jelenti, mely m\u00e1ra a pazarl\u00f3 \u00e9let szimb\u00f3lum\u00e1v\u00e1 v\u00e1lt. Ezzel szemben naponta emberek milli\u00f3i hozz\u00e1k meg azt a felel\u0151s d\u00f6nt\u00e9st, mely egy fenntarthat\u00f3bb \u00e9letforma ir\u00e1ny\u00e1ba mutat. Ilyen p\u00e9ld\u00e1ul az, amikor \u00fajabb \u00e9s \u00fajabb nejlonzacsk\u00f3k helyett a kedvenc v\u00e1szont\u00e1sk\u00e1nkat vissz\u00fck magunkkal a boltba. Kis l\u00e9p\u00e9snek t\u0171nhet, de nagyban sokat sz\u00e1m\u00edtanak az ilyen egy\u00e9ni l\u00e9p\u00e9sek ahhoz, hogy a bolyg\u00f3nk egy tiszt\u00e1bb, \u00e9lhet\u0151bb hely legyen. <\/b><\/p>\n<div id=\"attachment_4129\" style=\"width: 1930px\" class=\"wp-caption alignnone\"><img loading=\"lazy\" decoding=\"async\" aria-describedby=\"caption-attachment-4129\" class=\"wp-image-4129 size-full\" src=\"https:\/\/www.greenpeace.org\/static\/planet4-hungary-stateless\/2019\/04\/a154725e-shopping-874974_1920.jpg\" alt=\"\" width=\"1920\" height=\"1280\" srcset=\"https:\/\/www.greenpeace.org\/static\/planet4-hungary-stateless\/2019\/04\/a154725e-shopping-874974_1920.jpg 1920w, https:\/\/www.greenpeace.org\/static\/planet4-hungary-stateless\/2019\/04\/a154725e-shopping-874974_1920-300x200.jpg 300w, https:\/\/www.greenpeace.org\/static\/planet4-hungary-stateless\/2019\/04\/a154725e-shopping-874974_1920-768x512.jpg 768w, https:\/\/www.greenpeace.org\/static\/planet4-hungary-stateless\/2019\/04\/a154725e-shopping-874974_1920-1024x683.jpg 1024w, https:\/\/www.greenpeace.org\/static\/planet4-hungary-stateless\/2019\/04\/a154725e-shopping-874974_1920-510x340.jpg 510w\" sizes=\"auto, (max-width: 1920px) 100vw, 1920px\" \/><p id=\"caption-attachment-4129\" class=\"wp-caption-text\">Az eldobhat\u00f3 m\u0171anyag szatyrokat \u00e1tlagosan mind\u00f6ssze 20 percig haszn\u00e1ljuk, de k\u00f6zel 400 \u00e9vig nem bomlanak le.<\/p><\/div>\n<p><span style=\"font-weight: 400;\">A 21. sz\u00e1zadra ezek <strong>a v\u00e9kony fal\u00fa egyszer haszn\u00e1latos nejlonszatyrok a szimb\u00f3lum\u00e1v\u00e1 v\u00e1ltak annak, hogyan \u00e9lj\u00fck fel gyorsan \u00e9s pazarl\u00f3an a term\u00e9szeti er\u0151forr\u00e1sainkat<\/strong>. A fogyaszt\u00f3i t\u00e1rsadalomnak azt a saj\u00e1toss\u00e1g\u00e1t jelen\u00edtik meg, ahol az \u00e1ruk t\u00f6bbnyire t\u00falcsomagoltak, a megv\u00e1s\u00e1rolt term\u00e9kek r\u00f6vid \u00e9let\u0171ek \u00e9s gyorsan elavulnak, ugyanakkor elemeikben nem fejleszthet\u0151k, nem jav\u00edthat\u00f3k, nem cser\u00e9lhet\u0151k, \u00e9s \u00edgy vill\u00e1mgyorsan n\u00f6velik a hullad\u00e9khegyeket. <\/span><\/p>\n<p><img loading=\"lazy\" decoding=\"async\" class=\"wp-image-4118 size-full aligncenter\" src=\"https:\/\/www.greenpeace.org\/static\/planet4-hungary-stateless\/2019\/04\/9e34b68c-linearis-gazdasag.png\" alt=\"\" width=\"462\" height=\"109\" srcset=\"https:\/\/www.greenpeace.org\/static\/planet4-hungary-stateless\/2019\/04\/9e34b68c-linearis-gazdasag.png 462w, https:\/\/www.greenpeace.org\/static\/planet4-hungary-stateless\/2019\/04\/9e34b68c-linearis-gazdasag-300x71.png 300w\" sizes=\"auto, (max-width: 462px) 100vw, 462px\" \/><\/p>\n<p style=\"text-align: center;\">Forr\u00e1s: <a href=\"https:\/\/www.kozbeszerzes.hu\/data\/filer_public\/6b\/cc\/6bcc0880-1ea8-4e99-8ee5-7ca7f36c43a4\/kozbesz-eloadas-reiniger_b-2016-04-27.pdf\">kozbeszerzes.hu<\/a><\/p>\n<h2>Mi a legnagyobb probl\u00e9ma az egyszer haszn\u00e1latos m\u0171anyag szatyrokkal?<\/h2>\n<p><span style=\"font-weight: 400;\">Vil\u00e1gszinten a m\u0171anyag szatyrok nagy r\u00e9sz\u00e9t nem hasznos\u00edtj\u00e1k \u00fajra, m\u00e9g csak be sem gy\u0171jtik. T\u00f6bbs\u00e9g\u00fck a term\u00e9szetben v\u00e9gzi. Ezek id\u0151vel <strong>par\u00e1nyi mikrom\u0171anyagokk\u00e1 t\u00f6redeznek<\/strong>, melyeket m\u00e1r nem lehet visszagy\u0171jteni, \u00edgy bel\u00e1thatatlan k\u00f6vetkezm\u00e9nyekkel j\u00e1r\u00f3 k\u00f6rnyezetterhel\u00e9st jelentenek, rengeteg \u00e9l\u0151l\u00e9ny pusztul\u00e1s\u00e1t okozva. Mindek\u00f6zben az emberi eg\u00e9szs\u00e9gre gyakorolt kock\u00e1zatukat az Eg\u00e9szs\u00e9g\u00fcgyi Vil\u00e1gszervezet jelenleg is vizsg\u00e1lja.<\/span><\/p>\n<h2><b>Belefulladunk a m\u0171anyag hullad\u00e9kokba<\/b><\/h2>\n<p><span style=\"font-weight: 400;\">El\u00e9g csak abba belegondolnunk, hogy <strong>percenk\u00e9nt k\u00f6zel 2 milli\u00f3 darab m\u0171anyag zacsk\u00f3t haszn\u00e1lunk fel<\/strong>, \u00e9s ebb\u0151l csup\u00e1n Magyarorsz\u00e1gon naponta 1 milli\u00f3 fogy. <\/span><span style=\"font-weight: 400;\">Az eldobhat\u00f3 m\u0171anyag szatyrokat \u00e9s zacsk\u00f3kat egy\u00e9bk\u00e9nt \u00e1tlagosan mind\u00f6ssze 20 percig haszn\u00e1ljuk, de k\u00f6zel 400 \u00e9vig nem bomlanak le. Az esetek 90%-\u00e1ban r\u00e1ad\u00e1sul csak egyszer haszn\u00e1ljuk \u0151ket, azt\u00e1n megv\u00e1lunk t\u0151l\u00fck, \u00e9s igen kis h\u00e1nyadukat hasznos\u00edtj\u00e1k \u00fajra. Mindez hatalmas k\u00f6rnyezeti probl\u00e9m\u00e1kat okoz.<\/span><\/p>\n<div id=\"attachment_4170\" style=\"width: 1210px\" class=\"wp-caption alignnone\"><img loading=\"lazy\" decoding=\"async\" aria-describedby=\"caption-attachment-4170\" class=\"size-full wp-image-4170\" src=\"https:\/\/www.greenpeace.org\/static\/planet4-hungary-stateless\/2019\/04\/e249b1ec-gp0stt1y3.jpg\" alt=\"\" width=\"1200\" height=\"800\" srcset=\"https:\/\/www.greenpeace.org\/static\/planet4-hungary-stateless\/2019\/04\/e249b1ec-gp0stt1y3.jpg 1200w, https:\/\/www.greenpeace.org\/static\/planet4-hungary-stateless\/2019\/04\/e249b1ec-gp0stt1y3-300x200.jpg 300w, https:\/\/www.greenpeace.org\/static\/planet4-hungary-stateless\/2019\/04\/e249b1ec-gp0stt1y3-768x512.jpg 768w, https:\/\/www.greenpeace.org\/static\/planet4-hungary-stateless\/2019\/04\/e249b1ec-gp0stt1y3-1024x683.jpg 1024w, https:\/\/www.greenpeace.org\/static\/planet4-hungary-stateless\/2019\/04\/e249b1ec-gp0stt1y3-510x340.jpg 510w\" sizes=\"auto, (max-width: 1200px) 100vw, 1200px\" \/><p id=\"caption-attachment-4170\" class=\"wp-caption-text\">A m\u0171anyag szem\u00e9t termel\u00e9se glob\u00e1lisan hatalmas k\u00f6rnyezeti puszt\u00edt\u00e1st okoz.<\/p><\/div>\n<p><span style=\"font-weight: 400;\">Mindez t\u00f6k\u00e9letesen belepasszol a line\u00e1ris gazdas\u00e1gi modellek logik\u00e1j\u00e1ba, mellyel m\u00f3dszeresen t\u00f6nkretessz\u00fck bolyg\u00f3nk \u00e9l\u0151vil\u00e1g\u00e1t. A F\u00f6ld term\u00e9szeti er\u0151forr\u00e1saib\u00f3l \u00e9s \u00e1sv\u00e1nykincseib\u0151l hamar hullad\u00e9kk\u00e1 v\u00e1l\u00f3 term\u00e9kek lesznek. A felhalmoz\u00f3d\u00f3 szem\u00e9t pedig elszennyezi, a talajt, a leveg\u0151t, a vizeket \u00e9s a term\u00e9szeti kincseket.<\/span><\/p>\n<h2><b>Sp\u00e9kelj\u00fck meg nagymam\u00e1ink tud\u00e1s\u00e1t 21. sz\u00e1zadi ismeretekkel <\/b><\/h2>\n<p><span style=\"font-weight: 400;\">A vil\u00e1gszerte kibontakoz\u00f3 \u00e9s egyre nagyobbra duzzad\u00f3 k\u00f6rnyezetv\u00e9delmi t\u00fcntet\u00e9sek j\u00f3l p\u00e9ld\u00e1zz\u00e1k, hogy <strong>az emberek felismerik a fogyaszt\u00f3i kult\u00fara mell\u00e9khat\u00e1sait, \u00e9s hajland\u00f3ak lenn\u00e9nek v\u00e1ltoztatni \u00e9letm\u00f3djukon<\/strong>, ak\u00e1r egy\u00e9ni szinten is. Hiszen kinek ne lenne fontos, hogy gyermekei \u00e9s unok\u00e1i sz\u00e1m\u00e1ra is meg\u0151rizze bolyg\u00f3nk \u00e9l\u0151vil\u00e1g\u00e1t, term\u00e9szeti kincseit?<\/span><\/p>\n<p><span style=\"font-weight: 400;\">Sokan eml\u00e9ksz\u00fcnk m\u00e9g nagysz\u00fcleinknek az \u201eeldob\u00f3 vil\u00e1g\u201d el\u0151tti takar\u00e9kosabb, fenntarthat\u00f3bb \u00e9letm\u00f3dj\u00e1ra, a haszn\u00e1lt liszteszacsk\u00f3ban hozott nagyif\u00e9le s\u00fctikre vagy az \u00fcvegpalackban elrakott paradicsoml\u00e9re \u00e9s annak a gener\u00e1ci\u00f3nak m\u00e1s, h\u00e9tk\u00f6znapi z\u00f6ld tr\u00fckkjeire. Mire lehetn\u00e9nk k\u00e9pesek mi, emberek, ha a politikai akarattal megt\u00e1mogatott takar\u00e9kos, fenntarthat\u00f3 szeml\u00e9letet kombin\u00e1lni tudn\u00e1nk a modern kori tud\u00e1ssal, technol\u00f3gi\u00e1kkal?<\/span><\/p>\n<p><span style=\"font-weight: 400;\">Ahhoz, hogy bolyg\u00f3nk m\u00e9g sok\u00e1ig \u00e9lhet\u0151 legyen, paradigma- \u00e9s szeml\u00e9letv\u00e1lt\u00e1sra van sz\u00fcks\u00e9g. Ebbe az ir\u00e1nyba tett els\u0151 l\u00e9p\u00e9s az eldobhat\u00f3 term\u00e9kek tilalma. A legjobb p\u00e9ld\u00e1t ehhez pont a term\u00e9szetb\u0151l vehetj\u00fck, ahol mindennek megvan a szerepe, a haszna, funkci\u00f3ja, \u00e9s mindez egy \u00f6r\u00f6k k\u00f6rforg\u00e1st hoz l\u00e9tre.<\/span><\/p>\n<p><img loading=\"lazy\" decoding=\"async\" class=\"wp-image-4145 size-full\" src=\"https:\/\/www.greenpeace.org\/static\/planet4-hungary-stateless\/2019\/04\/cf3b25fc-korkoros-gazdasag.png\" alt=\"\" width=\"666\" height=\"506\" srcset=\"https:\/\/www.greenpeace.org\/static\/planet4-hungary-stateless\/2019\/04\/cf3b25fc-korkoros-gazdasag.png 666w, https:\/\/www.greenpeace.org\/static\/planet4-hungary-stateless\/2019\/04\/cf3b25fc-korkoros-gazdasag-300x228.png 300w, https:\/\/www.greenpeace.org\/static\/planet4-hungary-stateless\/2019\/04\/cf3b25fc-korkoros-gazdasag-448x340.png 448w\" sizes=\"auto, (max-width: 666px) 100vw, 666px\" \/><\/p>\n<p style=\"text-align: center;\">Forr\u00e1s:<a href=\"http:\/\/www.europarl.europa.eu\/news\/hu\/headlines\/economy\/20151201STO05603\/korkoros-gazdasag-mit-jelent-miert-fontos-es-mi-a-haszna\"> europarl.europa.eu<\/a><\/p>\n<p><span style=\"font-weight: 400;\">A m\u0171anyag zacsk\u00f3k ter\u00fclet\u00e9n ezt <strong>a rendszerszint\u0171 v\u00e1ltoz\u00e1st a min\u00e9l t\u00f6bbsz\u00f6r haszn\u00e1lhat\u00f3, tart\u00f3s csomagol\u00e1sok terjed\u00e9se hozn\u00e1 el<\/strong>. Ez lehet\u0151s\u00e9get teremt arra is, hogy takar\u00e9kosan b\u00e1njunk a term\u00e9szeti er\u0151forr\u00e1sokkal \u00e9s az energiahordoz\u00f3kkal. Amennyiben t\u00f6bb \u00e9v haszn\u00e1lat ut\u00e1n valami v\u00e9gleg elhaszn\u00e1l\u00f3dik, akkor azt k\u00f6nnyen, ak\u00e1r anyag\u00e1ban \u00fajra tudjuk hasznos\u00edtani, hogy egy m\u00e1s term\u00e9k form\u00e1j\u00e1ban \u201ereinkarn\u00e1l\u00f3djon\u201d \u2013 \u00edgy nem kell plusz er\u0151forr\u00e1sok ig\u00e9nybev\u00e9tel\u00e9vel anyag\u00e1ban \u00faj term\u00e9ket el\u0151\u00e1ll\u00edtani. Ez az Eur\u00f3pai Uni\u00f3 \u00e1ltal is \u00e1h\u00edtott k\u00f6rk\u00f6r\u00f6s gazdas\u00e1g alapja. <\/span><\/p>\n<p><iframe loading=\"lazy\" src=\"https:\/\/multimedia.europarl.europa.eu\/x_V007-0034_ev?p_p_state=pop_up&amp;lang=hu&amp;autoplay=on\" width=\"640\" height=\"360\" frameborder=\"0\"><span data-mce-type=\"bookmark\" style=\"display: inline-block; width: 0px; overflow: hidden; line-height: 0;\" class=\"mce_SELRES_start\">\ufeff<\/span><a href=\"https:\/\/multimedia.europarl.europa.eu\/hu\/repair-reuse-and-recycle_V007-0034_ev\"><span style=\"font-weight: 400;\">https:\/\/multimedia.europarl.europa.eu\/hu\/repair-reuse-and-recycle_V007-0034_ev<\/span><\/a><b>Ami biztos: a megold\u00e1s nem az egyszeres haszn\u00e1latos m\u0171anyag szatyrokban van<\/b><span style=\"font-weight: 400;\">Ha egy orsz\u00e1g vagy v\u00e1llalat az egyszer haszn\u00e1latos csomagol\u00f3eszk\u00f6z\u00f6k, p\u00e9ld\u00e1ul a m\u0171anyag zacsk\u00f3 kiv\u00e1lt\u00e1s\u00e1ban gondolkozik, akkor el\u0151sz\u00f6r \u00e9rdemes hazai \u00e9letciklus elemz\u00e9st v\u00e9geztetni, valamint a l\u00e9tez\u0151 ilyen kimutat\u00e1sokat alaposan \u00f6sszehasonl\u00edtani, hogy a k\u00f6rnyezet sz\u00e1m\u00e1ra legkedvez\u0151bb megold\u00e1s ker\u00fclj\u00f6n kiv\u00e1laszt\u00e1sra. Az\u00e9rt sz\u00fcks\u00e9ges lok\u00e1lis felm\u00e9r\u00e9st v\u00e9gezni, mert jelent\u0151s k\u00fcl\u00f6nbs\u00e9gek ad\u00f3dhatnak a csomagol\u00e1sok \u00e9s term\u00e9kek k\u00fcl\u00f6nb\u00f6z\u0151 orsz\u00e1gokban k\u00e9sz\u00fclt \u00e9letciklus-elemz\u00e9s\u00e9b\u0151l. M\u00edg mondjuk egy skandin\u00e1v orsz\u00e1gban k\u00e9sz\u00fclt elemz\u00e9s abb\u00f3l indul ki, hogy az egyszer haszn\u00e1latos m\u0171anyag szatyor \u00e9let\u00fatj\u00e1nak v\u00e9g\u00e9n kommun\u00e1lis hullad\u00e9k\u00e9get\u0151be ker\u00fcl, addig a vil\u00e1g m\u00e1s t\u00e1j\u00e1n v\u00e9gzett kutat\u00e1sn\u00e1l legjobb esetben hullad\u00e9klerak\u00f3n vagy a term\u00e9szetben v\u00e9gzi \u00a0a feleslegess\u00e9 v\u00e1l\u00f3 zacsk\u00f3 <\/span><span style=\"font-weight: 400;\">\u2013<\/span><span style=\"font-weight: 400;\"> gondoljunk csak a tengerpartokat, \u00e1rokpartokat, erd\u0151ket bebor\u00edt\u00f3 m\u0171anyag hullad\u00e9khegyekre.<\/span><span style=\"font-weight: 400;\"> \u00a0\u00a0<\/span><span style=\"font-weight: 400;\">Az \u00fajrahasznos\u00edt\u00e1st illet\u0151en is \u00e9rdemes t\u00f6bb k\u00e9rd\u00e9st feltenn\u00fcnk. Nem mindegy, hogy egy orsz\u00e1gban az energia meg\u00fajul\u00f3 vagy mondjuk sz\u00e9ner\u0151m\u0171vekb\u0151l sz\u00e1rmazik-e. Az se mindegy, hogy az \u00fajrahasznos\u00edt\u00f3 ipar k\u00e9pes-e a m\u00e1sodnyersanyagb\u00f3l helyben el\u0151\u00e1ll\u00edtani \u00faj term\u00e9keket vagy kalkul\u00e1lni kell a hullad\u00e9k &#8211; esetleg m\u00e1s kontinensre &#8211; sz\u00e1ll\u00edt\u00e1s\u00e1b\u00f3l ered\u0151 k\u00e1rosanyag-kibocs\u00e1t\u00e1ssal is, melynek \u00f6kol\u00f3giai l\u00e1bnyoma szint\u00e9n jelent\u0151s lehet. <\/span><span style=\"font-weight: 400;\">A m\u0171anyagszennyez\u00e9s \u00e1ltal okozott \u00f3ri\u00e1si probl\u00e9m\u00e1t m\u00e1r az Eur\u00f3pai Uni\u00f3 is felismerte \u00e9s elfogadta az eldobhat\u00f3 m\u0171anyagok visszaszor\u00edt\u00e1s\u00e1t c\u00e9lz\u00f3 uni\u00f3s ir\u00e1nyelvet. Most a tag\u00e1llamokon van a sor, hogy ezt be\u00e9p\u00edts\u00e9k a hazai jogrendj\u00fckbe, \u00e9s v\u00e9grehajts\u00e1k azt. Min\u00e9l hamarabb tudunk \u00e1t\u00e1llni a jelenlegi pazarl\u00f3 gazdas\u00e1gr\u00f3l a k\u00f6rk\u00f6r\u00f6s, a nyersanyag \u00e9s er\u0151forr\u00e1sok szempontj\u00e1b\u00f3l takar\u00e9kosabb megold\u00e1sokra, ann\u00e1l t\u00f6bb tekn\u0151st, tengeri madarat, b\u00e1ln\u00e1t \u00e9s delfint tudunk megmenteni a pusztul\u00e1st\u00f3l. Tov\u00e1bb\u00e1 a saj\u00e1t eg\u00e9szs\u00e9g\u00fcnknek is j\u00f3t tesz\u00fcnk, ha nem mikrom\u0171anyagokkal teli s\u00f3t, halakat \u00e9s \u00e1sv\u00e1nyvizet fogyasztunk. A v\u00e1ltoz\u00e1st elkezdhetj\u00fck egy\u00e9ni szinten is, otthon \u00e9s a munkahely\u00fcnk\u00f6n, de ezzel p\u00e1rhuzamosan tudatosan, egy\u00fctt kell cselekedn\u00fcnk \u00e9s k\u00e9rn\u00fcnk, s\u0151t k\u00f6veteln\u00fcnk a politikai d\u00f6nt\u00e9shoz\u00f3kt\u00f3l a mihamarabbi cselekv\u00e9st egy m\u0171anyagszennyez\u00e9st\u0151l mentes j\u00f6v\u0151 \u00e9rdek\u00e9ben.<\/span><b>A legjobb v\u00e1laszt\u00e1s: a biopamutb\u00f3l k\u00e9sz\u00fclt v\u00e1szont\u00e1ska<\/b><span style=\"font-weight: 400;\">Minden l\u00e9p\u00e9s\u00fcnkkel tehet\u00fcnk a pazarl\u00f3 \u00e9letforma ellen. M\u00e1r azzal is sokkal el\u0151r\u00e9bb vagyunk, ha tart\u00f3s term\u00e9keket haszn\u00e1lunk, csomagol\u00e1smentesen v\u00e1s\u00e1rolunk \u00e9s mindent addig haszn\u00e1lunk, am\u00edg csak lehet. Ezen bel\u00fcl is, a k\u00f6rnyezet sz\u00e1m\u00e1ra mindenk\u00e9ppen a bio alapanyagokb\u00f3l el\u0151\u00e1ll\u00edtott term\u00e9kek a leg\u00e1rtalmatlanabbak. Mi\u00e9rt is?<\/span><\/p>\n<ul>\n<li style=\"font-weight: 400;\"><span style=\"font-weight: 400;\">A biotermel\u00e9s sor\u00e1n nem haszn\u00e1lnak k\u00e1ros vegyszereket, \u00edgy nem szennyez\u0151dik el a talaj.<\/span><\/li>\n<li style=\"font-weight: 400;\"><span style=\"font-weight: 400;\">Az ilyen m\u00f3don m\u0171velt talaj eleve t\u00f6bb sz\u00e9n-dioxidot nyel el, mint a k\u00e1ros vegyszerekkel kezelt term\u0151ter\u00fcletek.<\/span><\/li>\n<li style=\"font-weight: 400;\"><span style=\"font-weight: 400;\">Min\u00e9l t\u00f6bb az eg\u00e9szs\u00e9ges f\u00f6ldter\u00fclet, ann\u00e1l jobban tudjuk meg\u0151rizni a biol\u00f3giai sokf\u00e9les\u00e9get (\u00e9s persze ar\u00e1nyaiban ann\u00e1l kevesebb lesz az elszennyezett ter\u00fclet)<\/span><\/li>\n<\/ul>\n<p>&nbsp;<\/p>\n<p><span style=\"font-weight: 400;\">Egysz\u00f3val, ha fontos sz\u00e1munkra, hogy ne bor\u00edtsuk fel m\u00e9g jobban a term\u00e9szet \u00e1ltal megalkotott eg\u00e9szs\u00e9ges \u00f6kosziszt\u00e9m\u00e1t, akkor minden szempontb\u00f3l a tart\u00f3s, k\u00e1ros anyagokt\u00f3l mentes, k\u00f6rnyezetbar\u00e1t term\u00e9keket v\u00e1lasszuk m\u00e9g akkor is, ha \u201ccsak\u201d egy bev\u00e1s\u00e1rl\u00f3t\u00e1sk\u00e1r\u00f3l van sz\u00f3.<\/span><\/p>\n<p>&nbsp;<\/p>\n<p>&nbsp;<\/p>\n<p>&nbsp;<\/p>\n<p>&nbsp;<\/p>\n<p>&nbsp;<\/p>\n<p>&nbsp;<\/p>\n<p>&nbsp;<\/p>\n<p>&nbsp;<\/p>\n<p>&nbsp;<\/p>\n<p>&nbsp;<\/p>\n<p>&nbsp;<\/p>\n<p>&nbsp;<\/p>\n<p>&nbsp;<\/p>\n<p>&nbsp;<\/p>\n<p>&nbsp;<\/p>\n<p>&nbsp;<\/p>\n<p>&nbsp;<\/p>\n<p>&nbsp;<\/p>\n<p>&nbsp;<\/p>\n<p>&nbsp;<\/p>\n<p>&nbsp;<\/p>\n<p>&nbsp;<\/p>\n<p>&nbsp;<\/p>\n<p>&nbsp;<\/p>\n<p>&nbsp;<\/p>\n<p>&nbsp;<\/p>\n<p>&nbsp;<\/p>\n<p><\/iframe><\/p>\n<h2><b>Mit v\u00e1lasszunk az egyszer haszn\u00e1latos m\u0171anyag szatyor helyett, ha z\u00f6ld megold\u00e1st keres\u00fcnk?<\/b><\/h2>\n<p><span style=\"font-weight: 400;\">Sz\u00e1mos megold\u00e1s l\u00e9tezik az egyszer haszn\u00e1latos m\u0171anyag zacsk\u00f3k kiv\u00e1lt\u00e1s\u00e1ra. Varrhatunk elhaszn\u00e1lt textilb\u0151l saj\u00e1t cekkert, haszn\u00e1lhatunk textil bev\u00e1s\u00e1rl\u00f3t\u00e1sk\u00e1t, \u00e9s tart\u00f3s m\u0171anyagb\u00f3l gy\u00e1rtott szatyrokat. <strong>A l\u00e9nyeg: a tart\u00f3s, hossz\u00fa haszn\u00e1lat, hogy ne gy\u00e1rtsunk hullad\u00e9kot<\/strong>,<strong> \u00e9s ne kelljen \u00faj term\u00e9ket legy\u00e1rtani.<\/strong><\/span><\/p>\n<p><span style=\"font-weight: 400;\">Ha egy orsz\u00e1g vagy v\u00e1llalat az egyszer haszn\u00e1latos csomagol\u00f3eszk\u00f6z\u00f6k, p\u00e9ld\u00e1ul a m\u0171anyag zacsk\u00f3 kiv\u00e1lt\u00e1s\u00e1ban gondolkozik, akkor el\u0151sz\u00f6r \u00e9rdemes hazai \u00e9letciklus-elemz\u00e9st v\u00e9geztetni, valamint a l\u00e9tez\u0151 ilyen kimutat\u00e1sokat alaposan \u00f6sszehasonl\u00edtani, hogy a k\u00f6rnyezet sz\u00e1m\u00e1ra legkedvez\u0151bb megold\u00e1s ker\u00fclj\u00f6n kiv\u00e1laszt\u00e1sra.<\/span><\/p>\n<p><span style=\"font-weight: 400;\">Az\u00e9rt sz\u00fcks\u00e9ges lok\u00e1lis felm\u00e9r\u00e9st v\u00e9gezni, mert jelent\u0151s k\u00fcl\u00f6nbs\u00e9gek ad\u00f3dhatnak a csomagol\u00e1sok \u00e9s term\u00e9kek k\u00fcl\u00f6nb\u00f6z\u0151 orsz\u00e1gokban k\u00e9sz\u00fclt \u00e9letciklus-elemz\u00e9s\u00e9b\u0151l. M\u00edg mondjuk egy skandin\u00e1v orsz\u00e1gban k\u00e9sz\u00fclt elemz\u00e9s abb\u00f3l indul ki, hogy az egyszer haszn\u00e1latos m\u0171anyag szatyor \u00e9let\u00fatj\u00e1nak v\u00e9g\u00e9n \u2013 az esetek t\u00f6bbs\u00e9g\u00e9ben szennyez\u0151 \u00e9s k\u00e1ros \u2013 kommun\u00e1lis hullad\u00e9k\u00e9get\u0151be ker\u00fcl, addig a vil\u00e1g m\u00e1s t\u00e1j\u00e1n v\u00e9gzett kutat\u00e1sn\u00e1l legjobb esetben hullad\u00e9klerak\u00f3n vagy rosszabb esetben a term\u00e9szetben v\u00e9gzi a feleslegess\u00e9 v\u00e1l\u00f3 zacsk\u00f3 <\/span><span style=\"font-weight: 400;\">\u2013<\/span><span style=\"font-weight: 400;\"> gondoljunk csak a tengerpartokat, \u00e1rokpartokat, erd\u0151ket bebor\u00edt\u00f3 m\u0171anyaghullad\u00e9k-hegyekre.<\/span><\/p>\n<div id=\"attachment_4141\" style=\"width: 1209px\" class=\"wp-caption aligncenter\"><img loading=\"lazy\" decoding=\"async\" aria-describedby=\"caption-attachment-4141\" class=\"wp-image-4141 size-full\" src=\"https:\/\/www.greenpeace.org\/static\/planet4-hungary-stateless\/2019\/04\/b235abb5-gp0stq7oo.jpg\" alt=\"Plastic Waste Blown Away from Waste Landfill La Crau in France. \u00a9 Wolf Wichmann\/Greenpeace\" width=\"1199\" height=\"858\" srcset=\"https:\/\/www.greenpeace.org\/static\/planet4-hungary-stateless\/2019\/04\/b235abb5-gp0stq7oo.jpg 1199w, https:\/\/www.greenpeace.org\/static\/planet4-hungary-stateless\/2019\/04\/b235abb5-gp0stq7oo-300x215.jpg 300w, https:\/\/www.greenpeace.org\/static\/planet4-hungary-stateless\/2019\/04\/b235abb5-gp0stq7oo-768x550.jpg 768w, https:\/\/www.greenpeace.org\/static\/planet4-hungary-stateless\/2019\/04\/b235abb5-gp0stq7oo-1024x733.jpg 1024w, https:\/\/www.greenpeace.org\/static\/planet4-hungary-stateless\/2019\/04\/b235abb5-gp0stq7oo-475x340.jpg 475w\" sizes=\"auto, (max-width: 1199px) 100vw, 1199px\" \/><p id=\"caption-attachment-4141\" class=\"wp-caption-text\">A m\u0171anyag darabok megtal\u00e1lhat\u00f3ak a foly\u00f3kban, a csapv\u00edzben \u00e9s a palackozott vizekben is.<\/p><\/div>\n<p><span style=\"font-weight: 400;\">Az \u00fajrahasznos\u00edt\u00e1st illet\u0151en is \u00e9rdemes t\u00f6bb k\u00e9rd\u00e9st feltenn\u00fcnk. Nem mindegy, hogy egy orsz\u00e1gban az energia meg\u00fajul\u00f3- vagy mondjuk sz\u00e9ner\u0151m\u0171vekb\u0151l sz\u00e1rmazik-e. Az se mindegy, hogy az \u00fajrahasznos\u00edt\u00f3 ipar k\u00e9pes-e a m\u00e1sodnyersanyagb\u00f3l helyben el\u0151\u00e1ll\u00edtani \u00faj term\u00e9keket, vagy kalkul\u00e1lni kell a hullad\u00e9k \u2013 esetleg m\u00e1s kontinensre \u2013 sz\u00e1ll\u00edt\u00e1s\u00e1b\u00f3l ered\u0151 k\u00e1rosanyag-kibocs\u00e1t\u00e1ssal is, melynek \u00f6kol\u00f3giai l\u00e1bnyoma szint\u00e9n jelent\u0151s lehet. <\/span><\/p>\n<p><span style=\"font-weight: 400;\">A m\u0171anyagszennyez\u00e9s \u00e1ltal okozott \u00f3ri\u00e1si probl\u00e9m\u00e1t m\u00e1r az Eur\u00f3pai Uni\u00f3 is felismerte, \u00e9s elfogadta az eldobhat\u00f3 m\u0171anyagok visszaszor\u00edt\u00e1s\u00e1t c\u00e9lz\u00f3 uni\u00f3s ir\u00e1nyelvet. Most a tag\u00e1llamokon van a sor, hogy ezt be\u00e9p\u00edts\u00e9k a hazai jogrendj\u00fckbe, \u00e9s v\u00e9grehajts\u00e1k azt. Min\u00e9l hamarabb tudunk \u00e1t\u00e1llni a jelenlegi pazarl\u00f3 gazdas\u00e1gr\u00f3l a k\u00f6rk\u00f6r\u00f6s, a nyersanyag \u00e9s er\u0151forr\u00e1sok szempontj\u00e1b\u00f3l takar\u00e9kosabb megold\u00e1sokra, ann\u00e1l t\u00f6bb tekn\u0151st, tengeri madarat, b\u00e1ln\u00e1t \u00e9s delfint tudunk megmenteni a pusztul\u00e1st\u00f3l. Tov\u00e1bb\u00e1 a saj\u00e1t eg\u00e9szs\u00e9g\u00fcnknek is j\u00f3t tesz\u00fcnk, ha nem mikrom\u0171anyagokkal teli s\u00f3t, halakat \u00e9s \u00e1sv\u00e1nyvizet fogyasztunk. Ez\u00e9rt tehet\u00fcnk egy\u00e9ni szinten is, otthon \u00e9s a munkahely\u00fcnk\u00f6n, de ezzel p\u00e1rhuzamosan tudatosan, egy\u00fctt kell cselekedn\u00fcnk \u00e9s k\u00e9rn\u00fcnk, s\u0151t k\u00f6veteln\u00fcnk a politikai d\u00f6nt\u00e9shoz\u00f3kt\u00f3l a mihamarabbi cselekv\u00e9st egy m\u0171anyagszennyez\u00e9st\u0151l mentes j\u00f6v\u0151 \u00e9rdek\u00e9ben. <\/span><span style=\"font-weight: 400;\">A Greenpeace Magyarorsz\u00e1g ez\u00e9rt ind\u00edtott <\/span><a href=\"https:\/\/act.greenpeace.org\/page\/32605\/petition\/1\"><span style=\"font-weight: 400;\">pet\u00edci\u00f3t<\/span><\/a><span style=\"font-weight: 400;\"> az egyszer haszn\u00e1latos, eldobhat\u00f3 m\u0171anyag szatyrok hazai betilt\u00e1s\u00e1ra. A kezdem\u00e9nyez\u00e9s t\u00e1rsadalmi t\u00e1mogatotts\u00e1ga pillanatok alatt rekordokat d\u00f6nt\u00f6tt: m\u00e1ra m\u00e1r k\u00f6zel 170 ezer ember \u00e1llt ki k\u00f6vetel\u00e9s\u00fcnk mellett.<\/span><\/p>\n<h2><b>A legjobb v\u00e1laszt\u00e1s: a biopamutb\u00f3l k\u00e9sz\u00fclt v\u00e1szont\u00e1ska<\/b><\/h2>\n<div id=\"attachment_4124\" style=\"width: 3178px\" class=\"wp-caption alignnone\"><img loading=\"lazy\" decoding=\"async\" aria-describedby=\"caption-attachment-4124\" class=\"wp-image-4124 size-full\" src=\"https:\/\/www.greenpeace.org\/static\/planet4-hungary-stateless\/2019\/04\/c4bfd0e4-vaszontaska-vs-muanyag-szatyor.jpg\" alt=\"\" width=\"3168\" height=\"3168\" srcset=\"https:\/\/www.greenpeace.org\/static\/planet4-hungary-stateless\/2019\/04\/c4bfd0e4-vaszontaska-vs-muanyag-szatyor.jpg 3168w, https:\/\/www.greenpeace.org\/static\/planet4-hungary-stateless\/2019\/04\/c4bfd0e4-vaszontaska-vs-muanyag-szatyor-150x150.jpg 150w, https:\/\/www.greenpeace.org\/static\/planet4-hungary-stateless\/2019\/04\/c4bfd0e4-vaszontaska-vs-muanyag-szatyor-300x300.jpg 300w, https:\/\/www.greenpeace.org\/static\/planet4-hungary-stateless\/2019\/04\/c4bfd0e4-vaszontaska-vs-muanyag-szatyor-768x768.jpg 768w, https:\/\/www.greenpeace.org\/static\/planet4-hungary-stateless\/2019\/04\/c4bfd0e4-vaszontaska-vs-muanyag-szatyor-1024x1024.jpg 1024w, https:\/\/www.greenpeace.org\/static\/planet4-hungary-stateless\/2019\/04\/c4bfd0e4-vaszontaska-vs-muanyag-szatyor-1366x1366.jpg 1366w, https:\/\/www.greenpeace.org\/static\/planet4-hungary-stateless\/2019\/04\/c4bfd0e4-vaszontaska-vs-muanyag-szatyor-340x340.jpg 340w\" sizes=\"auto, (max-width: 3168px) 100vw, 3168px\" \/><p id=\"caption-attachment-4124\" class=\"wp-caption-text\">Mondjunk nemet az egyszer haszn\u00e1latos m\u0171anyagokra!<\/p><\/div>\n<p><span style=\"font-weight: 400;\">Minden l\u00e9p\u00e9s\u00fcnkkel tehet\u00fcnk a pazarl\u00f3 \u00e9letforma ellen. M\u00e1r azzal is sokkal el\u0151r\u00e9bb vagyunk, ha tart\u00f3s term\u00e9keket haszn\u00e1lunk, csomagol\u00e1smentesen v\u00e1s\u00e1rolunk, \u00e9s mindent addig haszn\u00e1lunk, am\u00edg csak lehet. Ezen bel\u00fcl is, <strong>a k\u00f6rnyezet sz\u00e1m\u00e1ra mindenk\u00e9ppen a bio alapanyagokb\u00f3l el\u0151\u00e1ll\u00edtott term\u00e9kek a leg\u00e1rtalmatlanabbak<\/strong>. Mi\u00e9rt is?<\/span><\/p>\n<ul>\n<li style=\"font-weight: 400;\"><span style=\"font-weight: 400;\">A biotermel\u00e9s sor\u00e1n nem haszn\u00e1lnak k\u00e1ros vegyszereket, \u00edgy nem szennyez\u0151dik el a talaj.<\/span><\/li>\n<li style=\"font-weight: 400;\"><span style=\"font-weight: 400;\">Az ilyen m\u00f3don m\u0171velt talaj eleve t\u00f6bb sz\u00e9n-dioxidot nyel el, mint a k\u00e1ros vegyszerekkel kezelt term\u0151ter\u00fcletek.<\/span><\/li>\n<li style=\"font-weight: 400;\"><span style=\"font-weight: 400;\">Min\u00e9l t\u00f6bb az eg\u00e9szs\u00e9ges f\u00f6ldter\u00fclet, ann\u00e1l jobban tudjuk meg\u0151rizni a biol\u00f3giai sokf\u00e9les\u00e9get (\u00e9s persze ar\u00e1nyaiban ann\u00e1l kevesebb lesz az elszennyezett ter\u00fclet).<\/span><\/li>\n<\/ul>\n<p><span style=\"font-weight: 400;\">Egysz\u00f3val, ha fontos sz\u00e1munkra, hogy ne bor\u00edtsuk fel m\u00e9g jobban a term\u00e9szet \u00e1ltal megalkotott eg\u00e9szs\u00e9ges \u00f6kosziszt\u00e9m\u00e1t, akkor minden szempontb\u00f3l a tart\u00f3s, k\u00e1ros anyagokt\u00f3l mentes, k\u00f6rnyezetbar\u00e1t term\u00e9keket v\u00e1lasszuk m\u00e9g akkor is, ha \u201ecsak\u201d egy bev\u00e1s\u00e1rl\u00f3t\u00e1sk\u00e1r\u00f3l van sz\u00f3.<\/span><\/p>\n<div class=\"EmptyMessage\">Block content is empty. Check the block&#8217;s settings or remove it.<\/div>","protected":false},"excerpt":{"rendered":"<p>Bolyg\u00f3nkat sz\u00f3 szerint maga al\u00e1 temeti a m\u0171anyag hullad\u00e9k. A h\u00edrad\u00e1sokban naponta szembes\u00fcl\u00fcnk az egyszer haszn\u00e1latos m\u0171anyag szem\u00e9t puszt\u00edt\u00f3 hat\u00e1s\u00e1val. Az egyik legnagyobb vesz\u00e9lyt a v\u00e9kony fal\u00fa, eldobhat\u00f3 nejlon szatyor&hellip;<\/p>\n","protected":false},"author":32,"featured_media":4144,"comment_status":"closed","ping_status":"closed","sticky":false,"template":"","format":"standard","meta":{"ep_exclude_from_search":false,"p4_og_title":"","p4_og_description":"","p4_og_image":"","p4_og_image_id":"","p4_seo_canonical_url":"","p4_campaign_name":"","p4_local_project":"","p4_basket_name":"","p4_department":"","footnotes":""},"categories":[4,3,1],"tags":[8,23],"p4-page-type":[40],"class_list":["post-4114","post","type-post","status-publish","format-standard","has-post-thumbnail","hentry","category-ember-tarsadalom","category-termeszet-kornyezet","category-uncategorized","tag-fogyasztas","tag-muanyag","p4-page-type-blog"],"_links":{"self":[{"href":"https:\/\/www.greenpeace.org\/hungary\/wp-json\/wp\/v2\/posts\/4114","targetHints":{"allow":["GET"]}}],"collection":[{"href":"https:\/\/www.greenpeace.org\/hungary\/wp-json\/wp\/v2\/posts"}],"about":[{"href":"https:\/\/www.greenpeace.org\/hungary\/wp-json\/wp\/v2\/types\/post"}],"author":[{"embeddable":true,"href":"https:\/\/www.greenpeace.org\/hungary\/wp-json\/wp\/v2\/users\/32"}],"replies":[{"embeddable":true,"href":"https:\/\/www.greenpeace.org\/hungary\/wp-json\/wp\/v2\/comments?post=4114"}],"version-history":[{"count":20,"href":"https:\/\/www.greenpeace.org\/hungary\/wp-json\/wp\/v2\/posts\/4114\/revisions"}],"predecessor-version":[{"id":8869,"href":"https:\/\/www.greenpeace.org\/hungary\/wp-json\/wp\/v2\/posts\/4114\/revisions\/8869"}],"wp:featuredmedia":[{"embeddable":true,"href":"https:\/\/www.greenpeace.org\/hungary\/wp-json\/wp\/v2\/media\/4144"}],"wp:attachment":[{"href":"https:\/\/www.greenpeace.org\/hungary\/wp-json\/wp\/v2\/media?parent=4114"}],"wp:term":[{"taxonomy":"category","embeddable":true,"href":"https:\/\/www.greenpeace.org\/hungary\/wp-json\/wp\/v2\/categories?post=4114"},{"taxonomy":"post_tag","embeddable":true,"href":"https:\/\/www.greenpeace.org\/hungary\/wp-json\/wp\/v2\/tags?post=4114"},{"taxonomy":"p4-page-type","embeddable":true,"href":"https:\/\/www.greenpeace.org\/hungary\/wp-json\/wp\/v2\/p4-page-type?post=4114"}],"curies":[{"name":"wp","href":"https:\/\/api.w.org\/{rel}","templated":true}]}}