{"id":4309,"date":"2019-05-17T08:45:41","date_gmt":"2019-05-17T06:45:41","guid":{"rendered":"https:\/\/www.greenpeace.org\/hungary\/?p=4309"},"modified":"2019-11-06T09:40:18","modified_gmt":"2019-11-06T08:40:18","slug":"a-greenpeace-magyarorszagnal-betelt-a-pohar-kilep-a-novenyvedelmi-bizottsagbol","status":"publish","type":"post","link":"https:\/\/www.greenpeace.org\/hungary\/sajtokozlemeny\/4309\/a-greenpeace-magyarorszagnal-betelt-a-pohar-kilep-a-novenyvedelmi-bizottsagbol\/","title":{"rendered":"A Greenpeace Magyarorsz\u00e1gn\u00e1l betelt a poh\u00e1r: kil\u00e9p a N\u00f6v\u00e9nyv\u00e9delmi Bizotts\u00e1gb\u00f3l"},"content":{"rendered":"<p><strong>Budapest, 2019. m\u00e1jus 17. \u2013 A Greenpeace Magyarorsz\u00e1g a tov\u00e1bbiakban nem vesz r\u00e9szt az Agr\u00e1rminiszt\u00e9rium N\u00f6v\u00e9nyv\u00e9delmi Bizotts\u00e1g\u00e1ban. A t\u00e1rca \u00e9s a hat\u00f3s\u00e1gok a tudom\u00e1nyos kutat\u00e1si eredm\u00e9nyeket rendre f\u00e9lres\u00f6prik. A d\u00f6nt\u00e9shozatal sor\u00e1n a magyar lakoss\u00e1g eg\u00e9szs\u00e9gv\u00e9delm\u00e9nek, valamint az \u00e9l\u0151vil\u00e1g \u00e9s a term\u0151talaj meg\u0151rz\u00e9s\u00e9nek szempontjait fel\u00fcl\u00edrj\u00e1k a vegyipar, valamint a nagyipari mez\u0151gazadas\u00e1g \u00e9rdekei. A k\u00f6rnyezetv\u00e9d\u0151 szervezet most \u00fagy d\u00f6nt\u00f6tt: ehhez nem k\u00edv\u00e1n assziszt\u00e1lni a tov\u00e1bbiakban, [1] \u00e9rdemi munk\u00e1t szeretne folytatni, de erre a Bizotts\u00e1gban nincs es\u00e9ly.<\/strong><\/p>\n<p><em>\u201eA n\u00f6v\u00e9nyv\u00e9d\u0151 szerekkel kapcsolatos vit\u00e1kban mi mindig a lakoss\u00e1g \u00e9s az \u00e9l\u0151vil\u00e1g, a magyar term\u00e9szet, a talajok v\u00e9delm\u00e9t k\u00e9pviselt\u00fck. Neves nemzetk\u00f6zi szaklapokban megjelent kutat\u00e1si eredm\u00e9nyekkel, szakmai publik\u00e1ci\u00f3kkal t\u00e1masztottuk al\u00e1 \u00e1ll\u00e1spontunkat. [2] Ezeket a hat\u00f3s\u00e1g alig vette figyelembe. Helyett\u00fck az ipari oldal \u00e1ltal elk\u00e9sz\u00edtett j\u00f3slatokat, [3] egyedi megfigyel\u00e9seket id\u00e9ztek hivatkoz\u00e1si alapk\u00e9nt. [4] A hat\u00f3s\u00e1g \u00e9rvel\u00e9se \u00e9s a t\u00e1rca \u00e1ll\u00e1spontja rendre egybeesett a n\u00f6v\u00e9nyv\u00e9d\u0151szer-gy\u00e1rt\u00f3k \u00e9rveivel \u00e9s \u00e9rdekeivel\u201d<\/em> \u2013 nyilatkozta Simon Gergely, a Greenpeace vegyianyag-szak\u00e9rt\u0151je, a N\u00f6v\u00e9nyv\u00e9delmi Bizotts\u00e1g eddigi z\u00f6ld civil deleg\u00e1ltja.<\/p>\n<p>A Greenpeace Magyarorsz\u00e1g k\u00e9pvisel\u0151je nyolc \u00e9ve tagja a N\u00f6v\u00e9nyv\u00e9delmi Bizotts\u00e1gnak. Ez id\u0151 alatt haz\u00e1nk szinte minden fajs\u00falyos, n\u00f6v\u00e9nyv\u00e9d\u0151 szerekkel kapcsolatos vit\u00e1ban (glifoz\u00e1t, neonikotinoidok, l\u00e9gi permetez\u00e9s) a nagyipari mez\u0151gazdas\u00e1gi \u00e9s vegyszergy\u00e1rt\u00f3 lobbicsoportok \u00e1ll\u00e1spontj\u00e1t t\u00e1mogatta. [5] [6] A nagyipari lobbi\u00e9rdekekt\u0151l elt\u00e9r\u0151 szakmai civil \u00e1ll\u00e1spont: a term\u00e9szeti kincseink, az \u00e9l\u0151vil\u00e1g, k\u00fcl\u00f6n\u00f6sen a beporz\u00f3k v\u00e9delme \u00e9s a magyar emberek eg\u00e9szs\u00e9ge jellemz\u0151en nem jelent meg szempontk\u00e9nt a d\u00f6nt\u00e9shozatalban.<\/p>\n<p>A N\u00f6v\u00e9nyv\u00e9delmi Bizotts\u00e1g feladata a n\u00f6v\u00e9nyv\u00e9delemmel kapcsolatos szakmai k\u00e9rd\u00e9sek megt\u00e1rgyal\u00e1sa. [7] Mi\u00f3ta l\u00e9tezik a Bizotts\u00e1g, a z\u00f6ld civil oldalra a K\u00f6rnyezetv\u00e9delmi Orsz\u00e1gos Tal\u00e1lkoz\u00f3 (OT) a Greenpeace Magyarorsz\u00e1g k\u00e9pvisel\u0151j\u00e9t deleg\u00e1lta. A N\u00f6v\u00e9nyv\u00e9delmi Bizotts\u00e1g sz\u00e1mos tagja k\u00e9pviseli a nagyipari mez\u0151gazdas\u00e1g \u00e9s a vegyszergy\u00e1rt\u00f3k \u00e9rdekeit. Az \u00fan. \u201cforg\u00f3ajt\u00f3\u201c m\u00f3dszer \u00e9rv\u00e9nyes\u00fcl, ami azt jelenti, hogy a kor\u00e1bban az \u00e1llamigazgat\u00e1sban vezet\u0151 poz\u00edci\u00f3t bet\u00f6lt\u0151 szem\u00e9lyek most a vegyszergy\u00e1rt\u00f3k \u00e9rdekv\u00e9delmi szervezeteinek vagy a nagyipari mez\u0151gazdas\u00e1g k\u00e9pviselet\u00e9ben vesznek r\u00e9szt a bizotts\u00e1gi munk\u00e1ban. [8] Az \u00f6kol\u00f3giai termel\u0151k szervezetei nem tagjai a Bizotts\u00e1gnak, pedig fontos lenne, hogy a nagyipari vegyszeres mez\u0151gazdas\u00e1g mellett a biotermel\u0151k \u00e9rdekei is megjelenjenek ezen a f\u00f3rumon.<\/p>\n<p>A jogszab\u00e1ly alapj\u00e1n \u00e9vente legal\u00e1bb h\u00e1rom alkalommal k\u00e9ne \u00fcl\u00e9seznie a N\u00f6v\u00e9nyv\u00e9delmi Bizotts\u00e1gnak, az elm\u00falt \u00e9vekben azonban v\u00e9letlenszer\u0171en, ak\u00e1r egy \u00e9ves kihagy\u00e1ssal h\u00edvt\u00e1k csak \u00f6ssze a test\u00fcletet. A z\u00f6ld civil oldal \u00e1ll\u00e1spontjait ezeken az \u00fcl\u00e9seken sem vett\u00e9k figyelembe.<\/p>\n<p>A N\u00f6v\u00e9nyv\u00e9delmi Bizotts\u00e1gban jelenleg zajlik a Nemzeti N\u00f6v\u00e9nyv\u00e9delmi Cselekv\u00e9si Terv fel\u00fclvizsg\u00e1lata. B\u00e1r az Eur\u00f3pai Uni\u00f3 azt v\u00e1rn\u00e1 el a tag\u00e1llamokt\u00f3l, hogy m\u00e9rs\u00e9kelj\u00e9k a mez\u0151gazdas\u00e1gukban a k\u00e1ros vegyszerek haszn\u00e1lat\u00e1t, a magyar Cselekv\u00e9si Terv jelenlegi form\u00e1j\u00e1ban sokkal ink\u00e1bb a vegyszergy\u00e1rt\u00f3 ipar \u00e9rdekeit tartja szem el\u0151tt, mint a lakoss\u00e1g eg\u00e9szs\u00e9gv\u00e9delm\u00e9t. A vegyszerfelhaszn\u00e1l\u00e1s cs\u00f6kkent\u00e9s\u00e9re val\u00f3 t\u00f6rekv\u00e9s sem jelenik meg a sz\u00f6vegben. A z\u00f6ld \u00e1ll\u00e1spont kiz\u00e1r\u00f3lag a Terv helyezet\u00e9rt\u00e9kel\u00e9s\u00e9ben jelenik meg, amely viszont semmilyen k\u00f6telez\u0151 \u00e9rv\u00e9nnyel nem b\u00edr. Mindezt a Greenpeace egy\u00e9rtelm\u0171en kifog\u00e1solta, de javaslatai \u00e9rdemben nem ker\u00fcltek be a Cselekv\u00e9si Tervbe.<\/p>\n<p><em>\u201eMindaddig, am\u00edg a t\u00e1rca \u00e9s a hat\u00f3s\u00e1gok a magyar emberek \u00e9rdekei helyett a vegyipar \u00e9s a nagyipari termel\u0151k \u00e9rdekeit k\u00e9pviselik, \u00e9s nem hagynak ett\u0151l elt\u00e9r\u0151 \u00e1ll\u00e1spontokat \u00e9rv\u00e9nyes\u00fclni a d\u00f6nt\u00e9shozatal folyam\u00e1n, teljesen felesleges tov\u00e1bbi r\u00e9szv\u00e9tel\u00fcnk a N\u00f6v\u00e9nyv\u00e9delmi Bizotts\u00e1g munk\u00e1j\u00e1ban, k\u00fcl\u00f6n\u00f6s tekintettel arra, hogy egy\u00e1ltal\u00e1n nem tudunk azonosulni a Bizotts\u00e1gban hozott d\u00f6nt\u00e9sekkel\u201d<\/em> \u2013 tette hozz\u00e1 a Greenpeace vegyianyag-szak\u00e9rt\u0151je.<\/p>\n<hr \/>\n<p><strong>Jegyzetek:<\/strong><\/p>\n<p>[1] <a href=\"https:\/\/www.greenpeace.org\/static\/planet4-hungary-stateless\/2019\/05\/ceb8de86-gphu_novenyvedelmibizottsag_kilepes_level.pdf\">A Greenpeace Magyarorsz\u00e1g levele a N\u00f6v\u00e9nyv\u00e9delmi Bizotts\u00e1gnak, melyben bejelenti, hogy kil\u00e9p a Bizotts\u00e1gb\u00f3l<\/a>.<\/p>\n<p>[2] P\u00e1r p\u00e9lda: <a href=\"https:\/\/www.greenpeace.org\/hungary\/sajtokozlemeny\/2361\/a-neonikotinoid-novenyvedo-szerek-nemcsak-a-hazi-meheket-hanem-a-vadvilagot-is-veszelyeztetik\/\">https:\/\/www.greenpeace.org\/hungary\/sajtokozlemeny\/2361\/a-neonikotinoid-novenyvedo-szerek-nemcsak-a-hazi-meheket-hanem-a-vadvilagot-is-veszelyeztetik\/<\/a>; <a href=\"https:\/\/www.greenpeace.org\/hungary\/blog\/3693\/rakkelto-gyomirto-a-talajainkban\/\">https:\/\/www.greenpeace.org\/hungary\/blog\/3693\/rakkelto-gyomirto-a-talajainkban\/<\/a><\/p>\n<p>[3] <a href=\"https:\/\/www.greenpeace.org\/hungary\/sajtokozlemeny\/1269\/termesatlagrekordok-mehgyilkos-vegyszerek-hasznalata-nelkul\/\">https:\/\/www.greenpeace.org\/hungary\/sajtokozlemeny\/1269\/termesatlagrekordok-mehgyilkos-vegyszerek-hasznalata-nelkul\/<\/a><\/p>\n<p>[4] <a href=\"https:\/\/darvasbela.atlatszo.hu\/2016\/07\/21\/neonikotinoid-kabulatban-1-legyen-e-beporzas\/\">https:\/\/darvasbela.atlatszo.hu\/2016\/07\/21\/neonikotinoid-kabulatban-1-legyen-e-beporzas\/<\/a><\/p>\n<p>[5] <a href=\"http:\/\/greenfo.hu\/hir\/az-orban-kormany-ellenere-vedelmet-kaptak-a-mehek\/\">http:\/\/greenfo.hu\/hir\/az-orban-kormany-ellenere-vedelmet-kaptak-a-mehek\/<\/a><\/p>\n<p>[6] <a href=\"https:\/\/nepszava.hu\/1146631_maradhat-a-glifozat-magyarorszag-is-megszavazta\">https:\/\/nepszava.hu\/1146631_maradhat-a-glifozat-magyarorszag-is-megszavazta<\/a><\/p>\n<p>[7] A N\u00f6v\u00e9nyv\u00e9delmi Bizotts\u00e1g A 220\/2008. (VIII. 30.) korm\u00e1nyrendelet alapj\u00e1n 2009 szeptember\u00e9ben alakult meg, a jogszab\u00e1ly szerint \u00e9vente legal\u00e1bb 3 alkalommal \u00fcl\u00e9sezik. Tagjait a F\u00f6ldm\u0171vel\u00e9s\u00fcgyi Miniszter nevezi ki 2 \u00e9vre, mely meg\u00faj\u00edthat\u00f3. A Bizotts\u00e1g v\u00e9lem\u00e9nyezi a n\u00f6v\u00e9nyv\u00e9delemmel \u00f6sszef\u00fcgg\u0151 szakmai uni\u00f3s \u00e9s nemzeti jogszab\u00e1lytervezeteket, felk\u00e9r\u00e9sre javaslatot tesz, \u00e1ll\u00e1sfoglal\u00e1st ad n\u00f6v\u00e9nyv\u00e9delemmel kapcsolatos k\u00e9rd\u00e9sekben, kidolgozza \u00e9s elfogadja a N\u00f6v\u00e9nyv\u00e9delmi M\u00f3dszertani Gy\u0171jtem\u00e9ny fejezeteit, valamint kidolgozza a Nemzeti N\u00f6v\u00e9nyv\u00e9delmi Cselekv\u00e9si Tervet.<\/p>\n<p>[8] P\u00e9ldak\u00e9nt: Szalkai G\u00e1bor: <a href=\"https:\/\/www.portfolio.hu\/rendezvenyek\/eloado\/szalkai-gabor\/7943\">https:\/\/www.portfolio.hu\/rendezvenyek\/eloado\/szalkai-gabor\/7943<\/a>;<br \/>\nG\u00f6r\u00f6g R\u00f3bert: <a href=\"https:\/\/elelmiszerlanc.kormany.hu\/download\/9\/88\/71000\/NB%20eml\u00e9keztet\u0151.pdf\">https:\/\/elelmiszerlanc.kormany.hu\/download\/9\/88\/71000\/NB%20eml\u00e9keztet\u0151.pdf<\/a>; <a href=\"https:\/\/www.nak.hu\/tajekoztatasi-szolgaltatas\/mezogazdasagi-termeles\/96069-az-enyhe-ido-kedvez-a-pockoknak\">https:\/\/www.nak.hu\/tajekoztatasi-szolgaltatas\/mezogazdasagi-termeles\/96069-az-enyhe-ido-kedvez-a-pockoknak<\/a><\/p>\n","protected":false},"excerpt":{"rendered":"<p>A Greenpeace Magyarorsz\u00e1g a tov\u00e1bbiakban nem vesz r\u00e9szt az Agr\u00e1rminiszt\u00e9rium N\u00f6v\u00e9nyv\u00e9delmi Bizotts\u00e1g\u00e1ban. A t\u00e1rca \u00e9s a hat\u00f3s\u00e1gok a tudom\u00e1nyos kutat\u00e1si eredm\u00e9nyeket rendre f\u00e9lres\u00f6prik. <\/p>\n","protected":false},"author":25,"featured_media":4313,"comment_status":"closed","ping_status":"closed","sticky":false,"template":"","format":"standard","meta":{"ep_exclude_from_search":false,"p4_og_title":"","p4_og_description":"","p4_og_image":"","p4_og_image_id":"","p4_seo_canonical_url":"","p4_campaign_name":"","p4_local_project":"","p4_basket_name":"","p4_department":"","footnotes":""},"categories":[3],"tags":[24,32,35],"p4-page-type":[37],"class_list":["post-4309","post","type-post","status-publish","format-standard","has-post-thumbnail","hentry","category-termeszet-kornyezet","tag-szennyezes","tag-mehek","tag-okogazdalkodas","p4-page-type-sajtokozlemeny"],"_links":{"self":[{"href":"https:\/\/www.greenpeace.org\/hungary\/wp-json\/wp\/v2\/posts\/4309","targetHints":{"allow":["GET"]}}],"collection":[{"href":"https:\/\/www.greenpeace.org\/hungary\/wp-json\/wp\/v2\/posts"}],"about":[{"href":"https:\/\/www.greenpeace.org\/hungary\/wp-json\/wp\/v2\/types\/post"}],"author":[{"embeddable":true,"href":"https:\/\/www.greenpeace.org\/hungary\/wp-json\/wp\/v2\/users\/25"}],"replies":[{"embeddable":true,"href":"https:\/\/www.greenpeace.org\/hungary\/wp-json\/wp\/v2\/comments?post=4309"}],"version-history":[{"count":3,"href":"https:\/\/www.greenpeace.org\/hungary\/wp-json\/wp\/v2\/posts\/4309\/revisions"}],"predecessor-version":[{"id":4312,"href":"https:\/\/www.greenpeace.org\/hungary\/wp-json\/wp\/v2\/posts\/4309\/revisions\/4312"}],"wp:featuredmedia":[{"embeddable":true,"href":"https:\/\/www.greenpeace.org\/hungary\/wp-json\/wp\/v2\/media\/4313"}],"wp:attachment":[{"href":"https:\/\/www.greenpeace.org\/hungary\/wp-json\/wp\/v2\/media?parent=4309"}],"wp:term":[{"taxonomy":"category","embeddable":true,"href":"https:\/\/www.greenpeace.org\/hungary\/wp-json\/wp\/v2\/categories?post=4309"},{"taxonomy":"post_tag","embeddable":true,"href":"https:\/\/www.greenpeace.org\/hungary\/wp-json\/wp\/v2\/tags?post=4309"},{"taxonomy":"p4-page-type","embeddable":true,"href":"https:\/\/www.greenpeace.org\/hungary\/wp-json\/wp\/v2\/p4-page-type?post=4309"}],"curies":[{"name":"wp","href":"https:\/\/api.w.org\/{rel}","templated":true}]}}