{"id":4418,"date":"2017-02-10T16:38:06","date_gmt":"2017-02-10T15:38:06","guid":{"rendered":"https:\/\/www.greenpeace.org\/hungary\/?p=4418"},"modified":"2021-12-01T13:26:45","modified_gmt":"2021-12-01T12:26:45","slug":"hogyan-lehetne-budapest-az-europa-zold-fovarosa-cim-birtokosa","status":"publish","type":"post","link":"https:\/\/www.greenpeace.org\/hungary\/blog\/4418\/hogyan-lehetne-budapest-az-europa-zold-fovarosa-cim-birtokosa\/","title":{"rendered":"Hogyan lehetne Budapest az Eur\u00f3pa Z\u00f6ld F\u0151v\u00e1rosa c\u00edm birtokosa?"},"content":{"rendered":"<p><strong>A k\u00f6zelm\u00falt h\u00edre, hogy 2017-ben Essen, az egykori n\u00e9met b\u00e1ny\u00e1szv\u00e1ros nyerte el az Eur\u00f3pa Z\u00f6ld F\u0151v\u00e1rosa c\u00edmet. Az Eur\u00f3pai Bizotts\u00e1g \u00e1ltal 2010 \u00f3ta adom\u00e1nyozott c\u00edm egy \u00e9vre sz\u00f3l \u2013 \u00e9s a c\u00edmet elnyer\u0151 v\u00e1ros egy \u00e9vtizeden bel\u00fcl nem p\u00e1ly\u00e1zhat \u00fajra. Magyar v\u00e1ros m\u00e9g soha nem nyerte el ezt a kit\u00fcntet\u00e9st, de \u00e9rdekess\u00e9g, hogy P\u00e9cs felker\u00fclt a 2019-es jel\u00f6ltek k\u00f6z\u00e9, ahol 14 versenyt\u00e1rs\u00e1val kell majd megm\u00e9rk\u0151znie a c\u00edm\u00e9rt.<\/strong><\/p>\n<p><img loading=\"lazy\" decoding=\"async\" class=\"aligncenter size-full wp-image-4419\" src=\"https:\/\/www.greenpeace.org\/static\/planet4-hungary-stateless\/2019\/06\/610a59d4-d8f66a47e7b31811b58b97f4551394bb.jpg\" alt=\"\" width=\"610\" height=\"406\" srcset=\"https:\/\/www.greenpeace.org\/static\/planet4-hungary-stateless\/2019\/06\/610a59d4-d8f66a47e7b31811b58b97f4551394bb.jpg 610w, https:\/\/www.greenpeace.org\/static\/planet4-hungary-stateless\/2019\/06\/610a59d4-d8f66a47e7b31811b58b97f4551394bb-300x200.jpg 300w, https:\/\/www.greenpeace.org\/static\/planet4-hungary-stateless\/2019\/06\/610a59d4-d8f66a47e7b31811b58b97f4551394bb-510x340.jpg 510w\" sizes=\"auto, (max-width: 610px) 100vw, 610px\" \/><br \/>\n<small><em>Essen. Forr\u00e1s: ec.europa.eu\/Ecolounge<\/em><\/small><\/p>\n<p><a id=\"more12244586\" name=\"more12244586\"><\/a><\/p>\n<p>Eur\u00f3pa Z\u00f6ld F\u0151v\u00e1rosa volt eddig Stockholm (Sv\u00e9dorsz\u00e1g), Hamburg (N\u00e9metorsz\u00e1g), Vitoria-Gasteiz (Spanyolorsz\u00e1g, Baszkf\u00f6ld), Nantes (Franciaorsz\u00e1g), Koppenh\u00e1ga (D\u00e1nia), Bristol (Anglia), Ljubljana (Szlov\u00e9nia) \u00e9s Essen (N\u00e9metorsz\u00e1g). A p\u00e1ly\u00e1zat a 100 000 lakos feletti eur\u00f3pai v\u00e1rosoknak nyitott, az ett\u0151l kisebb, 20 000 \u00e9s 100 000 k\u00f6z\u00f6tti lakossz\u00e1m\u00fa v\u00e1rosok a Z\u00f6ld Lev\u00e9l (Green Leaf) kateg\u00f3ri\u00e1ban versenyezhetnek egym\u00e1ssal.<\/p>\n<p><img loading=\"lazy\" decoding=\"async\" class=\"aligncenter size-full wp-image-4420\" src=\"https:\/\/www.greenpeace.org\/static\/planet4-hungary-stateless\/2019\/06\/2b984baf-e1ab3e157c1893b5814026660f80df36.jpg\" alt=\"\" width=\"610\" height=\"406\" srcset=\"https:\/\/www.greenpeace.org\/static\/planet4-hungary-stateless\/2019\/06\/2b984baf-e1ab3e157c1893b5814026660f80df36.jpg 610w, https:\/\/www.greenpeace.org\/static\/planet4-hungary-stateless\/2019\/06\/2b984baf-e1ab3e157c1893b5814026660f80df36-300x200.jpg 300w, https:\/\/www.greenpeace.org\/static\/planet4-hungary-stateless\/2019\/06\/2b984baf-e1ab3e157c1893b5814026660f80df36-510x340.jpg 510w\" sizes=\"auto, (max-width: 610px) 100vw, 610px\" \/><br \/>\n<small><em>Essen foly\u00f3ja, az Emscher. Forr\u00e1s: Flickr\/Ecolounge<br \/>\n<\/em><\/small><\/p>\n<p>A versenyz\u0151 v\u00e1rosoknak 12 k\u00f6rnyezeti jellemz\u0151 (indik\u00e1tor) alakul\u00e1s\u00e1r\u00f3l kell besz\u00e1molnia n\u00e9gy k\u00fcl\u00f6nb\u00f6z\u0151 f\u00e1zisban. A p\u00e1ly\u00e1zatnak teh\u00e1t adatokat kell tartalmaznia a k\u00f6vetkez\u0151kr\u0151l:<\/p>\n<ul>\n<li>kl\u00edmav\u00e1ltoz\u00e1s: m\u00e9rs\u00e9kl\u00e9s \u00e9s alkalmazkod\u00e1s;<\/li>\n<li>helyi k\u00f6zleked\u00e9s;<\/li>\n<li>z\u00f6ld v\u00e1rosi ter\u00fcletek (bele\u00e9rtve a fenntarthat\u00f3 ter\u00fclethaszn\u00e1latot is);<\/li>\n<li>term\u00e9szet \u00e9s biodiverzit\u00e1s;<\/li>\n<li>leveg\u0151min\u0151s\u00e9g;<\/li>\n<li>a zajhelyzet min\u0151s\u00e9ge;<\/li>\n<li>hullad\u00e9kgy\u0171jt\u00e9s \u00e9s -kezel\u00e9s;<\/li>\n<li>v\u00edzgazd\u00e1lkod\u00e1s;<\/li>\n<li>szennyv\u00edzkezel\u00e9s;<\/li>\n<li>\u00f6koinnov\u00e1ci\u00f3k \u00e9s a fenntarthat\u00f3 gazd\u00e1lkod\u00e1sban keletkez\u0151 munkahelyek;<\/li>\n<li>energiagazd\u00e1lkod\u00e1s;<\/li>\n<li>integr\u00e1lt k\u00f6rnyezetgazd\u00e1lkod\u00e1s.<\/li>\n<\/ul>\n<p>A fenti 12 krit\u00e9riumrendszer mindegyik\u00e9ben k\u00fcl\u00f6n-k\u00fcl\u00f6n kell foglalkoznia a p\u00e1ly\u00e1z\u00f3knak<\/p>\n<ul>\n<li>a jelenlegi \u00e1llapottal;<\/li>\n<li>a m\u00e9r\u00e9sekkel igazolhat\u00f3 utols\u00f3 5-10 \u00e9v k\u00f6rnyezeti adataival;<\/li>\n<li>a r\u00f6vid \u00e9s hossz\u00fa t\u00e1v\u00fa j\u00f6v\u0151beli c\u00e9lokkal, \u00e9s annak le\u00edr\u00e1s\u00e1val, hogy azokat milyen l\u00e9p\u00e9seken kereszt\u00fcl tervezik el\u00e9rni;<\/li>\n<li>annak megjel\u00f6l\u00e9s\u00e9vel, hogy mik\u00e9nt dokument\u00e1lj\u00e1k \u00e9s teszik nyilv\u00e1noss\u00e1 a fenti inform\u00e1ci\u00f3kat.<\/li>\n<\/ul>\n<p>Mindezekb\u0151l l\u00e1that\u00f3, hogy<\/p>\n<blockquote><p>Budapestnek a mai \u00e1llapot\u00e1ban nem sok es\u00e9lye lenne Eur\u00f3pa Z\u00f6ld F\u0151v\u00e1ros\u00e1v\u00e1 v\u00e1lni.<\/p><\/blockquote>\n<p>Sokkal t\u00f6bb olyan eur\u00f3pai nagyv\u00e1rost tartunk ma sz\u00e1mon, akik szinte t\u00fclekednek az\u00e9rt, hogy megmutass\u00e1k versenyt\u00e1rsaiknak, lak\u00f3iknak vagy az odal\u00e1togat\u00f3 turist\u00e1knak, milyen hatalmas er\u0151fesz\u00edt\u00e9seket tesznek az\u00e9rt, hogy lak\u00f3helyk\u00e9nt, v\u00e1llalkoz\u00e1si k\u00f6rnyezetk\u00e9nt, turisztikai c\u00e9lpontk\u00e9nt \u0151ket \u00e9s \u00e9ppen \u0151ket v\u00e1lassz\u00e1k az adott c\u00e9lcsoportok. Aki ebben a v\u00e1rosversenyben lemarad, az gazdas\u00e1gilag is lemarad. Nem azt tapasztaljuk, hogy Budapesten ezek fontos szerepet j\u00e1tszan\u00e1nak a v\u00e1rospolitik\u00e1ban.<\/p>\n<p>Hatalmas a lemarad\u00e1s, \u00e9s a rendszerv\u00e1ltoz\u00e1s ut\u00e1ni Budapest ebben ciklusokon \u00e1t\u00edvel\u0151en rosszul teljes\u00edt.<\/p>\n<p><strong>B\u00e1r t\u00f6rt\u00e9nt \u00f3ri\u00e1si el\u0151rel\u00e9p\u00e9s<\/strong>\u00a0a szennyv\u00edztiszt\u00edt\u00e1s ter\u00e9n, aminek k\u00f6vetkezt\u00e9ben lassan visszakapjuk ak\u00e1r f\u00fcrd\u0151v\u00edzk\u00e9nt is a Dun\u00e1t, vagy nagys\u00e1grendekkel n\u0151tt a ker\u00e9kp\u00e1rt v\u00e1laszt\u00f3k sz\u00e1ma, \u00e9s a szelekt\u00edv hullad\u00e9kgy\u0171jt\u00e9sben is hatalmasat fejl\u0151d\u00f6tt a v\u00e1ros;<\/p>\n<blockquote><p>a kl\u00edmav\u00e1ltoz\u00e1shoz nem nagyon alkalmazkodtunk m\u00e9g, a helyi k\u00f6zleked\u00e9sben sokkal nagyobb reformokat kellene v\u00e9ghezvinni az agglomer\u00e1ci\u00f3s k\u00f6zleked\u00e9si sz\u00f6vets\u00e9g, az egys\u00e9ges tarifarendszer ter\u00e9n, \u00e1t kellene \u00e1llni sokkal k\u00f6rnyezetbar\u00e1tabb hibrid vagy elektromos hajt\u00e1s\u00fa buszokra, \u00e9s tov\u00e1bb kellene csillap\u00edtani a belv\u00e1rosi g\u00e9pj\u00e1rm\u0171forgalmat.<\/p><\/blockquote>\n<p>Beruh\u00e1z\u00e1sainknak tiszteletben kellene tartani a megl\u00e9v\u0151 z\u00f6ldfel\u00fcleteinket, \u00e9s lehet\u0151s\u00e9g szerint \u00faj z\u00f6ldter\u00fcleteket kellene fejleszteni. A passz\u00edvh\u00e1z-technol\u00f3gi\u00e1k bevezet\u00e9s\u00e9vel \u00e9s az elektromos \u00e9s hibridhajt\u00e1sra val\u00f3 \u00e1t\u00e1ll\u00e1ssal, az err\u0151l sz\u00f3l\u00f3 \u00f6szt\u00f6nz\u0151kkel kellene jav\u00edtani a zaj- \u00e9s leveg\u0151min\u0151s\u00e9g helyzeten, a szmogriad\u00f3k alkalm\u00e1val pedig a k\u00f6z\u00f6ss\u00e9gi k\u00f6zleked\u00e9s kedvezm\u00e9nyes haszn\u00e1lat\u00e1val kellene \u00f6szt\u00f6n\u00f6zni a lakosokat az \u00e9letm\u00f3dv\u00e1lt\u00e1sra. A k\u00f6zter\u00fcleti \u00f6nt\u00f6z\u00e9sben \u00e9s pormentes\u00edt\u00e9sben jobban lehetne t\u00e1maszkodni a felsz\u00edni vizek \u00e9s a talajvizek \u00f6nt\u00f6z\u00e9si c\u00e9l\u00fa haszn\u00e1lat\u00e1ra, a sz\u00fcrkev\u00edz-gazd\u00e1lkod\u00e1sra.<\/p>\n<p>Ezek a feladatok sokkal hat\u00e9konyabb k\u00f6rnyezetgazd\u00e1lkod\u00e1st ig\u00e9nyeln\u00e9nek a mostanin\u00e1l, de el\u00e9rhet\u0151 c\u00e9lok.<\/p>\n<p><a href=\"http:\/\/greenpeace.hu\/zoldterulet\" target=\"_blank\" rel=\"noopener noreferrer\">A v\u00e1rosi z\u00f6ldfel\u00fcletek v\u00e9delm\u00e9r\u0151l sz\u00f3l\u00f3 ki\u00e1ltv\u00e1nyunk<\/a>\u00a0megalapoz\u00f3 szakmai anyaga egyik-m\u00e1sik l\u00e9p\u00e9st r\u00e9szletesen is t\u00e1rgyalja.\u00a0<strong>Budapest lehet egyszer Eur\u00f3pa Z\u00f6ld F\u0151v\u00e1rosa, ha nagyon szeretn\u00e9. Mindez pedig gazdas\u00e1gi haszonnal, \u00e9s a helyben lak\u00f3k k\u00f6z\u00e9rzet\u00e9nek, eg\u00e9szs\u00e9gi helyzet\u00e9nek javul\u00e1s\u00e1val j\u00e1r.<\/strong><\/p>\n<p>Ez a c\u00edm nem csak egy \u00fcres kit\u00fcntet\u00e9s, hanem komoly er\u0151fesz\u00edt\u00e9sek d\u00edja. Eur\u00f3p\u00e1n bel\u00fcl pedig egyre nagyobb tisztelet \u00e9s megbecs\u00fcl\u00e9s \u00f6vezi azokat a v\u00e1rosokat, akiknek siker\u00fcl e c\u00edmet megszereznie.\u00a0<strong>Szurkoljunk ehhez P\u00e9csnek 2019-ben! Budapest pedig megc\u00e9lozhatn\u00e1 a 2024-es indul\u00e1st.<\/strong>\u00a0Ez lehet olyan f\u0151v\u00e1rosi minimum, amiben egyet\u00e9rt\u00fcnk, mert az eg\u00e9szs\u00e9g\u00fcnk a t\u00e9t. Ehhez pedig el\u0151sz\u00f6r nyerj\u00fck meg a helyi \u00e9s az orsz\u00e1gos politik\u00e1t a v\u00e1rosi z\u00f6ldfel\u00fcletek v\u00e9delm\u00e9ben.\u00a0<a href=\"http:\/\/greenpeace.hu\/zoldterulet\" target=\"_blank\" rel=\"noopener noreferrer\"><strong>Csatlakozz al\u00e1\u00edr\u00e1soddal te is: ez fontos els\u0151 l\u00e9p\u00e9s lehet!<\/strong><\/a><\/p>\n\t\t\t<section\n\t\t\tclass=\"boxout post-3219 \"\n\t\t\t\n\t\t>\n\t\t\t<a\n\t\t\t\tdata-ga-category=\"Take Action Boxout\"\n\t\t\t\tdata-ga-action=\"Image\"\n\t\t\t\tdata-ga-label=\"n\/a\"\n\t\t\t\tclass=\"cover-card-overlay\"\n\t\t\t\thref=\"https:\/\/www.greenpeace.org\/hungary\/cselekedj\/tiszta-levegot\/\" \n\t\t\t><\/a>\n\t\t\t\t\t\t\t<img\n\t\t\t\t\t\tsrc=\"https:\/\/www.greenpeace.org\/static\/planet4-hungary-stateless\/2018\/12\/78595adb-gp0strhwn-1024x683.jpg\"\n\t\t\t\t\t\tsrcset=\"https:\/\/www.greenpeace.org\/static\/planet4-hungary-stateless\/2018\/12\/78595adb-gp0strhwn-300x200.jpg 300w, https:\/\/www.greenpeace.org\/static\/planet4-hungary-stateless\/2018\/12\/78595adb-gp0strhwn-768x512.jpg 768w, https:\/\/www.greenpeace.org\/static\/planet4-hungary-stateless\/2018\/12\/78595adb-gp0strhwn-1024x683.jpg 1024w, https:\/\/www.greenpeace.org\/static\/planet4-hungary-stateless\/2018\/12\/78595adb-gp0strhwn-510x340.jpg 510w, https:\/\/www.greenpeace.org\/static\/planet4-hungary-stateless\/2018\/12\/78595adb-gp0strhwn.jpg 1200w\"\n\t\t\t\t\t\tsizes=\"(min-width: 1000px) 358px, (min-width: 780px) 313px, 88px\"\n\t\t\t\t\t\talt=\"Photomontage for Children and Air Pollution Initiative in Mexico. \u00a9 Aar\u00f3n Borr\u00e1s\" title=\"Photomontage for Children and Air Pollution Initiative in Mexico. \u00a9 Aar\u00f3n Borr\u00e1s\"\n\t\t\t\t\/>\n            \t\t\t<div class=\"boxout-content\">\n\t\t\t\t\t\t\t\t\t<a\n\t\t\t\t\t\tclass=\"boxout-heading medium\"\n\t\t\t\t\t\tdata-ga-category=\"Take Action Boxout\"\n\t\t\t\t\t\tdata-ga-action=\"Title\"\n\t\t\t\t\t\tdata-ga-label=\"n\/a\"\n\t\t\t\t\t\thref=\"https:\/\/www.greenpeace.org\/hungary\/cselekedj\/tiszta-levegot\/\"\n\t\t\t\t\t\t\n\t\t\t\t\t>\n\t\t\t\t\t\tTiszta leveg\u0151t!\n\t\t\t\t\t<\/a>\n\t\t\t\t\t\t\t\t\t\t\t\t\t<p class=\"boxout-excerpt\">\u00c9vente k\u00f6zel 13 ezer magyar ember hal meg a s\u00falyosan szennyezett leveg\u0151 miatt. K\u00f6vetelj\u00fcnk eg\u00e9szs\u00e9g\u00fcnk \u00e9rdek\u00e9ben komoly l\u00e9p\u00e9seket a d\u00f6nt\u00e9shoz\u00f3kt\u00f3l!<\/p>\n\t\t\t\t                                    <a\n                        class=\"btn btn-primary\"\n                        data-ga-category=\"Take Action Boxout\"\n                        data-ga-action=\"Call to Action\"\n                        data-ga-label=\"n\/a\"\n                        href=\"https:\/\/www.greenpeace.org\/hungary\/cselekedj\/tiszta-levegot\/\"\n                        \n                    >\n                        Cselekszem\n                    <\/a>\n                \t\t\t<\/div>\n\t\t\t\t\t<\/section>\n\t","protected":false},"excerpt":{"rendered":"<p>A k\u00f6zelm\u00falt h\u00edre, hogy 2017-ben Essen, az egykori n\u00e9met b\u00e1ny\u00e1szv\u00e1ros nyerte el az Eur\u00f3pa Z\u00f6ld F\u0151v\u00e1rosa c\u00edmet. <\/p>\n","protected":false},"author":27,"featured_media":4419,"comment_status":"closed","ping_status":"closed","sticky":false,"template":"","format":"standard","meta":{"ep_exclude_from_search":false,"p4_og_title":"","p4_og_description":"","p4_og_image":"","p4_og_image_id":"","p4_seo_canonical_url":"","p4_campaign_name":"","p4_local_project":"","p4_basket_name":"","p4_department":"","footnotes":""},"categories":[3],"tags":[6,27,34],"p4-page-type":[40],"class_list":["post-4418","post","type-post","status-publish","format-standard","has-post-thumbnail","hentry","category-termeszet-kornyezet","tag-klimavedelem","tag-zoldterulet","tag-levego","p4-page-type-blog"],"_links":{"self":[{"href":"https:\/\/www.greenpeace.org\/hungary\/wp-json\/wp\/v2\/posts\/4418","targetHints":{"allow":["GET"]}}],"collection":[{"href":"https:\/\/www.greenpeace.org\/hungary\/wp-json\/wp\/v2\/posts"}],"about":[{"href":"https:\/\/www.greenpeace.org\/hungary\/wp-json\/wp\/v2\/types\/post"}],"author":[{"embeddable":true,"href":"https:\/\/www.greenpeace.org\/hungary\/wp-json\/wp\/v2\/users\/27"}],"replies":[{"embeddable":true,"href":"https:\/\/www.greenpeace.org\/hungary\/wp-json\/wp\/v2\/comments?post=4418"}],"version-history":[{"count":6,"href":"https:\/\/www.greenpeace.org\/hungary\/wp-json\/wp\/v2\/posts\/4418\/revisions"}],"predecessor-version":[{"id":8931,"href":"https:\/\/www.greenpeace.org\/hungary\/wp-json\/wp\/v2\/posts\/4418\/revisions\/8931"}],"wp:featuredmedia":[{"embeddable":true,"href":"https:\/\/www.greenpeace.org\/hungary\/wp-json\/wp\/v2\/media\/4419"}],"wp:attachment":[{"href":"https:\/\/www.greenpeace.org\/hungary\/wp-json\/wp\/v2\/media?parent=4418"}],"wp:term":[{"taxonomy":"category","embeddable":true,"href":"https:\/\/www.greenpeace.org\/hungary\/wp-json\/wp\/v2\/categories?post=4418"},{"taxonomy":"post_tag","embeddable":true,"href":"https:\/\/www.greenpeace.org\/hungary\/wp-json\/wp\/v2\/tags?post=4418"},{"taxonomy":"p4-page-type","embeddable":true,"href":"https:\/\/www.greenpeace.org\/hungary\/wp-json\/wp\/v2\/p4-page-type?post=4418"}],"curies":[{"name":"wp","href":"https:\/\/api.w.org\/{rel}","templated":true}]}}